{"id":4106,"date":"2023-09-19T13:46:47","date_gmt":"2023-09-19T11:46:47","guid":{"rendered":"https:\/\/wordpress.nibis.de\/obshilter\/?p=4106"},"modified":"2023-09-19T14:03:33","modified_gmt":"2023-09-19T12:03:33","slug":"die-falsche-wahrheit","status":"publish","type":"post","link":"https:\/\/wordpress.nibis.de\/obshilter\/2023\/09\/19\/die-falsche-wahrheit\/","title":{"rendered":"Die falsche Wahrheit"},"content":{"rendered":"\n<p>Als Beitrag zum Jubil\u00e4umsjahr 375 Jahre Westf\u00e4lischer Frieden hat der Arbeitskreis Kultur des Stiftungsnetzwerks f\u00fcr die Region Osnabr\u00fcck dieses Projekt initiiert und erm\u00f6glicht die Durchf\u00fchrung an 12 Schulen in Stadt und Landkreis Osnabr\u00fcck.<\/p>\n\n\n\n<p>Auch die Oberschule Hilter hatte sich beworben und wurde angenommen.<\/p>\n\n\n\n<p>Das Projekt beinhaltet die Pr\u00e4sentation der Edutainment-Show&nbsp;&#8222;Die falsche Wahrheit&#8220;&nbsp;des Physikers und Wissenschaftsentertainers&nbsp;Felix Homann&nbsp;sowie einen gemeinsam mit dem K\u00fcnstler entwickelten Workshop, der im Anschluss im Klassenverband durchgef\u00fchrt wird.<\/p>\n\n\n\n<p>Kurz nach den Sommerferien wurde am Montag f\u00fcr den gesamten Jahrgang 10 die Show von und mit Felix Homann in der Aula aufgef\u00fchrt.<\/p>\n\n\n\n<p>Mit Hilfe von interaktiven Live-Experimenten wurden Aspekte wie z.B. Best\u00e4tigungsfehler, Autorit\u00e4tsbias, kognitive Dissonanz, Konformit\u00e4tsdruck nicht nur kennengelernt, sondern durch ihre Einbettung in das Showprogramm auch emotional erfahren und erlebt. Immer wieder ertappten sich die Sch\u00fclerInnen dabei, in die gestellten Falle zu laufen.<\/p>\n\n\n\n<p>An den darauffolgenden Tagen hatte jede Klasse einen 6-st\u00fcndigen Workshop mit Theaterp\u00e4dagogen, in dem Erfahrungen vertieft und m\u00f6gliche Reaktionsoptionen erarbeitetet wurden.<\/p>\n\n\n\n<p>Die Sch\u00fclerInnen wurden f\u00fcr die Aufnahme von Informationen sensibilisiert, lernten Techniken zum Umgang mit der eigenen Wahrnehmung und trainierten angemessene Reaktionen auf die Begegnung mit Fake News.<\/p>\n\n\n\n<figure class=\"wp-block-image size-full\"><img loading=\"lazy\" decoding=\"async\" width=\"886\" height=\"665\" src=\"https:\/\/wordpress.nibis.de\/obshilter\/files\/2023\/09\/FW1.jpg\" alt=\"\" class=\"wp-image-4107\" srcset=\"https:\/\/wordpress.nibis.de\/obshilter\/files\/2023\/09\/FW1.jpg 886w, https:\/\/wordpress.nibis.de\/obshilter\/files\/2023\/09\/FW1-768x576.jpg 768w, https:\/\/wordpress.nibis.de\/obshilter\/files\/2023\/09\/FW1-360x270.jpg 360w\" sizes=\"auto, (max-width: 886px) 100vw, 886px\" \/><figcaption>Autorit\u00e4t gaukelt falsche Wahrheit vor (Show am Montag, den 28.8.23)<\/figcaption><\/figure>\n\n\n\n<figure class=\"wp-block-image size-full\"><img loading=\"lazy\" decoding=\"async\" width=\"635\" height=\"476\" src=\"https:\/\/wordpress.nibis.de\/obshilter\/files\/2023\/09\/FW2.jpg\" alt=\"\" class=\"wp-image-4108\" srcset=\"https:\/\/wordpress.nibis.de\/obshilter\/files\/2023\/09\/FW2.jpg 635w, https:\/\/wordpress.nibis.de\/obshilter\/files\/2023\/09\/FW2-360x270.jpg 360w\" sizes=\"auto, (max-width: 635px) 100vw, 635px\" \/><\/figure>\n\n\n\n<figure class=\"wp-block-image size-full\"><img loading=\"lazy\" decoding=\"async\" width=\"635\" height=\"476\" src=\"https:\/\/wordpress.nibis.de\/obshilter\/files\/2023\/09\/FW3.jpg\" alt=\"\" class=\"wp-image-4109\" srcset=\"https:\/\/wordpress.nibis.de\/obshilter\/files\/2023\/09\/FW3.jpg 635w, https:\/\/wordpress.nibis.de\/obshilter\/files\/2023\/09\/FW3-360x270.jpg 360w\" sizes=\"auto, (max-width: 635px) 100vw, 635px\" \/><\/figure>\n","protected":false},"excerpt":{"rendered":"<p>Die Sch\u00fclerInnen wurden f\u00fcr die Aufnahme von Informationen sensibilisiert.<\/p>\n","protected":false},"author":9193215,"featured_media":4121,"comment_status":"closed","ping_status":"closed","sticky":false,"template":"","format":"standard","meta":{"_acf_changed":false,"footnotes":""},"categories":[4],"tags":[],"class_list":["post-4106","post","type-post","status-publish","format-standard","has-post-thumbnail","hentry","category-news-startseite"],"acf":[],"_links":{"self":[{"href":"https:\/\/wordpress.nibis.de\/obshilter\/wp-json\/wp\/v2\/posts\/4106","targetHints":{"allow":["GET"]}}],"collection":[{"href":"https:\/\/wordpress.nibis.de\/obshilter\/wp-json\/wp\/v2\/posts"}],"about":[{"href":"https:\/\/wordpress.nibis.de\/obshilter\/wp-json\/wp\/v2\/types\/post"}],"author":[{"embeddable":true,"href":"https:\/\/wordpress.nibis.de\/obshilter\/wp-json\/wp\/v2\/users\/9193215"}],"replies":[{"embeddable":true,"href":"https:\/\/wordpress.nibis.de\/obshilter\/wp-json\/wp\/v2\/comments?post=4106"}],"version-history":[{"count":3,"href":"https:\/\/wordpress.nibis.de\/obshilter\/wp-json\/wp\/v2\/posts\/4106\/revisions"}],"predecessor-version":[{"id":4133,"href":"https:\/\/wordpress.nibis.de\/obshilter\/wp-json\/wp\/v2\/posts\/4106\/revisions\/4133"}],"wp:featuredmedia":[{"embeddable":true,"href":"https:\/\/wordpress.nibis.de\/obshilter\/wp-json\/wp\/v2\/media\/4121"}],"wp:attachment":[{"href":"https:\/\/wordpress.nibis.de\/obshilter\/wp-json\/wp\/v2\/media?parent=4106"}],"wp:term":[{"taxonomy":"category","embeddable":true,"href":"https:\/\/wordpress.nibis.de\/obshilter\/wp-json\/wp\/v2\/categories?post=4106"},{"taxonomy":"post_tag","embeddable":true,"href":"https:\/\/wordpress.nibis.de\/obshilter\/wp-json\/wp\/v2\/tags?post=4106"}],"curies":[{"name":"wp","href":"https:\/\/api.w.org\/{rel}","templated":true}]}}