{"id":4198,"date":"2023-09-26T14:26:24","date_gmt":"2023-09-26T12:26:24","guid":{"rendered":"https:\/\/wordpress.nibis.de\/obshilter\/?p=4198"},"modified":"2023-09-26T14:27:30","modified_gmt":"2023-09-26T12:27:30","slug":"sportfest-2023","status":"publish","type":"post","link":"https:\/\/wordpress.nibis.de\/obshilter\/2023\/09\/26\/sportfest-2023\/","title":{"rendered":"Sportfest 2023"},"content":{"rendered":"\n\n<p>\u201eZum Gl\u00fcck kein Regen, sonst m\u00fcssen wir noch normalen Unterricht machen\u201c, h\u00f6rte man kurz vor unserem Sportfest \u00f6fter durch die Flure hallen. Und obwohl es die Tage vorher zum Teil anders angesagt war, blieb es zum Gl\u00fcck trocken! So stand einem sportlichen Tag an der Oberschule nichts mehr im Weg!<\/p>\n<p>Am 23.07. fand unser j\u00e4hrliches Sportfest auf den beiden Sportpl\u00e4tzen an der Schulstra\u00dfe statt. Dieses Jahr zwar ohne die Firma Trixitt, aber nicht mit weniger Bewegung. Die Sportlehrkr\u00e4fte haben \u00fcber Wochen geplant, vorbereitet und \u00fcberlegt, wie sie die Sch\u00fcler*innen zu m\u00f6glichst viel Spa\u00df und Bewegung animieren k\u00f6nnen. Dabei heraus kam am Ende ein abwechslungsreicher Sporttag, bei dem die Klassen in einem Fu\u00dfball- und Brennballturnier gegeneinander antraten und ihr sportliches Geschick an verschiedenen Stationen beweisen mussten. Zum Beispiel wurden 30 Meter Sprints durch eine Lichtschranke gestoppt, Kegel mit einem Fu\u00dfball umgeworfen oder Tennisb\u00e4lle m\u00f6glichst genau auf eine gro\u00dfe Zielscheibe am Boden geworfen.<\/p>\n\n\n<figure class=\"wp-block-gallery has-nested-images columns-default is-cropped wp-block-gallery-1 is-layout-flex wp-block-gallery-is-layout-flex\">\n<figure class=\"wp-block-image size-large is-style-default\"><img loading=\"lazy\" decoding=\"async\" width=\"1200\" height=\"675\" data-id=\"4199\" src=\"https:\/\/wordpress.nibis.de\/obshilter\/files\/2023\/09\/Sport003-1200x675.jpg\" alt=\"\" class=\"wp-image-4199\" srcset=\"https:\/\/wordpress.nibis.de\/obshilter\/files\/2023\/09\/Sport003-1200x675.jpg 1200w, https:\/\/wordpress.nibis.de\/obshilter\/files\/2023\/09\/Sport003-850x478.jpg 850w, https:\/\/wordpress.nibis.de\/obshilter\/files\/2023\/09\/Sport003-250x141.jpg 250w\" sizes=\"auto, (max-width: 1200px) 100vw, 1200px\" \/><\/figure>\n\n\n\n<figure class=\"wp-block-image size-large is-style-default\"><img loading=\"lazy\" decoding=\"async\" width=\"1200\" height=\"675\" data-id=\"4207\" src=\"https:\/\/wordpress.nibis.de\/obshilter\/files\/2023\/09\/Sport040-1200x675.jpg\" alt=\"\" class=\"wp-image-4207\" srcset=\"https:\/\/wordpress.nibis.de\/obshilter\/files\/2023\/09\/Sport040-1200x675.jpg 1200w, https:\/\/wordpress.nibis.de\/obshilter\/files\/2023\/09\/Sport040-850x478.jpg 850w, https:\/\/wordpress.nibis.de\/obshilter\/files\/2023\/09\/Sport040-250x141.jpg 250w\" sizes=\"auto, (max-width: 1200px) 100vw, 1200px\" \/><\/figure>\n\n\n\n<figure class=\"wp-block-image size-large is-style-default\"><img decoding=\"async\" data-id=\"4200\" src=\"https:\/\/wordpress.nibis.de\/obshilter\/files\/2023\/09\/Sport020-1200x675.jpg\" alt=\"\" class=\"wp-image-4200\" \/><\/figure>\n\n\n\n<figure class=\"wp-block-image size-large is-style-default\"><img loading=\"lazy\" decoding=\"async\" width=\"1200\" height=\"675\" data-id=\"4201\" src=\"https:\/\/wordpress.nibis.de\/obshilter\/files\/2023\/09\/Sport031-1200x675.jpg\" alt=\"\" class=\"wp-image-4201\" srcset=\"https:\/\/wordpress.nibis.de\/obshilter\/files\/2023\/09\/Sport031-1200x675.jpg 1200w, https:\/\/wordpress.nibis.de\/obshilter\/files\/2023\/09\/Sport031-850x478.jpg 850w, https:\/\/wordpress.nibis.de\/obshilter\/files\/2023\/09\/Sport031-250x141.jpg 250w\" sizes=\"auto, (max-width: 1200px) 100vw, 1200px\" \/><\/figure>\n<\/figure>\n\n\n<p>\u00a0<\/p>\n<p>Zur \u201eHalbzeit\u201c des Sporttages gab es auf dem Schulhof ein gemeinsames Fr\u00fchst\u00fcck, bei dem sich alle f\u00fcr den zweiten Teil st\u00e4rken konnten. Vielen Dank an dieser Stelle f\u00fcr die Organisation an die Elternvertreterinnen Frau Wrubel und Frau Hehmann-Windheuser sowie den Sponsoren der Getr\u00e4nke und Lebensmittel.<\/p>\n<p>Die Stimmung war den ganzen Tag \u00fcber super und auch die Schulsanit\u00e4ter mussten zum Gl\u00fcck nur bei kleineren Blessuren eingreifen. Selbst die gr\u00f6\u00dften Sportmuffel waren der Meinung: \u201eDas ist viel besser als normaler Unterricht.\u201c<\/p>\n\n\n<figure class=\"wp-block-gallery has-nested-images columns-default is-cropped wp-block-gallery-2 is-layout-flex wp-block-gallery-is-layout-flex\">\n<figure class=\"wp-block-image size-large is-style-default\"><img loading=\"lazy\" decoding=\"async\" width=\"1200\" height=\"675\" data-id=\"4203\" src=\"https:\/\/wordpress.nibis.de\/obshilter\/files\/2023\/09\/DSC_0082-1200x675.jpg\" alt=\"\" class=\"wp-image-4203\" srcset=\"https:\/\/wordpress.nibis.de\/obshilter\/files\/2023\/09\/DSC_0082-1200x675.jpg 1200w, https:\/\/wordpress.nibis.de\/obshilter\/files\/2023\/09\/DSC_0082-850x478.jpg 850w, https:\/\/wordpress.nibis.de\/obshilter\/files\/2023\/09\/DSC_0082-250x141.jpg 250w\" sizes=\"auto, (max-width: 1200px) 100vw, 1200px\" \/><\/figure>\n\n\n\n<figure class=\"wp-block-image size-large is-style-default\"><img loading=\"lazy\" decoding=\"async\" width=\"1200\" height=\"675\" data-id=\"4205\" src=\"https:\/\/wordpress.nibis.de\/obshilter\/files\/2023\/09\/Sport013-1200x675.jpg\" alt=\"\" class=\"wp-image-4205\" srcset=\"https:\/\/wordpress.nibis.de\/obshilter\/files\/2023\/09\/Sport013-1200x675.jpg 1200w, https:\/\/wordpress.nibis.de\/obshilter\/files\/2023\/09\/Sport013-850x478.jpg 850w, https:\/\/wordpress.nibis.de\/obshilter\/files\/2023\/09\/Sport013-250x141.jpg 250w\" sizes=\"auto, (max-width: 1200px) 100vw, 1200px\" \/><\/figure>\n\n\n\n<figure class=\"wp-block-image size-large is-style-default\"><img loading=\"lazy\" decoding=\"async\" width=\"1200\" height=\"675\" data-id=\"4204\" src=\"https:\/\/wordpress.nibis.de\/obshilter\/files\/2023\/09\/Sport017-1200x675.jpg\" alt=\"\" class=\"wp-image-4204\" srcset=\"https:\/\/wordpress.nibis.de\/obshilter\/files\/2023\/09\/Sport017-1200x675.jpg 1200w, https:\/\/wordpress.nibis.de\/obshilter\/files\/2023\/09\/Sport017-850x478.jpg 850w, https:\/\/wordpress.nibis.de\/obshilter\/files\/2023\/09\/Sport017-250x141.jpg 250w\" sizes=\"auto, (max-width: 1200px) 100vw, 1200px\" \/><\/figure>\n<\/figure>\n","protected":false},"excerpt":{"rendered":"<p>\u201eZum Gl\u00fcck kein Regen, sonst m\u00fcssen wir noch normalen Unterricht machen\u201c<\/p>\n","protected":false},"author":9192668,"featured_media":4206,"comment_status":"open","ping_status":"open","sticky":false,"template":"","format":"standard","meta":{"_acf_changed":false,"footnotes":""},"categories":[4],"tags":[],"class_list":["post-4198","post","type-post","status-publish","format-standard","has-post-thumbnail","hentry","category-news-startseite"],"acf":[],"_links":{"self":[{"href":"https:\/\/wordpress.nibis.de\/obshilter\/wp-json\/wp\/v2\/posts\/4198","targetHints":{"allow":["GET"]}}],"collection":[{"href":"https:\/\/wordpress.nibis.de\/obshilter\/wp-json\/wp\/v2\/posts"}],"about":[{"href":"https:\/\/wordpress.nibis.de\/obshilter\/wp-json\/wp\/v2\/types\/post"}],"author":[{"embeddable":true,"href":"https:\/\/wordpress.nibis.de\/obshilter\/wp-json\/wp\/v2\/users\/9192668"}],"replies":[{"embeddable":true,"href":"https:\/\/wordpress.nibis.de\/obshilter\/wp-json\/wp\/v2\/comments?post=4198"}],"version-history":[{"count":3,"href":"https:\/\/wordpress.nibis.de\/obshilter\/wp-json\/wp\/v2\/posts\/4198\/revisions"}],"predecessor-version":[{"id":4210,"href":"https:\/\/wordpress.nibis.de\/obshilter\/wp-json\/wp\/v2\/posts\/4198\/revisions\/4210"}],"wp:featuredmedia":[{"embeddable":true,"href":"https:\/\/wordpress.nibis.de\/obshilter\/wp-json\/wp\/v2\/media\/4206"}],"wp:attachment":[{"href":"https:\/\/wordpress.nibis.de\/obshilter\/wp-json\/wp\/v2\/media?parent=4198"}],"wp:term":[{"taxonomy":"category","embeddable":true,"href":"https:\/\/wordpress.nibis.de\/obshilter\/wp-json\/wp\/v2\/categories?post=4198"},{"taxonomy":"post_tag","embeddable":true,"href":"https:\/\/wordpress.nibis.de\/obshilter\/wp-json\/wp\/v2\/tags?post=4198"}],"curies":[{"name":"wp","href":"https:\/\/api.w.org\/{rel}","templated":true}]}}