{"id":4253,"date":"2023-11-07T13:34:28","date_gmt":"2023-11-07T12:34:28","guid":{"rendered":"https:\/\/wordpress.nibis.de\/obshilter\/?p=4253"},"modified":"2024-01-17T17:31:22","modified_gmt":"2024-01-17T16:31:22","slug":"frankreichfahrt-der-oberschule-hilter-nach-bleriot-plage-oktober-2023","status":"publish","type":"post","link":"https:\/\/wordpress.nibis.de\/obshilter\/2023\/11\/07\/frankreichfahrt-der-oberschule-hilter-nach-bleriot-plage-oktober-2023\/","title":{"rendered":"Frankreichfahrt der Oberschule Hilter nach Bl\u00e9riot-Plage (Oktober 2023)"},"content":{"rendered":"\n<p>Am Montag, den 09. Oktober war es so weit: 30 Sch\u00fclerinnen und Sch\u00fcler der Wahlpflichtkurse Franz\u00f6sisch 7 und 8 und der Profilkurse Fran\u00adz\u00f6\u00adsisch 9 und 10 der Oberschule Hilter sind mit der Lehr\u00adamts\u00adanw\u00e4rterin Frau Haselmann, Frau Hin\u00adrichs und Herrn Gering zur Frank\u00adreich\u00adfahrt an die Opalk\u00fcste gestartet. Endlich, nach \u00fcber ei\u00adnem bis sogar vier Jah\u00adren Fran\u00adz\u00f6\u00adsisch\u00adunter\u00adricht, ging es f\u00fcr uns los nach Frank\u00adreich, genau\u00ader nach Bl\u00e9riot-Plage bei Calais.<\/p>\n\n\n\n<p><\/p>\n\n\n\n<figure class=\"wp-block-gallery has-nested-images columns-default is-cropped wp-block-gallery-1 is-layout-flex wp-block-gallery-is-layout-flex\">\n<figure class=\"wp-block-image size-large\"><img loading=\"lazy\" decoding=\"async\" width=\"2048\" height=\"1536\" data-id=\"4256\" src=\"https:\/\/wordpress.nibis.de\/obshilter\/files\/2023\/11\/IMG-20231013-WA0025.jpg\" alt=\"\" class=\"wp-image-4256\" srcset=\"https:\/\/wordpress.nibis.de\/obshilter\/files\/2023\/11\/IMG-20231013-WA0025.jpg 2048w, https:\/\/wordpress.nibis.de\/obshilter\/files\/2023\/11\/IMG-20231013-WA0025-768x576.jpg 768w, https:\/\/wordpress.nibis.de\/obshilter\/files\/2023\/11\/IMG-20231013-WA0025-1536x1152.jpg 1536w, https:\/\/wordpress.nibis.de\/obshilter\/files\/2023\/11\/IMG-20231013-WA0025-360x270.jpg 360w\" sizes=\"auto, (max-width: 2048px) 100vw, 2048px\" \/><\/figure>\n\n\n\n<figure class=\"wp-block-image size-large\"><img loading=\"lazy\" decoding=\"async\" width=\"743\" height=\"557\" data-id=\"4257\" src=\"https:\/\/wordpress.nibis.de\/obshilter\/files\/2023\/11\/dune.jpg\" alt=\"\" class=\"wp-image-4257\" srcset=\"https:\/\/wordpress.nibis.de\/obshilter\/files\/2023\/11\/dune.jpg 743w, https:\/\/wordpress.nibis.de\/obshilter\/files\/2023\/11\/dune-360x270.jpg 360w\" sizes=\"auto, (max-width: 743px) 100vw, 743px\" \/><\/figure>\n<\/figure>\n\n\n\n<p><\/p>\n\n\n\n<p>Nach der etwa achtst\u00fcndigen Fahrt im mo\u00addernen f\u00fcr unsere Gruppe gro\u00dfz\u00fcgig bemes\u00adsenen Reisebus mit einem freundlichen und zum Gl\u00fcck nachsichtigen Busfahrer und nach einem ersten Einkauf im Hypermarch\u00e9 Auchan in Calais, bezog unsere 33-k\u00f6pfige Gruppe die geschmackvollen und gepfleg\u00adten Selbstversorger-Appartments in der traum\u00ad\u00adhaft sch\u00f6n gelegenen Unterkunft VVF-Villages Bl\u00e9riot-Plage un\u00admittelbar an der D\u00fcne.<\/p>\n\n\n\n<p>Der erste Abend diente der neugierigen Orien\u00adtierung vor Ort, dem Aus\u00adpacken, dem Ein\u00ad\u00adrich\u00adten der Gruppen in den Appart\u00adments, ersten gemein\u00adsa\u00ad\u00admen Koch\u00adver\u00adsu\u00adchen, dem ge\u00admein\u00adsa\u00admen Es\u00adsen in den Grup\u00ad\u00adpen und nat\u00fcr\u00adlich einem ersten Auf\u00adent\u00adhalt am ein\u00admalig gro\u00dfen und sch\u00f6\u00ad\u00adnen Sandstrand am Meer di\u00adrekt hin\u00adter der D\u00fc\u00adne.<\/p>\n\n\n\n<p>Am n\u00e4chsten Morgen folgten wir der Einladung unserer Partnerschule Coll\u00e8ge Lucien Vadez in Calais, mit dem unsere Schule seit 2021 durch einen Briefaustausch verbunden ist. P\u00fcnktlich um 08:30 Uhr empfing uns die franz\u00f6sische Deutschlehrerin Madame Poirot-Lano\u00eb schon drau\u00dfen mit ihren Sch\u00fclerinnen und Sch\u00fclern mit einem buntgestalteten \u2764\ufe0f-lich Willkommen. An\u00adschlie\u00ad\u00dfend richtete der Schulleiter im Geb\u00e4ude einige Worte an uns und wir wurden mit einer Brosch\u00fcre \u00fcber Calais, einem Willkommensgetr\u00e4nk, leckerem Kuchen und vom Deutschkurs mit Namens\u00adschildern versorgt. Wir waren froh, uns f\u00fcr den netten Empfang mit Gastgeschenken von unserer Schule und von der Gemeinde Hilter bedanken und die Partnergruppe im Gegenzug auch zu uns nach Hilter einladen zu k\u00f6nnen.<\/p>\n\n\n\n<figure class=\"wp-block-gallery has-nested-images columns-default is-cropped wp-block-gallery-2 is-layout-flex wp-block-gallery-is-layout-flex\">\n<figure class=\"wp-block-image size-large\"><img loading=\"lazy\" decoding=\"async\" width=\"1024\" height=\"768\" data-id=\"4260\" src=\"https:\/\/wordpress.nibis.de\/obshilter\/files\/2023\/11\/IMG-20231012-WA0017.jpg\" alt=\"\" class=\"wp-image-4260\" srcset=\"https:\/\/wordpress.nibis.de\/obshilter\/files\/2023\/11\/IMG-20231012-WA0017.jpg 1024w, https:\/\/wordpress.nibis.de\/obshilter\/files\/2023\/11\/IMG-20231012-WA0017-768x576.jpg 768w, https:\/\/wordpress.nibis.de\/obshilter\/files\/2023\/11\/IMG-20231012-WA0017-360x270.jpg 360w\" sizes=\"auto, (max-width: 1024px) 100vw, 1024px\" \/><\/figure>\n\n\n\n<figure class=\"wp-block-image size-large\"><img loading=\"lazy\" decoding=\"async\" width=\"1024\" height=\"768\" data-id=\"4254\" src=\"https:\/\/wordpress.nibis.de\/obshilter\/files\/2023\/11\/IMG-20231012-WA0012.jpg\" alt=\"\" class=\"wp-image-4254\" srcset=\"https:\/\/wordpress.nibis.de\/obshilter\/files\/2023\/11\/IMG-20231012-WA0012.jpg 1024w, https:\/\/wordpress.nibis.de\/obshilter\/files\/2023\/11\/IMG-20231012-WA0012-768x576.jpg 768w, https:\/\/wordpress.nibis.de\/obshilter\/files\/2023\/11\/IMG-20231012-WA0012-360x270.jpg 360w\" sizes=\"auto, (max-width: 1024px) 100vw, 1024px\" \/><\/figure>\n<\/figure>\n\n\n\n<p><\/p>\n\n\n\n<p>Gemeinsam mit der franz\u00f6sischen Partnergruppe aus 18 Sch\u00fclern, Madame Poirot-Lano\u00eb und einem weiteren franz\u00f6sischen Lehrer fuhren wir dann in unserem Bus, der uns die ganze Woche zur Verf\u00fcgung stand, zum Rathaus von Calais. Schon im Bus mischten sich Franzosen und Deut\u00adsche und es kam zu ersten Gespr\u00e4chen. Im Rathaus wurden wir vom stellvertretenden B\u00fcrger\u00admeister offiziell empfangen und mit Infomaterial, je einem St\u00fcck der ber\u00fchmten Spitze aus Calais und sogar einem kleinen Fr\u00fchst\u00fcck versorgt.<\/p>\n\n\n\n<p>Danach waren wir zur F\u00fchrung durch das prachtvolle histori\u00adsche Rathaus und zur Besichtigung des 75 Meter hohen Belfrieds, der zum UNESCO-Welt\u00adkul\u00adturerbe z\u00e4hlt, eingeladen. Bei so viel Gastfreundschaft waren wir froh, uns auch im Rathaus mit Gastgeschenken von unserer Schule und von der Gemeinde revanchieren zu k\u00f6nnen.<\/p>\n\n\n\n<p>Zur\u00fcck im Coll\u00e8ge Lucien Vadez hatten wir etwas Zeit auf dem Pausenhof, wo wir von vielen Sch\u00fc\u00adlern &#8211; nicht nur denen, die Deutsch lernen &#8211; angesprochen wurden und uns rege mit ihnen aus\u00adtauschten.<\/p>\n\n\n\n<p>Auch zum gemeinsamen Essen in der Kantine waren wir eingeladen. Danach lernten wir uns bei kleinen Kommunikationsspielen im CDI, dem Medienzentrum der Schule, weiter kennen. Zum Schluss nah\u00admen die deut\u00adschen Sch\u00fcler in verschiede\u00adnen F\u00e4chern an einer fran\u00adz\u00f6sischen Un\u00adter\u00adrichtsstunde teil\u00ad, um einen kleinen Eindruck davon zu bekommen, wie Unterricht in Frankreich abl\u00e4uft.<\/p>\n\n\n\n<p>Neben diesen offiziellen Ereignissen ergaben sich viele M\u00f6g\u00adlichkeiten, weitere Kon\u00adtaktdaten unter Franzosen und Deut\u00adschen auszu\u00adtauschen, die von vielen auch rege ge\u00adnutzt wur\u00adden. Der Abschied fiel einigen erkennbar schwer.<\/p>\n\n\n\n<p>Nach einem kurzen Abstecher zum Cap Blanc Nez, einem der atemberaubendsten Aussichtspunkte an der Opalk\u00fcste, traten wir den R\u00fcckweg zu unserer Unterkunft in Bl\u00e9riot-Plage an.<\/p>\n\n\n\n<p>Am Mittwoch starteten wir von der K\u00fcste ins Lan\u00addesinnere nach Arras. Dort gingen wir direkt zum Rathaus an der Place des H\u00e9ros (dem Platz der Helden aus der R\u00e9sistance), wo eine H\u00e4lfte von uns zun\u00e4chst im Rahmen einer spannenden F\u00fchrung mit Schutz\u00adhelmen die \u201aBoves\u2018, ein unterirdisches H\u00f6hlen\u00adsystem, besichtigte. Die andere H\u00e4lfte bestieg zuerst den Bel\u00adfried, von dem aus alle eine tolle Aussicht auf Arras mit seinen malerischen Pl\u00e4tzen und H\u00e4usern und auf den unten gerade stattfindenden Markt hatten.<\/p>\n\n\n\n<p>Danach wurde getauscht. Die \u201aBoves\u2018 sind ein spezielles, 20 km langes, durch Kalk\u00adstein\u00adabbau entstandenes Tunnelsystem aus Stollen und H\u00f6hlen. Aus ihm heraus berei\u00adteten im 1. Weltkrieg 20000 Common\u00adwealth-Soldaten den gr\u00f6\u00dften \u00dcber\u00adra\u00adschungs\u00adangriff des 1.&nbsp;Welt\u00ad\u00adkriegs vor.<\/p>\n\n\n\n<figure class=\"wp-block-gallery has-nested-images columns-default is-cropped wp-block-gallery-3 is-layout-flex wp-block-gallery-is-layout-flex\">\n<figure class=\"wp-block-image size-large\"><img loading=\"lazy\" decoding=\"async\" width=\"1536\" height=\"2048\" data-id=\"4262\" src=\"https:\/\/wordpress.nibis.de\/obshilter\/files\/2023\/11\/IMG-20231013-WA0017.jpg\" alt=\"\" class=\"wp-image-4262\" srcset=\"https:\/\/wordpress.nibis.de\/obshilter\/files\/2023\/11\/IMG-20231013-WA0017.jpg 1536w, https:\/\/wordpress.nibis.de\/obshilter\/files\/2023\/11\/IMG-20231013-WA0017-768x1024.jpg 768w, https:\/\/wordpress.nibis.de\/obshilter\/files\/2023\/11\/IMG-20231013-WA0017-1152x1536.jpg 1152w, https:\/\/wordpress.nibis.de\/obshilter\/files\/2023\/11\/IMG-20231013-WA0017-203x270.jpg 203w\" sizes=\"auto, (max-width: 1536px) 100vw, 1536px\" \/><\/figure>\n\n\n\n<figure class=\"wp-block-image size-large\"><img loading=\"lazy\" decoding=\"async\" width=\"2048\" height=\"1536\" data-id=\"4263\" src=\"https:\/\/wordpress.nibis.de\/obshilter\/files\/2023\/11\/IMG-20231013-WA0016.jpg\" alt=\"\" class=\"wp-image-4263\" srcset=\"https:\/\/wordpress.nibis.de\/obshilter\/files\/2023\/11\/IMG-20231013-WA0016.jpg 2048w, https:\/\/wordpress.nibis.de\/obshilter\/files\/2023\/11\/IMG-20231013-WA0016-768x576.jpg 768w, https:\/\/wordpress.nibis.de\/obshilter\/files\/2023\/11\/IMG-20231013-WA0016-1536x1152.jpg 1536w, https:\/\/wordpress.nibis.de\/obshilter\/files\/2023\/11\/IMG-20231013-WA0016-360x270.jpg 360w\" sizes=\"auto, (max-width: 2048px) 100vw, 2048px\" \/><\/figure>\n<\/figure>\n\n\n\n<p><\/p>\n\n\n\n<p>Zur Mittagszeit trafen wir uns alle wieder vorm Rathaus, auf der Place des H\u00e9ros, wo der Markt stattfand und wir eine Mittags\u00adpause einlegten. Mittlerweile wussten wir, dass jedes der H\u00e4user um uns herum \u00fcber eine Kellertreppe in die riesige Unterwelt der &#8218;Boves&#8216; direkt unter uns ver\u00adf\u00fcgt.<\/p>\n\n\n\n<p>Donnerstagmorgen stand der sehr infor\u00adma\u00adtive und beeindruckende Besuch des in einem Bunker gelegenen Museums des 2. Weltkriegs in Calais mit digitaler F\u00fchrung \u00fcber unsere Handys an.<\/p>\n\n\n\n<p>Von dort aus fuhren wir mit dem Bus weiter in die K\u00fcsten\u00adstadt Boulogne-sur-Mer. Diese besitzt den gr\u00f6\u00dften Fischereihafen Frankreichs und eine auf der r\u00f6mischen Stadtmauer befestigte Ober\u00adstadt mit der Basilika Notre-Dame, dem Bel\u00adfried und dem Schloss. Im Bus h\u00f6rten wir zu den ver\u00ad\u00adschie\u00addenen Sehensw\u00fcrdigkeiten immer wieder informative Minireferate.<\/p>\n\n\n\n<p>Die besonders mu\u00adtigen unter uns pro\u00adbierten auf dem Weg hoch in die Ober\u00adstadt dann auch Krabben, die morgens von den Fi\u00adschern an einen Fischladen verkauft worden waren und wir be\u00adsich\u00adtigten die O\u00adber\u00adstadt mit dem Rathaus und seinem Bel\u00adfried, der Basilika und dem Schloss und machten nach einem kurzen Re\u00adgen\u00adguss noch einen sehr sch\u00f6nen Spaziergang auf der rund um die Oberstadt f\u00fchrenden Stadt\u00adbefestigung. Auf dem R\u00fcckweg hielten wir kurz im Badeort Wimereux mit seiner B\u00e4derarchitektur aus der Belle-Epoque. Hier gingen wir an den Strand und flanierten die Uferpromenade entlang und konnten noch einen letzten Einkauf im Supermarkt t\u00e4tigen.<\/p>\n\n\n\n<p>Das Wetter hat gr\u00f6\u00df\u00adtenteils gut mitgespielt. Kleinen Problemen im Miteinander und in der Haus\u00adhaltsf\u00fchrung konnte mit Ausdauer und Humor begegnet werden und die Gruppe hat sich so gut verstanden, dass abends drau\u00dfen nicht nur zusammen Sport getrieben, sondern sogar gemeinsam ge\u00adsun\u00adgen und getanzt wurde.<\/p>\n\n\n\n<p>Nach einem sehr gelun\u00adgenen Auf\u00adenthalt ging es am Freitagvormittag nach dem Packen auf die zum Gl\u00fcck recht st\u00f6rungsfreie Heim\u00adreise.<\/p>\n\n\n\n<figure class=\"wp-block-gallery has-nested-images columns-default is-cropped wp-block-gallery-4 is-layout-flex wp-block-gallery-is-layout-flex\">\n<figure class=\"wp-block-image size-large\"><img loading=\"lazy\" decoding=\"async\" width=\"1536\" height=\"2048\" data-id=\"4265\" src=\"https:\/\/wordpress.nibis.de\/obshilter\/files\/2023\/11\/IMG-20231013-WA0009.jpg\" alt=\"\" class=\"wp-image-4265\" srcset=\"https:\/\/wordpress.nibis.de\/obshilter\/files\/2023\/11\/IMG-20231013-WA0009.jpg 1536w, https:\/\/wordpress.nibis.de\/obshilter\/files\/2023\/11\/IMG-20231013-WA0009-768x1024.jpg 768w, https:\/\/wordpress.nibis.de\/obshilter\/files\/2023\/11\/IMG-20231013-WA0009-1152x1536.jpg 1152w, https:\/\/wordpress.nibis.de\/obshilter\/files\/2023\/11\/IMG-20231013-WA0009-203x270.jpg 203w\" sizes=\"auto, (max-width: 1536px) 100vw, 1536px\" \/><\/figure>\n<\/figure>\n\n\n\n<p><\/p>\n\n\n\n<div data-wp-interactive=\"core\/file\" class=\"wp-block-file\"><object data-wp-bind--hidden=\"!state.hasPdfPreview\" hidden class=\"wp-block-file__embed\" data=\"https:\/\/wordpress.nibis.de\/obshilter\/files\/2024\/01\/Reisebericht-9-Ergebnis.pdf\" type=\"application\/pdf\" style=\"width:100%;height:600px\" aria-label=\"Einbettung von Einbettung von Reisebericht..\"><\/object><a id=\"wp-block-file--media-80750520-40bb-4ae1-a2b2-a01e735ed132\" href=\"https:\/\/wordpress.nibis.de\/obshilter\/files\/2024\/01\/Reisebericht-9-Ergebnis.pdf\">Reisebericht<\/a><a href=\"https:\/\/wordpress.nibis.de\/obshilter\/files\/2024\/01\/Reisebericht-9-Ergebnis.pdf\" class=\"wp-block-file__button\" download aria-describedby=\"wp-block-file--media-80750520-40bb-4ae1-a2b2-a01e735ed132\">Herunterladen<\/a><\/div>\n\n\n","protected":false},"excerpt":{"rendered":"<p>Am Montag, den 09. Oktober war es so weit: 30 Sch\u00fclerinnen und Sch\u00fcler sind zur Frank\u00adreich\u00adfahrt an die Opalk\u00fcste gestartet<\/p>\n","protected":false},"author":9193215,"featured_media":4254,"comment_status":"closed","ping_status":"closed","sticky":false,"template":"","format":"standard","meta":{"_acf_changed":false,"footnotes":""},"categories":[4],"tags":[],"class_list":["post-4253","post","type-post","status-publish","format-standard","has-post-thumbnail","hentry","category-news-startseite"],"acf":[],"_links":{"self":[{"href":"https:\/\/wordpress.nibis.de\/obshilter\/wp-json\/wp\/v2\/posts\/4253","targetHints":{"allow":["GET"]}}],"collection":[{"href":"https:\/\/wordpress.nibis.de\/obshilter\/wp-json\/wp\/v2\/posts"}],"about":[{"href":"https:\/\/wordpress.nibis.de\/obshilter\/wp-json\/wp\/v2\/types\/post"}],"author":[{"embeddable":true,"href":"https:\/\/wordpress.nibis.de\/obshilter\/wp-json\/wp\/v2\/users\/9193215"}],"replies":[{"embeddable":true,"href":"https:\/\/wordpress.nibis.de\/obshilter\/wp-json\/wp\/v2\/comments?post=4253"}],"version-history":[{"count":8,"href":"https:\/\/wordpress.nibis.de\/obshilter\/wp-json\/wp\/v2\/posts\/4253\/revisions"}],"predecessor-version":[{"id":4493,"href":"https:\/\/wordpress.nibis.de\/obshilter\/wp-json\/wp\/v2\/posts\/4253\/revisions\/4493"}],"wp:featuredmedia":[{"embeddable":true,"href":"https:\/\/wordpress.nibis.de\/obshilter\/wp-json\/wp\/v2\/media\/4254"}],"wp:attachment":[{"href":"https:\/\/wordpress.nibis.de\/obshilter\/wp-json\/wp\/v2\/media?parent=4253"}],"wp:term":[{"taxonomy":"category","embeddable":true,"href":"https:\/\/wordpress.nibis.de\/obshilter\/wp-json\/wp\/v2\/categories?post=4253"},{"taxonomy":"post_tag","embeddable":true,"href":"https:\/\/wordpress.nibis.de\/obshilter\/wp-json\/wp\/v2\/tags?post=4253"}],"curies":[{"name":"wp","href":"https:\/\/api.w.org\/{rel}","templated":true}]}}