{"id":4456,"date":"2024-01-09T14:02:22","date_gmt":"2024-01-09T13:02:22","guid":{"rendered":"https:\/\/wordpress.nibis.de\/obshilter\/?p=4456"},"modified":"2024-01-09T14:05:44","modified_gmt":"2024-01-09T13:05:44","slug":"weihnachtliche-projektwoche","status":"publish","type":"post","link":"https:\/\/wordpress.nibis.de\/obshilter\/2024\/01\/09\/weihnachtliche-projektwoche\/","title":{"rendered":"Weihnachtliche Projektwoche"},"content":{"rendered":"\n<p>Vom 19.12. bis zum 22.12.23 ging es an der Oberschule Hilter etwas wuseliger als sonst zu. Die meisten Sch\u00fcler*innen sind zu diesem Zeitpunkt des Jahres schon so aufgeregt und voller Vorfreude auf die Weihnachtsferien, sodass normaler Unterricht f\u00fcr die Lehrkr\u00e4fte meistens mit viel Arbeit und Geduld verbunden ist.<\/p>\n\n\n\n<p>Deshalb kamen die j\u00e4hrlichen Projekttage allen recht gelegen. An diesen Tagen verfolgten die einzelnen Klassen unterschiedliche Projekte, die gr\u00f6\u00dftenteils einen weihnachtlichen Charakter hatten oder sogar speziell f\u00fcr die Vorbereitung auf die allj\u00e4hrliche Weihnachtsshow genutzt wurden. Es wurde in den verschiedenen Klassen unter anderem im Klassenraum gebastelt und gemalt, in der Schulk\u00fcche gebacken oder im Werkraum an Werkst\u00fccken gearbeitet. Einige Produkte aus den Projekten wurden sogar vor der Weihnachtsshow auf einem kleinen Basar verkauft und verk\u00f6stigt. Der F\u00f6rderverein beteiligte sich mit einer Waffelbackaktion an der Verk\u00f6stigung.<\/p>\n\n\n\n<p>Auch ein weihnachtliches Fr\u00fchst\u00fcck in der Klassengemeinschaft oder das gemeinsame Schauen eines Weihnachtsfilms stand in einigen Gruppen auf dem Programm. Nat\u00fcrlich wurden auch die Programmpunkte der Weihnachtsshow in der Projektwoche ausgiebig geprobt und einge\u00fcbt. Die Profilkurse der 9. und 10. Klassen waren in der Projektwoche zum Teil au\u00dferhalb der Schule unterwegs und besuchten verschiedene Einrichtungen wie zum Beispiel das Seniorenheim \u201eCasinohaus\u201c oder die besch\u00fctzenden Werkst\u00e4tten in Hilter. Einige Gruppen bereiteten im Technikraum kleinere Geschenke vor, die vor der Weihnachtsshow auf dem Adventsbasar verkauft wurden.<\/p>\n\n\n\n<p>So hatte jede Klasse f\u00fcr sich eine sch\u00f6ne gemeinsame Zeit mit etwas Abwechslung im Vergleich zum normalen Schulalltag.<\/p>\n\n\n\n<figure class=\"wp-block-gallery has-nested-images columns-default is-cropped wp-block-gallery-1 is-layout-flex wp-block-gallery-is-layout-flex\">\n<figure class=\"wp-block-image size-large\"><img loading=\"lazy\" decoding=\"async\" width=\"1200\" height=\"675\" data-id=\"4462\" src=\"https:\/\/wordpress.nibis.de\/obshilter\/files\/2024\/01\/WS1-1200x675.jpg\" alt=\"\" class=\"wp-image-4462\" srcset=\"https:\/\/wordpress.nibis.de\/obshilter\/files\/2024\/01\/WS1-1200x675.jpg 1200w, https:\/\/wordpress.nibis.de\/obshilter\/files\/2024\/01\/WS1-850x478.jpg 850w, https:\/\/wordpress.nibis.de\/obshilter\/files\/2024\/01\/WS1-250x141.jpg 250w\" sizes=\"auto, (max-width: 1200px) 100vw, 1200px\" \/><\/figure>\n\n\n\n<figure class=\"wp-block-image size-large\"><img loading=\"lazy\" decoding=\"async\" width=\"1200\" height=\"675\" data-id=\"4466\" src=\"https:\/\/wordpress.nibis.de\/obshilter\/files\/2024\/01\/WS2-1200x675.jpg\" alt=\"\" class=\"wp-image-4466\" srcset=\"https:\/\/wordpress.nibis.de\/obshilter\/files\/2024\/01\/WS2-1200x675.jpg 1200w, https:\/\/wordpress.nibis.de\/obshilter\/files\/2024\/01\/WS2-850x478.jpg 850w, https:\/\/wordpress.nibis.de\/obshilter\/files\/2024\/01\/WS2-250x141.jpg 250w\" sizes=\"auto, (max-width: 1200px) 100vw, 1200px\" \/><\/figure>\n\n\n\n<figure class=\"wp-block-image size-large\"><img loading=\"lazy\" decoding=\"async\" width=\"1200\" height=\"675\" data-id=\"4464\" src=\"https:\/\/wordpress.nibis.de\/obshilter\/files\/2024\/01\/WS3-1200x675.jpg\" alt=\"\" class=\"wp-image-4464\" srcset=\"https:\/\/wordpress.nibis.de\/obshilter\/files\/2024\/01\/WS3-1200x675.jpg 1200w, https:\/\/wordpress.nibis.de\/obshilter\/files\/2024\/01\/WS3-850x478.jpg 850w, https:\/\/wordpress.nibis.de\/obshilter\/files\/2024\/01\/WS3-250x141.jpg 250w\" sizes=\"auto, (max-width: 1200px) 100vw, 1200px\" \/><\/figure>\n\n\n\n<figure class=\"wp-block-image size-large\"><img loading=\"lazy\" decoding=\"async\" width=\"1200\" height=\"675\" data-id=\"4463\" src=\"https:\/\/wordpress.nibis.de\/obshilter\/files\/2024\/01\/WS6-1200x675.jpg\" alt=\"\" class=\"wp-image-4463\" srcset=\"https:\/\/wordpress.nibis.de\/obshilter\/files\/2024\/01\/WS6-1200x675.jpg 1200w, https:\/\/wordpress.nibis.de\/obshilter\/files\/2024\/01\/WS6-850x478.jpg 850w, https:\/\/wordpress.nibis.de\/obshilter\/files\/2024\/01\/WS6-250x141.jpg 250w\" sizes=\"auto, (max-width: 1200px) 100vw, 1200px\" \/><\/figure>\n\n\n\n<figure class=\"wp-block-image size-large\"><img loading=\"lazy\" decoding=\"async\" width=\"1200\" height=\"675\" data-id=\"4465\" src=\"https:\/\/wordpress.nibis.de\/obshilter\/files\/2024\/01\/WS9-1200x675.jpg\" alt=\"\" class=\"wp-image-4465\" srcset=\"https:\/\/wordpress.nibis.de\/obshilter\/files\/2024\/01\/WS9-1200x675.jpg 1200w, https:\/\/wordpress.nibis.de\/obshilter\/files\/2024\/01\/WS9-850x478.jpg 850w, https:\/\/wordpress.nibis.de\/obshilter\/files\/2024\/01\/WS9-250x141.jpg 250w\" sizes=\"auto, (max-width: 1200px) 100vw, 1200px\" \/><\/figure>\n<\/figure>\n\n\n","protected":false},"excerpt":{"rendered":"<p>Vom 19.12. bis zum 22.12.23 ging es an der Oberschule Hilter etwas wuseliger als sonst zu<\/p>\n","protected":false},"author":9193215,"featured_media":4459,"comment_status":"closed","ping_status":"closed","sticky":false,"template":"","format":"standard","meta":{"_acf_changed":false,"footnotes":""},"categories":[4],"tags":[],"class_list":["post-4456","post","type-post","status-publish","format-standard","has-post-thumbnail","hentry","category-news-startseite"],"acf":[],"_links":{"self":[{"href":"https:\/\/wordpress.nibis.de\/obshilter\/wp-json\/wp\/v2\/posts\/4456","targetHints":{"allow":["GET"]}}],"collection":[{"href":"https:\/\/wordpress.nibis.de\/obshilter\/wp-json\/wp\/v2\/posts"}],"about":[{"href":"https:\/\/wordpress.nibis.de\/obshilter\/wp-json\/wp\/v2\/types\/post"}],"author":[{"embeddable":true,"href":"https:\/\/wordpress.nibis.de\/obshilter\/wp-json\/wp\/v2\/users\/9193215"}],"replies":[{"embeddable":true,"href":"https:\/\/wordpress.nibis.de\/obshilter\/wp-json\/wp\/v2\/comments?post=4456"}],"version-history":[{"count":3,"href":"https:\/\/wordpress.nibis.de\/obshilter\/wp-json\/wp\/v2\/posts\/4456\/revisions"}],"predecessor-version":[{"id":4467,"href":"https:\/\/wordpress.nibis.de\/obshilter\/wp-json\/wp\/v2\/posts\/4456\/revisions\/4467"}],"wp:featuredmedia":[{"embeddable":true,"href":"https:\/\/wordpress.nibis.de\/obshilter\/wp-json\/wp\/v2\/media\/4459"}],"wp:attachment":[{"href":"https:\/\/wordpress.nibis.de\/obshilter\/wp-json\/wp\/v2\/media?parent=4456"}],"wp:term":[{"taxonomy":"category","embeddable":true,"href":"https:\/\/wordpress.nibis.de\/obshilter\/wp-json\/wp\/v2\/categories?post=4456"},{"taxonomy":"post_tag","embeddable":true,"href":"https:\/\/wordpress.nibis.de\/obshilter\/wp-json\/wp\/v2\/tags?post=4456"}],"curies":[{"name":"wp","href":"https:\/\/api.w.org\/{rel}","templated":true}]}}