{"id":4559,"date":"2024-02-27T13:20:14","date_gmt":"2024-02-27T12:20:14","guid":{"rendered":"https:\/\/wordpress.nibis.de\/obshilter\/?p=4559"},"modified":"2024-04-02T13:31:57","modified_gmt":"2024-04-02T11:31:57","slug":"skifreizeit-2024-der-oberschule-hilter","status":"publish","type":"post","link":"https:\/\/wordpress.nibis.de\/obshilter\/2024\/02\/27\/skifreizeit-2024-der-oberschule-hilter\/","title":{"rendered":"Skifreizeit 2024 der Oberschule Hilter"},"content":{"rendered":"\n<p>In der Zeit vom 05. bis 09. Februar 2024 ging es f\u00fcr 18 Sch\u00fcler*innen aus dem 7. und 8. Jahrgang der Oberschule Hilter in den Schnee, um genau zu sein nach Kempten ins sch\u00f6ne Allg\u00e4u.<\/p>\n\n\n\n<p>Vom JUFA-Hotel in Kempten aus, ging es f\u00fcr die Skifahrer*innen drei Tage lang in das nahegelegene Oberstdorf zur Nebelhornbahn, um dort das Skifahren zu erlernen oder zu verbessern. Nach drei aufregenden, lehrreichen und sch\u00f6nen Skitagen mit zahlreichen \u00dcbungen, fand am Donnerstag ein spannendes Skirennen statt. Gefahren wurde zweimal ein Slalom-Parcours. Die Schwierigkeit: Es sollte in Form einer Gleichm\u00e4\u00dfigkeitspr\u00fcfung zweimal exakt die gleiche Zeit gefahren werden, egal wie schnell. Diese Challenge konnte Davin f\u00fcr sich gewinnen, der mit seinen Zeiten weniger als eine halbe Sekunde Unterschied hatte.<\/p>\n\n\n\n<p>Auch au\u00dferhalb des Skifahrens hatten alle Teilnehmer*innen der Fahrt eine Menge Spa\u00df. So ging es fast t\u00e4glich noch in das benachbarte Spa\u00dfbad, in dem die Rutschen und der Whirlpool ausgiebig getestet wurden. Ein Kinoabend im hauseigenen Kinosaal und nat\u00fcrlich ein Abschlussabend mit Siegerehrung des Skirennens und Skitaufe, bei dem jede*r seinen eigenen Skinamen erhalten hat, durfte nicht fehlen und sorgte f\u00fcr au\u00dfergew\u00f6hnlich gute Stimmung.<\/p>\n\n\n\n<p>\u201eDie Fahrt war richtig klasse und n\u00e4chstes Jahr will ich wieder mit\u201c, schw\u00e4rmte Robin nach Ankunft am Osnabr\u00fccker Hauptbahnhof seiner Mutter vor. Ersch\u00f6pft, aber begeistert fuhren alle Sch\u00fcler*innen am Freitagabend nach Hause.<\/p>\n\n\n\n<p>Fazit: Es war eine tolle Skiwoche mit viel frischer Luft, tollen Skileistungen und jede Menge Spa\u00df. Eine Wiederholung ist bereits in Planung.<\/p>\n\n\n\n<figure class=\"wp-block-gallery has-nested-images columns-default is-cropped wp-block-gallery-1 is-layout-flex wp-block-gallery-is-layout-flex\">\n<figure class=\"wp-block-image size-large\"><img loading=\"lazy\" decoding=\"async\" width=\"1200\" height=\"675\" data-id=\"4561\" src=\"https:\/\/wordpress.nibis.de\/obshilter\/files\/2024\/02\/IMG_6451-1200x675.jpeg\" alt=\"\" class=\"wp-image-4561\" srcset=\"https:\/\/wordpress.nibis.de\/obshilter\/files\/2024\/02\/IMG_6451-1200x675.jpeg 1200w, https:\/\/wordpress.nibis.de\/obshilter\/files\/2024\/02\/IMG_6451-850x478.jpeg 850w, https:\/\/wordpress.nibis.de\/obshilter\/files\/2024\/02\/IMG_6451-250x141.jpeg 250w\" sizes=\"auto, (max-width: 1200px) 100vw, 1200px\" \/><\/figure>\n\n\n\n<figure class=\"wp-block-image size-large\"><img loading=\"lazy\" decoding=\"async\" width=\"1200\" height=\"675\" data-id=\"4563\" src=\"https:\/\/wordpress.nibis.de\/obshilter\/files\/2024\/02\/IMG_6263-1200x675.jpeg\" alt=\"\" class=\"wp-image-4563\" srcset=\"https:\/\/wordpress.nibis.de\/obshilter\/files\/2024\/02\/IMG_6263-1200x675.jpeg 1200w, https:\/\/wordpress.nibis.de\/obshilter\/files\/2024\/02\/IMG_6263-850x478.jpeg 850w, https:\/\/wordpress.nibis.de\/obshilter\/files\/2024\/02\/IMG_6263-250x141.jpeg 250w\" sizes=\"auto, (max-width: 1200px) 100vw, 1200px\" \/><\/figure>\n\n\n\n<figure class=\"wp-block-image size-large\"><img loading=\"lazy\" decoding=\"async\" width=\"1200\" height=\"675\" data-id=\"4562\" src=\"https:\/\/wordpress.nibis.de\/obshilter\/files\/2024\/02\/BC2B8B9D-2DE1-4A50-8202-C89CF5047802-1200x675.jpeg\" alt=\"\" class=\"wp-image-4562\" srcset=\"https:\/\/wordpress.nibis.de\/obshilter\/files\/2024\/02\/BC2B8B9D-2DE1-4A50-8202-C89CF5047802-1200x675.jpeg 1200w, https:\/\/wordpress.nibis.de\/obshilter\/files\/2024\/02\/BC2B8B9D-2DE1-4A50-8202-C89CF5047802-850x478.jpeg 850w, https:\/\/wordpress.nibis.de\/obshilter\/files\/2024\/02\/BC2B8B9D-2DE1-4A50-8202-C89CF5047802-250x141.jpeg 250w\" sizes=\"auto, (max-width: 1200px) 100vw, 1200px\" \/><\/figure>\n<\/figure>\n","protected":false},"excerpt":{"rendered":"<p>In der Zeit vom 05. bis 09. Februar 2024 ging es f\u00fcr 18 Sch\u00fcler*innen aus dem 7. und 8. Jahrgang der Oberschule Hilter in den Schnee.<\/p>\n","protected":false},"author":9192668,"featured_media":4560,"comment_status":"closed","ping_status":"closed","sticky":false,"template":"","format":"standard","meta":{"_acf_changed":false,"footnotes":""},"categories":[4],"tags":[],"class_list":["post-4559","post","type-post","status-publish","format-standard","has-post-thumbnail","hentry","category-news-startseite"],"acf":[],"_links":{"self":[{"href":"https:\/\/wordpress.nibis.de\/obshilter\/wp-json\/wp\/v2\/posts\/4559","targetHints":{"allow":["GET"]}}],"collection":[{"href":"https:\/\/wordpress.nibis.de\/obshilter\/wp-json\/wp\/v2\/posts"}],"about":[{"href":"https:\/\/wordpress.nibis.de\/obshilter\/wp-json\/wp\/v2\/types\/post"}],"author":[{"embeddable":true,"href":"https:\/\/wordpress.nibis.de\/obshilter\/wp-json\/wp\/v2\/users\/9192668"}],"replies":[{"embeddable":true,"href":"https:\/\/wordpress.nibis.de\/obshilter\/wp-json\/wp\/v2\/comments?post=4559"}],"version-history":[{"count":2,"href":"https:\/\/wordpress.nibis.de\/obshilter\/wp-json\/wp\/v2\/posts\/4559\/revisions"}],"predecessor-version":[{"id":4650,"href":"https:\/\/wordpress.nibis.de\/obshilter\/wp-json\/wp\/v2\/posts\/4559\/revisions\/4650"}],"wp:featuredmedia":[{"embeddable":true,"href":"https:\/\/wordpress.nibis.de\/obshilter\/wp-json\/wp\/v2\/media\/4560"}],"wp:attachment":[{"href":"https:\/\/wordpress.nibis.de\/obshilter\/wp-json\/wp\/v2\/media?parent=4559"}],"wp:term":[{"taxonomy":"category","embeddable":true,"href":"https:\/\/wordpress.nibis.de\/obshilter\/wp-json\/wp\/v2\/categories?post=4559"},{"taxonomy":"post_tag","embeddable":true,"href":"https:\/\/wordpress.nibis.de\/obshilter\/wp-json\/wp\/v2\/tags?post=4559"}],"curies":[{"name":"wp","href":"https:\/\/api.w.org\/{rel}","templated":true}]}}