{"id":4568,"date":"2024-03-12T14:10:20","date_gmt":"2024-03-12T13:10:20","guid":{"rendered":"https:\/\/wordpress.nibis.de\/obshilter\/?p=4568"},"modified":"2024-03-12T14:10:22","modified_gmt":"2024-03-12T13:10:22","slug":"tag-der-offenen-tuer-2024-vielfalt-an-der-oberschule","status":"publish","type":"post","link":"https:\/\/wordpress.nibis.de\/obshilter\/2024\/03\/12\/tag-der-offenen-tuer-2024-vielfalt-an-der-oberschule\/","title":{"rendered":"Tag der offenen T\u00fcr 2024 \u2013 \u201eVielfalt an der Oberschule\u201c"},"content":{"rendered":"\n<p>Am 23.02.2024 fand bei uns an der Oberschule der j\u00e4hrliche Tag der offenen T\u00fcr statt. Von 15.30 Uhr \u2013 18 Uhr konnten alle Interessierten unsere Schule kennenlernen und sich einen Eindruck von den R\u00e4umlichkeiten machen.<\/p>\n\n\n\n<p>Zuvor haben alle Klassen an zwei Projekttagen zum Motto \u201eVielfalt\u201c oder an verschiedenen kleinen Projekten f\u00fcr diesen Tag gearbeitet und dadurch einen sch\u00f6nen Rahmen f\u00fcr alle Besucher*innen geschaffen.<\/p>\n\n\n\n<p>Die potenziell zuk\u00fcnftigen Sch\u00fcler*innen der f\u00fcnften Klassen konnten sich mit ihren Eltern in der Schule umschauen und in einige F\u00e4cher hineinschnuppern. Im Biologieraum beispielsweise wurde mikroskopiert, das Fach Kunst stellte die sch\u00f6nsten Werke der Sch\u00fcler*innen unserer Schule aus, als Beispiel aus dem Sportunterricht konnte ein Hindernisparcour in der Aula bezwungen werden und auch das Fach Franz\u00f6sisch hat sich pr\u00e4sentiert und nebenbei noch Crepes gebacken.<\/p>\n\n\n\n<figure class=\"wp-block-gallery has-nested-images columns-default is-cropped wp-block-gallery-1 is-layout-flex wp-block-gallery-is-layout-flex\">\n<figure class=\"wp-block-image size-large is-style-default\"><img loading=\"lazy\" decoding=\"async\" width=\"1200\" height=\"675\" data-id=\"4575\" src=\"https:\/\/wordpress.nibis.de\/obshilter\/files\/2024\/03\/Tag-d-o-Tuer-18-1200x675.jpg\" alt=\"\" class=\"wp-image-4575\" srcset=\"https:\/\/wordpress.nibis.de\/obshilter\/files\/2024\/03\/Tag-d-o-Tuer-18-1200x675.jpg 1200w, https:\/\/wordpress.nibis.de\/obshilter\/files\/2024\/03\/Tag-d-o-Tuer-18-850x478.jpg 850w, https:\/\/wordpress.nibis.de\/obshilter\/files\/2024\/03\/Tag-d-o-Tuer-18-250x141.jpg 250w\" sizes=\"auto, (max-width: 1200px) 100vw, 1200px\" \/><\/figure>\n\n\n\n<figure class=\"wp-block-image size-large is-style-default\"><img loading=\"lazy\" decoding=\"async\" width=\"1200\" height=\"675\" data-id=\"4576\" src=\"https:\/\/wordpress.nibis.de\/obshilter\/files\/2024\/03\/Tag-d-o-Tuer-23-1200x675.jpg\" alt=\"\" class=\"wp-image-4576\" srcset=\"https:\/\/wordpress.nibis.de\/obshilter\/files\/2024\/03\/Tag-d-o-Tuer-23-1200x675.jpg 1200w, https:\/\/wordpress.nibis.de\/obshilter\/files\/2024\/03\/Tag-d-o-Tuer-23-850x478.jpg 850w, https:\/\/wordpress.nibis.de\/obshilter\/files\/2024\/03\/Tag-d-o-Tuer-23-250x141.jpg 250w\" sizes=\"auto, (max-width: 1200px) 100vw, 1200px\" \/><\/figure>\n<\/figure>\n\n\n\n<p>Neben den Leckereien der Franzosen konnten sich alle zwischendurch noch in unserer Cafeteria st\u00e4rken und sich dort einen Kaffee, ein St\u00fcck Kuchen oder etwas Herzhafteres schmecken lassen. In der Schulk\u00fcche wurden sogar kleine Pizzen zum Verkauf angeboten und der F\u00f6rderverein sorgte f\u00fcr leckere Waffeln.<\/p>\n\n\n\n<p>Zudem stand auch die immer weiter zunehmende Digitalisierung im Fokus vom Tag der offenen T\u00fcr. So war es zum Beispiel m\u00f6glich, die Schule auch digital in \u201eMinecraft Education\u201c zu erkunden, eine QR-Code Rally durch die Schule zu machen oder ein Quiz auf iPads zu l\u00f6sen.<\/p>\n\n\n\n<p>Au\u00dferdem konnte man Fotos und Videos von unseren Fahrten nach Malta, zum Sch\u00fcleraustausch nach Frankreich und der vor kurzem durchgef\u00fchrten Skifreizeit bewundern. Wem das noch nicht genug war, der dufte sich noch auf ein Theaterst\u00fcck in der Aula von unserer \u201eTheater AG\u201c in Jahrgang 6 unter der Leitung von Frau Kuper freuen.<\/p>\n\n\n\n<p><\/p>\n\n\n\n<p>Insgesamt war es ein sch\u00f6ner Tag der offenen T\u00fcr, bei dem sich neben vielen Interessierten Sch\u00fcler*innen und Eltern auch einige ehemalige Sch\u00fcler*innen blicken lie\u00dfen.<\/p>\n\n\n\n<p>Wir bedanken uns ganz herzlich bei allen Helfern, die zum Gelingen beigetragen haben \ud83d\ude42<\/p>\n\n\n\n<p><\/p>\n\n\n\n<figure class=\"wp-block-gallery has-nested-images columns-default is-cropped wp-block-gallery-2 is-layout-flex wp-block-gallery-is-layout-flex\">\n<figure class=\"wp-block-image size-large is-style-default\"><img loading=\"lazy\" decoding=\"async\" width=\"1200\" height=\"675\" data-id=\"4571\" src=\"https:\/\/wordpress.nibis.de\/obshilter\/files\/2024\/03\/Tag-d-o-Tuer-09-1200x675.jpg\" alt=\"\" class=\"wp-image-4571\" srcset=\"https:\/\/wordpress.nibis.de\/obshilter\/files\/2024\/03\/Tag-d-o-Tuer-09-1200x675.jpg 1200w, https:\/\/wordpress.nibis.de\/obshilter\/files\/2024\/03\/Tag-d-o-Tuer-09-850x478.jpg 850w, https:\/\/wordpress.nibis.de\/obshilter\/files\/2024\/03\/Tag-d-o-Tuer-09-250x141.jpg 250w\" sizes=\"auto, (max-width: 1200px) 100vw, 1200px\" \/><\/figure>\n\n\n\n<figure class=\"wp-block-image size-large is-style-default\"><img loading=\"lazy\" decoding=\"async\" width=\"1200\" height=\"675\" data-id=\"4572\" src=\"https:\/\/wordpress.nibis.de\/obshilter\/files\/2024\/03\/Tag-d-o-Tuer-10-1200x675.jpg\" alt=\"\" class=\"wp-image-4572\" srcset=\"https:\/\/wordpress.nibis.de\/obshilter\/files\/2024\/03\/Tag-d-o-Tuer-10-1200x675.jpg 1200w, https:\/\/wordpress.nibis.de\/obshilter\/files\/2024\/03\/Tag-d-o-Tuer-10-850x478.jpg 850w, https:\/\/wordpress.nibis.de\/obshilter\/files\/2024\/03\/Tag-d-o-Tuer-10-250x141.jpg 250w\" sizes=\"auto, (max-width: 1200px) 100vw, 1200px\" \/><\/figure>\n\n\n\n<figure class=\"wp-block-image size-large is-style-default\"><img loading=\"lazy\" decoding=\"async\" width=\"1200\" height=\"675\" data-id=\"4574\" src=\"https:\/\/wordpress.nibis.de\/obshilter\/files\/2024\/03\/Tag-d-o-Tuer-12-1200x675.jpg\" alt=\"\" class=\"wp-image-4574\" srcset=\"https:\/\/wordpress.nibis.de\/obshilter\/files\/2024\/03\/Tag-d-o-Tuer-12-1200x675.jpg 1200w, https:\/\/wordpress.nibis.de\/obshilter\/files\/2024\/03\/Tag-d-o-Tuer-12-850x478.jpg 850w, https:\/\/wordpress.nibis.de\/obshilter\/files\/2024\/03\/Tag-d-o-Tuer-12-250x141.jpg 250w\" sizes=\"auto, (max-width: 1200px) 100vw, 1200px\" \/><\/figure>\n\n\n\n<figure class=\"wp-block-image size-large is-style-default\"><img loading=\"lazy\" decoding=\"async\" width=\"1200\" height=\"675\" data-id=\"4573\" src=\"https:\/\/wordpress.nibis.de\/obshilter\/files\/2024\/03\/Tag-d-o-Tuer-16-1200x675.jpg\" alt=\"\" class=\"wp-image-4573\" srcset=\"https:\/\/wordpress.nibis.de\/obshilter\/files\/2024\/03\/Tag-d-o-Tuer-16-1200x675.jpg 1200w, https:\/\/wordpress.nibis.de\/obshilter\/files\/2024\/03\/Tag-d-o-Tuer-16-850x478.jpg 850w, https:\/\/wordpress.nibis.de\/obshilter\/files\/2024\/03\/Tag-d-o-Tuer-16-250x141.jpg 250w\" sizes=\"auto, (max-width: 1200px) 100vw, 1200px\" \/><\/figure>\n<\/figure>\n","protected":false},"excerpt":{"rendered":"<p>Am 23.02.2024 fand bei uns an der Oberschule der j\u00e4hrliche Tag der offenen T\u00fcr statt.<\/p>\n","protected":false},"author":9192668,"featured_media":4570,"comment_status":"closed","ping_status":"closed","sticky":false,"template":"","format":"standard","meta":{"_acf_changed":false,"footnotes":""},"categories":[4],"tags":[],"class_list":["post-4568","post","type-post","status-publish","format-standard","has-post-thumbnail","hentry","category-news-startseite"],"acf":[],"_links":{"self":[{"href":"https:\/\/wordpress.nibis.de\/obshilter\/wp-json\/wp\/v2\/posts\/4568","targetHints":{"allow":["GET"]}}],"collection":[{"href":"https:\/\/wordpress.nibis.de\/obshilter\/wp-json\/wp\/v2\/posts"}],"about":[{"href":"https:\/\/wordpress.nibis.de\/obshilter\/wp-json\/wp\/v2\/types\/post"}],"author":[{"embeddable":true,"href":"https:\/\/wordpress.nibis.de\/obshilter\/wp-json\/wp\/v2\/users\/9192668"}],"replies":[{"embeddable":true,"href":"https:\/\/wordpress.nibis.de\/obshilter\/wp-json\/wp\/v2\/comments?post=4568"}],"version-history":[{"count":1,"href":"https:\/\/wordpress.nibis.de\/obshilter\/wp-json\/wp\/v2\/posts\/4568\/revisions"}],"predecessor-version":[{"id":4577,"href":"https:\/\/wordpress.nibis.de\/obshilter\/wp-json\/wp\/v2\/posts\/4568\/revisions\/4577"}],"wp:featuredmedia":[{"embeddable":true,"href":"https:\/\/wordpress.nibis.de\/obshilter\/wp-json\/wp\/v2\/media\/4570"}],"wp:attachment":[{"href":"https:\/\/wordpress.nibis.de\/obshilter\/wp-json\/wp\/v2\/media?parent=4568"}],"wp:term":[{"taxonomy":"category","embeddable":true,"href":"https:\/\/wordpress.nibis.de\/obshilter\/wp-json\/wp\/v2\/categories?post=4568"},{"taxonomy":"post_tag","embeddable":true,"href":"https:\/\/wordpress.nibis.de\/obshilter\/wp-json\/wp\/v2\/tags?post=4568"}],"curies":[{"name":"wp","href":"https:\/\/api.w.org\/{rel}","templated":true}]}}