{"id":4763,"date":"2024-04-30T13:40:46","date_gmt":"2024-04-30T11:40:46","guid":{"rendered":"https:\/\/wordpress.nibis.de\/obshilter\/?p=4763"},"modified":"2024-04-30T13:49:19","modified_gmt":"2024-04-30T11:49:19","slug":"esens-2024-klassenfahrt-an-die-nordsee","status":"publish","type":"post","link":"https:\/\/wordpress.nibis.de\/obshilter\/2024\/04\/30\/esens-2024-klassenfahrt-an-die-nordsee\/","title":{"rendered":"Esens 2024 \u2013 Klassenfahrt an die Nordsee"},"content":{"rendered":"\n<p>Mittwochmorgen, am 24. April, ging es f\u00fcr die 7. Klassen p\u00fcnktlich wie abgemacht um 8:45 Uhr mit dem Bus Richtung Esens los. W\u00e4hrend es den Gro\u00dfteil der Busfahrt \u00fcberwiegend leise im Bus war (was an der medialen Besch\u00e4ftigung der Sch\u00fclerinnen liegen konnte), stieg die Aufregung und Lautst\u00e4rke im Bus, je n\u00e4her wir dem Ziel kamen. Vor Ort wurden wir freundlich begr\u00fc\u00dft, die Zimmer konnten direkt bezogen und die Jugendherberge mit ihren M\u00f6glichkeiten besichtigt werden. <\/p>\n\n\n\n<figure class=\"wp-block-image size-large\"><img loading=\"lazy\" decoding=\"async\" width=\"1200\" height=\"675\" src=\"https:\/\/wordpress.nibis.de\/obshilter\/files\/2024\/04\/IMG_1881-1200x675.jpg\" alt=\"\" class=\"wp-image-4764\" srcset=\"https:\/\/wordpress.nibis.de\/obshilter\/files\/2024\/04\/IMG_1881-1200x675.jpg 1200w, https:\/\/wordpress.nibis.de\/obshilter\/files\/2024\/04\/IMG_1881-850x478.jpg 850w, https:\/\/wordpress.nibis.de\/obshilter\/files\/2024\/04\/IMG_1881-250x141.jpg 250w\" sizes=\"auto, (max-width: 1200px) 100vw, 1200px\" \/><\/figure>\n\n\n\n<p>Um 14:00 Uhr starteten wir unseren gem\u00fctlichen Fu\u00dfweg von Esens nach Bensersiel. Die kurzzeitig am Himmelsgrau aufkommende Sonne hob die Laune der Wanderv\u00f6gel merklich. Doch zu fr\u00fch gefreut: Ebenso schnell wurden wir von einem Regenschauer \u00fcberrascht und schafften es nicht mehr ganz trocken unter eine Br\u00fccke, um ebendiesen abzuwarten. Doch Bensersiel war schon in Sichtweite und die letzten Minuten bis zu unserem Ziel, dem \u201eWattenhuus\u201c wurden fast klaglos bew\u00e4ltigt. Im Wattenhuus schauten wir uns in aufgeteilten Gruppen ausgestopfte Tiere und interaktive Infostationen \u00fcber das Wattenmeer an, st\u00f6berten im Souvenirladen und konnten dann Bensersiel in Kleingruppen entdecken.<\/p>\n\n\n\n<figure class=\"wp-block-image size-large\"><img loading=\"lazy\" decoding=\"async\" width=\"1200\" height=\"675\" src=\"https:\/\/wordpress.nibis.de\/obshilter\/files\/2024\/04\/IMG_1896-1200x675.jpg\" alt=\"\" class=\"wp-image-4765\" srcset=\"https:\/\/wordpress.nibis.de\/obshilter\/files\/2024\/04\/IMG_1896-1200x675.jpg 1200w, https:\/\/wordpress.nibis.de\/obshilter\/files\/2024\/04\/IMG_1896-850x478.jpg 850w, https:\/\/wordpress.nibis.de\/obshilter\/files\/2024\/04\/IMG_1896-250x141.jpg 250w\" sizes=\"auto, (max-width: 1200px) 100vw, 1200px\" \/><\/figure>\n\n\n\n<p>Einige zog es ans Meer und viele trieb der Hunger zu Imbissbuden unterschiedlicher Geschmacksrichtungen. Gegen 17 Uhr ging es f\u00fcr die meisten mittlerweile etwas fu\u00dfm\u00fcden Sch\u00fclerInnen auf direktem Weg entlang der Hauptstra\u00dfe nach Esens zur\u00fcck, w\u00e4hrend eine kleine Gruppe einen verloren geglaubten AirPod entlang des zuvor gegangenen Weges suchte. Die Suche blieb zun\u00e4chst erfolglos, am n\u00e4chsten Tag wurde der Kopfh\u00f6rer allerdings in der Jackentasche wiedergefunden.<\/p>\n\n\n\n<p>Beim Abendessen st\u00e4rkten sich die noch oder schon wieder hungrigen TeilnehmerInnen der Klassenfahrt. Der restliche Abend stand zur freien Verf\u00fcgung. Die freie Zeit wurde zum Spielen, Quatschen, Daddeln, &#8230; benutzt und verlief f\u00fcr einige mehr, f\u00fcr andere weniger aufregend. Eine rasch eingekehrte Ruhe zur angek\u00fcndigten Schlafenszeit lie\u00df auf ersch\u00f6pfte Sch\u00fclerInnen schlie\u00dfen. Am Donnerstag ging es nach einem st\u00e4rkenden Fr\u00fchst\u00fcck zun\u00e4chst mit dem Bus nach Bensersiel und von dort mit dem Kutter auf die Insel Langeoog. Auf der Kutterfahrt zeigte sich die Sonne zwischenzeitlich und wiederholte dies bis zum Nachmittag gelegentlich.<\/p>\n\n\n\n<figure class=\"wp-block-image size-large\"><img loading=\"lazy\" decoding=\"async\" width=\"1200\" height=\"675\" src=\"https:\/\/wordpress.nibis.de\/obshilter\/files\/2024\/04\/IMG_1918-1200x675.jpg\" alt=\"\" class=\"wp-image-4766\" srcset=\"https:\/\/wordpress.nibis.de\/obshilter\/files\/2024\/04\/IMG_1918-1200x675.jpg 1200w, https:\/\/wordpress.nibis.de\/obshilter\/files\/2024\/04\/IMG_1918-850x478.jpg 850w, https:\/\/wordpress.nibis.de\/obshilter\/files\/2024\/04\/IMG_1918-250x141.jpg 250w\" sizes=\"auto, (max-width: 1200px) 100vw, 1200px\" \/><\/figure>\n\n\n\n<p>Wir fuhren an Seehundb\u00e4nken vorbei und konnten viele Seehunde entdecken. Vom Kutteranleger auf Langeoog wanderten wir ins Inselinnere. In Kleingruppen entdeckten wir die Insel beim Bummeln durch die L\u00e4den und Spazierg\u00e4ngen bis zum Strand. <\/p>\n\n\n\n<figure class=\"wp-block-gallery has-nested-images columns-default is-cropped wp-block-gallery-1 is-layout-flex wp-block-gallery-is-layout-flex\">\n<figure class=\"wp-block-image size-large\"><img loading=\"lazy\" decoding=\"async\" width=\"1200\" height=\"675\" data-id=\"4782\" src=\"https:\/\/wordpress.nibis.de\/obshilter\/files\/2024\/04\/IMG_1949-1200x675.jpeg\" alt=\"\" class=\"wp-image-4782\" srcset=\"https:\/\/wordpress.nibis.de\/obshilter\/files\/2024\/04\/IMG_1949-1200x675.jpeg 1200w, https:\/\/wordpress.nibis.de\/obshilter\/files\/2024\/04\/IMG_1949-850x478.jpeg 850w, https:\/\/wordpress.nibis.de\/obshilter\/files\/2024\/04\/IMG_1949-250x141.jpeg 250w\" sizes=\"auto, (max-width: 1200px) 100vw, 1200px\" \/><\/figure>\n\n\n\n<figure class=\"wp-block-image size-large\"><img loading=\"lazy\" decoding=\"async\" width=\"1200\" height=\"675\" data-id=\"4783\" src=\"https:\/\/wordpress.nibis.de\/obshilter\/files\/2024\/04\/IMG_1957-1200x675.jpeg\" alt=\"\" class=\"wp-image-4783\" srcset=\"https:\/\/wordpress.nibis.de\/obshilter\/files\/2024\/04\/IMG_1957-1200x675.jpeg 1200w, https:\/\/wordpress.nibis.de\/obshilter\/files\/2024\/04\/IMG_1957-850x478.jpeg 850w, https:\/\/wordpress.nibis.de\/obshilter\/files\/2024\/04\/IMG_1957-250x141.jpeg 250w\" sizes=\"auto, (max-width: 1200px) 100vw, 1200px\" \/><\/figure>\n<\/figure>\n\n\n\n<p>Auf der Kutterr\u00fcckfahrt fischten wir mit einem Fischernetz in der Nordsee und z\u00e4hlten Krebse, Quallen und Garnelen zu unseren Funden. <\/p>\n\n\n\n<figure class=\"wp-block-image size-large\"><img loading=\"lazy\" decoding=\"async\" width=\"1200\" height=\"675\" src=\"https:\/\/wordpress.nibis.de\/obshilter\/files\/2024\/04\/IMG_1929-1200x675.jpg\" alt=\"\" class=\"wp-image-4767\" srcset=\"https:\/\/wordpress.nibis.de\/obshilter\/files\/2024\/04\/IMG_1929-1200x675.jpg 1200w, https:\/\/wordpress.nibis.de\/obshilter\/files\/2024\/04\/IMG_1929-850x478.jpg 850w, https:\/\/wordpress.nibis.de\/obshilter\/files\/2024\/04\/IMG_1929-250x141.jpg 250w\" sizes=\"auto, (max-width: 1200px) 100vw, 1200px\" \/><\/figure>\n\n\n\n<p>Die frische Nordseeluft und\/oder die zur\u00fcckgelegten Kilometer lie\u00dfen einige nachmittags zur\u00fcck in der Jugendherberge ein Nickerchen halten, andere trafen sich zum Uno-Spielen oder zum gemeinsamen Chillen. Nach verordneter Dusche konnten sich alle beim Abendessen st\u00e4rken. Um 20 Uhr traf sich die Gruppe teils mit speziell ausgew\u00e4hltem Outfit, teils im Schlafanzug in der Jugendherbergsdisco Neptun. Jede\/-r bekam ein Freigetr\u00e4nk und die ausliegende Liste lud zu Liedw\u00fcnschen und manche auch zu vorsichtigen bis hin zu wilden Tanzeinlagen ein.<\/p>\n\n\n\n<figure class=\"wp-block-image size-large\"><img loading=\"lazy\" decoding=\"async\" width=\"1200\" height=\"675\" src=\"https:\/\/wordpress.nibis.de\/obshilter\/files\/2024\/04\/64265b41-6c2c-4c27-a14f-860086021603-1200x675.jpeg\" alt=\"\" class=\"wp-image-4769\" srcset=\"https:\/\/wordpress.nibis.de\/obshilter\/files\/2024\/04\/64265b41-6c2c-4c27-a14f-860086021603-1200x675.jpeg 1200w, https:\/\/wordpress.nibis.de\/obshilter\/files\/2024\/04\/64265b41-6c2c-4c27-a14f-860086021603-850x478.jpeg 850w, https:\/\/wordpress.nibis.de\/obshilter\/files\/2024\/04\/64265b41-6c2c-4c27-a14f-860086021603-250x141.jpeg 250w\" sizes=\"auto, (max-width: 1200px) 100vw, 1200px\" \/><\/figure>\n\n\n\n<p>Auch an diesem Abend fielen alle ersch\u00f6pft ins Bett &#8211; oder gab es etwa doch noch vereinzelt Nachtwanderungen auf den Fluren?! Am n\u00e4chsten Morgen wollten einige Sch\u00fclerInnen am liebsten noch etwas l\u00e4nger schlafen. Sauber hinterlassene Zimmer erm\u00f6glichten dann um 9 Uhr den Aufbruch zum letzten Programmpunkt der Klassenfahrt \u2013 eine Wattwanderung in Bensersiel. Der Linienbus fuhr uns ins Nachbardorf und wir wollten uns gerade mit unserem Wattf\u00fchrer ins Watt begeben, als es anfing zu regnen und zu st\u00fcrmen. Statt der Wanderung erhielten wir dann im F\u00e4hrhafen einige interessante theoretische Informationen rund um das Watt und seine Bewohner.<\/p>\n\n\n\n<figure class=\"wp-block-image size-large\"><img loading=\"lazy\" decoding=\"async\" width=\"1200\" height=\"675\" src=\"https:\/\/wordpress.nibis.de\/obshilter\/files\/2024\/04\/IMG_1978-1200x675.jpeg\" alt=\"\" class=\"wp-image-4770\" srcset=\"https:\/\/wordpress.nibis.de\/obshilter\/files\/2024\/04\/IMG_1978-1200x675.jpeg 1200w, https:\/\/wordpress.nibis.de\/obshilter\/files\/2024\/04\/IMG_1978-850x478.jpeg 850w, https:\/\/wordpress.nibis.de\/obshilter\/files\/2024\/04\/IMG_1978-250x141.jpeg 250w\" sizes=\"auto, (max-width: 1200px) 100vw, 1200px\" \/><\/figure>\n\n\n\n<p>Anschlie\u00dfend sammelte uns unser Reisebus in Bensersiel ein und brachte uns nach einem kurzen Stopp an der Jugendherberge wohlbehalten zur\u00fcck ins sch\u00f6ne Borgloh.<\/p>\n","protected":false},"excerpt":{"rendered":"<p>Mittwochmorgen, am 24. April, ging es f\u00fcr die 7. Klassen p\u00fcnktlich wie abgemacht mit dem Bus Richtung Esens los<\/p>\n","protected":false},"author":9193215,"featured_media":4768,"comment_status":"closed","ping_status":"closed","sticky":false,"template":"","format":"standard","meta":{"_acf_changed":false,"footnotes":""},"categories":[4],"tags":[],"class_list":["post-4763","post","type-post","status-publish","format-standard","has-post-thumbnail","hentry","category-news-startseite"],"acf":[],"_links":{"self":[{"href":"https:\/\/wordpress.nibis.de\/obshilter\/wp-json\/wp\/v2\/posts\/4763","targetHints":{"allow":["GET"]}}],"collection":[{"href":"https:\/\/wordpress.nibis.de\/obshilter\/wp-json\/wp\/v2\/posts"}],"about":[{"href":"https:\/\/wordpress.nibis.de\/obshilter\/wp-json\/wp\/v2\/types\/post"}],"author":[{"embeddable":true,"href":"https:\/\/wordpress.nibis.de\/obshilter\/wp-json\/wp\/v2\/users\/9193215"}],"replies":[{"embeddable":true,"href":"https:\/\/wordpress.nibis.de\/obshilter\/wp-json\/wp\/v2\/comments?post=4763"}],"version-history":[{"count":3,"href":"https:\/\/wordpress.nibis.de\/obshilter\/wp-json\/wp\/v2\/posts\/4763\/revisions"}],"predecessor-version":[{"id":4785,"href":"https:\/\/wordpress.nibis.de\/obshilter\/wp-json\/wp\/v2\/posts\/4763\/revisions\/4785"}],"wp:featuredmedia":[{"embeddable":true,"href":"https:\/\/wordpress.nibis.de\/obshilter\/wp-json\/wp\/v2\/media\/4768"}],"wp:attachment":[{"href":"https:\/\/wordpress.nibis.de\/obshilter\/wp-json\/wp\/v2\/media?parent=4763"}],"wp:term":[{"taxonomy":"category","embeddable":true,"href":"https:\/\/wordpress.nibis.de\/obshilter\/wp-json\/wp\/v2\/categories?post=4763"},{"taxonomy":"post_tag","embeddable":true,"href":"https:\/\/wordpress.nibis.de\/obshilter\/wp-json\/wp\/v2\/tags?post=4763"}],"curies":[{"name":"wp","href":"https:\/\/api.w.org\/{rel}","templated":true}]}}