{"id":4860,"date":"2024-06-20T15:52:53","date_gmt":"2024-06-20T13:52:53","guid":{"rendered":"https:\/\/wordpress.nibis.de\/obshilter\/?p=4860"},"modified":"2024-08-27T14:08:15","modified_gmt":"2024-08-27T12:08:15","slug":"schulentlassung-2024","status":"publish","type":"post","link":"https:\/\/wordpress.nibis.de\/obshilter\/2024\/06\/20\/schulentlassung-2024\/","title":{"rendered":"<strong>Schulentlassung 2024<\/strong>"},"content":{"rendered":"\n<p>Nach dem Abschlussgottesdienst in der St. Pankratiuskirche in Borgloh trafen am 14.06. um 11 Uhr 60 gut gelaunte Sch\u00fcler*innen mit ihren Eltern und Freunden in der Aula unserer Schule ein. Die war sehr festlich und farbenfroh geschm\u00fcckt. Elternvertreter*innen der Klassen 9 hatten mit Sch\u00fclern der Sch\u00fclerfirma einladende Snacks und Getr\u00e4nke vorbereitet, damit sich alle noch einmal st\u00e4rken konnten.<\/p>\n\n\n\n<p><\/p>\n\n\n\n<figure class=\"wp-block-gallery has-nested-images columns-default is-cropped wp-block-gallery-1 is-layout-flex wp-block-gallery-is-layout-flex\">\n<figure class=\"wp-block-image size-large\"><img loading=\"lazy\" decoding=\"async\" width=\"1200\" height=\"675\" data-id=\"4862\" src=\"https:\/\/wordpress.nibis.de\/obshilter\/files\/2024\/06\/ABS-2024-027-1200x675.jpg\" alt=\"\" class=\"wp-image-4862\" srcset=\"https:\/\/wordpress.nibis.de\/obshilter\/files\/2024\/06\/ABS-2024-027-1200x675.jpg 1200w, https:\/\/wordpress.nibis.de\/obshilter\/files\/2024\/06\/ABS-2024-027-850x478.jpg 850w, https:\/\/wordpress.nibis.de\/obshilter\/files\/2024\/06\/ABS-2024-027-250x141.jpg 250w\" sizes=\"auto, (max-width: 1200px) 100vw, 1200px\" \/><\/figure>\n\n\n\n<figure class=\"wp-block-image size-large\"><img loading=\"lazy\" decoding=\"async\" width=\"1200\" height=\"675\" data-id=\"4863\" src=\"https:\/\/wordpress.nibis.de\/obshilter\/files\/2024\/06\/ABS-2024-044-1200x675.jpg\" alt=\"\" class=\"wp-image-4863\" srcset=\"https:\/\/wordpress.nibis.de\/obshilter\/files\/2024\/06\/ABS-2024-044-1200x675.jpg 1200w, https:\/\/wordpress.nibis.de\/obshilter\/files\/2024\/06\/ABS-2024-044-850x478.jpg 850w, https:\/\/wordpress.nibis.de\/obshilter\/files\/2024\/06\/ABS-2024-044-250x141.jpg 250w\" sizes=\"auto, (max-width: 1200px) 100vw, 1200px\" \/><\/figure>\n<\/figure>\n\n\n\n<p><\/p>\n\n\n\n<p>Nach einem Fotoshooting der Abschlusssch\u00fcler*innen begann um 11.30 die Feierstunde. Unsere Schulleiterin Frau Haehnel f\u00fchrte durch ein abwechslungsreiches Programm. Nach ihrer Begr\u00fc\u00dfung richtete der B\u00fcrgermeister Herr Schewski Gru\u00dfworte an unsere Abschlusssch\u00fcler*innen, bevor Rebekka 10a das Lied \u201eHall of Fame\u201c vortrug.<\/p>\n\n\n\n<p>Frau Haehnel lie\u00df in ihrer Rede die letzten 6 Jahre Revue passieren und pr\u00e4sentierte im Anschluss eine Fotoshow mit tollen Eindr\u00fccken, die alle Anwesenden begeisterte.&nbsp; Besonders beeindruckend waren die Auftritte von Mia 10b und Frau Kuper mit den Songs \u201eBonnie und Clyde\u201c und \u201eIch w\u00fcnsche dir\u201c.<\/p>\n\n\n\n<p>Geehrt wurden die besten Zeugnisse, tolle Leistungen und besonderes Engagement. Die Sch\u00fclersprecherinnen und die Klassensprecher*innen der 10. Klassen \u00fcberreichten den Klassenlehrerinnen tolle Pr\u00e4sente und Blumen. Nach den Gru\u00dfworten mit besten W\u00fcnschen durch die Elternvertreterin Frau Vinke r\u00fcckte die Zeugnisausgabe n\u00e4her. Die Klassenlehrerinnen \u201ekochten\u201c den scheidenden Sch\u00fcler*innen als Hexen verkleidet ein besonderes S\u00fcppchen, indem sie vergangene gemeinsame Geschichten vortrugen und dann in den Kessel warfen. Daraus wurde dann am Ende ein schmackhafterTrank.<\/p>\n\n\n\n<p><\/p>\n\n\n\n<figure class=\"wp-block-gallery has-nested-images columns-default is-cropped wp-block-gallery-2 is-layout-flex wp-block-gallery-is-layout-flex\">\n<figure class=\"wp-block-image size-large\"><img loading=\"lazy\" decoding=\"async\" width=\"1200\" height=\"675\" data-id=\"4864\" src=\"https:\/\/wordpress.nibis.de\/obshilter\/files\/2024\/06\/ABS-2024-057-1200x675.jpg\" alt=\"\" class=\"wp-image-4864\" srcset=\"https:\/\/wordpress.nibis.de\/obshilter\/files\/2024\/06\/ABS-2024-057-1200x675.jpg 1200w, https:\/\/wordpress.nibis.de\/obshilter\/files\/2024\/06\/ABS-2024-057-850x478.jpg 850w, https:\/\/wordpress.nibis.de\/obshilter\/files\/2024\/06\/ABS-2024-057-250x141.jpg 250w, https:\/\/wordpress.nibis.de\/obshilter\/files\/2024\/06\/ABS-2024-057-768x432.jpg 768w, https:\/\/wordpress.nibis.de\/obshilter\/files\/2024\/06\/ABS-2024-057-1536x864.jpg 1536w, https:\/\/wordpress.nibis.de\/obshilter\/files\/2024\/06\/ABS-2024-057-2048x1152.jpg 2048w, https:\/\/wordpress.nibis.de\/obshilter\/files\/2024\/06\/ABS-2024-057-480x270.jpg 480w\" sizes=\"auto, (max-width: 1200px) 100vw, 1200px\" \/><\/figure>\n\n\n\n<figure class=\"wp-block-image size-large\"><img loading=\"lazy\" decoding=\"async\" width=\"1200\" height=\"675\" data-id=\"4867\" src=\"https:\/\/wordpress.nibis.de\/obshilter\/files\/2024\/06\/ABS-2024-070-1200x675.jpg\" alt=\"\" class=\"wp-image-4867\" srcset=\"https:\/\/wordpress.nibis.de\/obshilter\/files\/2024\/06\/ABS-2024-070-1200x675.jpg 1200w, https:\/\/wordpress.nibis.de\/obshilter\/files\/2024\/06\/ABS-2024-070-850x478.jpg 850w, https:\/\/wordpress.nibis.de\/obshilter\/files\/2024\/06\/ABS-2024-070-250x141.jpg 250w\" sizes=\"auto, (max-width: 1200px) 100vw, 1200px\" \/><\/figure>\n<\/figure>\n\n\n\n<p><\/p>\n\n\n\n<p>Die Sch\u00fcler*innen erhielten im Anschluss daran klassenweise nicht nur ihre Zeugnisse, sondern auch das Jahrbuch, die Abschlusszeitung und eine Fototasse mit Pr\u00e4senten und vielen weiteren guten W\u00fcnschen. Zum Abschluss \u00fcberreichten die Klassenlehrerinnen ihren Elternvertreter*innen als Dankesch\u00f6n ein Pr\u00e4sent f\u00fcr die geleistete Unterst\u00fctzung.<\/p>\n\n\n\n<p>Mit all diesen Eindr\u00fccken wurde die Schulentlassung von der Oberschule Hilter zu einem ganz besonderen Tag.<\/p>\n","protected":false},"excerpt":{"rendered":"<p>Nach dem Abschlussgottesdienst in der St. Pankratiuskirche in Borgloh trafen am 14.06. um 11 Uhr 60 gut gelaunte Sch\u00fcler*innen mit ihren Eltern und Freunden in der Aula unserer Schule ein. <\/p>\n","protected":false},"author":9192668,"featured_media":4861,"comment_status":"closed","ping_status":"closed","sticky":false,"template":"","format":"standard","meta":{"_acf_changed":false,"footnotes":""},"categories":[4],"tags":[],"class_list":["post-4860","post","type-post","status-publish","format-standard","has-post-thumbnail","hentry","category-news-startseite"],"acf":[],"_links":{"self":[{"href":"https:\/\/wordpress.nibis.de\/obshilter\/wp-json\/wp\/v2\/posts\/4860","targetHints":{"allow":["GET"]}}],"collection":[{"href":"https:\/\/wordpress.nibis.de\/obshilter\/wp-json\/wp\/v2\/posts"}],"about":[{"href":"https:\/\/wordpress.nibis.de\/obshilter\/wp-json\/wp\/v2\/types\/post"}],"author":[{"embeddable":true,"href":"https:\/\/wordpress.nibis.de\/obshilter\/wp-json\/wp\/v2\/users\/9192668"}],"replies":[{"embeddable":true,"href":"https:\/\/wordpress.nibis.de\/obshilter\/wp-json\/wp\/v2\/comments?post=4860"}],"version-history":[{"count":2,"href":"https:\/\/wordpress.nibis.de\/obshilter\/wp-json\/wp\/v2\/posts\/4860\/revisions"}],"predecessor-version":[{"id":4869,"href":"https:\/\/wordpress.nibis.de\/obshilter\/wp-json\/wp\/v2\/posts\/4860\/revisions\/4869"}],"wp:featuredmedia":[{"embeddable":true,"href":"https:\/\/wordpress.nibis.de\/obshilter\/wp-json\/wp\/v2\/media\/4861"}],"wp:attachment":[{"href":"https:\/\/wordpress.nibis.de\/obshilter\/wp-json\/wp\/v2\/media?parent=4860"}],"wp:term":[{"taxonomy":"category","embeddable":true,"href":"https:\/\/wordpress.nibis.de\/obshilter\/wp-json\/wp\/v2\/categories?post=4860"},{"taxonomy":"post_tag","embeddable":true,"href":"https:\/\/wordpress.nibis.de\/obshilter\/wp-json\/wp\/v2\/tags?post=4860"}],"curies":[{"name":"wp","href":"https:\/\/api.w.org\/{rel}","templated":true}]}}