{"id":4909,"date":"2024-08-20T14:05:43","date_gmt":"2024-08-20T12:05:43","guid":{"rendered":"https:\/\/wordpress.nibis.de\/obshilter\/?p=4909"},"modified":"2024-08-20T14:05:52","modified_gmt":"2024-08-20T12:05:52","slug":"auf-in-den-wald","status":"publish","type":"post","link":"https:\/\/wordpress.nibis.de\/obshilter\/2024\/08\/20\/auf-in-den-wald\/","title":{"rendered":"<strong>Auf &nbsp;in den Wald<\/strong>"},"content":{"rendered":"\n<p>In der ersten Schulwoche durften die neuen F\u00fcnftkl\u00e4ssler mit Erlebnisp\u00e4dagogen an zahlreichen Aktivit\u00e4ten im Wald teilnehmen. Jede Klasse 5 f\u00fchrte Kennenlernspiele durch, baute verschiedene Murmelbahnen, die unter bestimmten Vorgaben die Murmel sicher in dem absch\u00fcssigen Gel\u00e4nde durch den Wald in der gebauten Bahn f\u00fchrten. Die Kinder waren sehr kreativ und nutzten alle Materialien, die sie&nbsp; im Wald fanden. Ein H\u00f6hepunkt war das Bogenschie\u00dfen, bei dem die Kinder erste Erfolge erzielten. Am Ende des Schultages waren viele von ihnen ganz sch\u00f6n m\u00fcde \u2013 es hat aber Spa\u00df gemacht \u2013 Schule einmal ganz anders.<\/p>\n\n\n\n<figure class=\"wp-block-gallery has-nested-images columns-3 is-cropped wp-block-gallery-1 is-layout-flex wp-block-gallery-is-layout-flex\">\n<figure class=\"wp-block-image size-large is-style-default\"><img loading=\"lazy\" decoding=\"async\" width=\"720\" height=\"675\" data-id=\"4912\" src=\"https:\/\/wordpress.nibis.de\/obshilter\/files\/2024\/08\/4806ba76-86a0-4ee8-972d-8e4f3ae761b4-720x675.jpg\" alt=\"\" class=\"wp-image-4912\" \/><\/figure>\n\n\n\n<figure class=\"wp-block-image size-large is-style-default\"><img loading=\"lazy\" decoding=\"async\" width=\"1200\" height=\"675\" data-id=\"4914\" src=\"https:\/\/wordpress.nibis.de\/obshilter\/files\/2024\/08\/IMG_3053-1200x675.jpg\" alt=\"\" class=\"wp-image-4914\" srcset=\"https:\/\/wordpress.nibis.de\/obshilter\/files\/2024\/08\/IMG_3053-1200x675.jpg 1200w, https:\/\/wordpress.nibis.de\/obshilter\/files\/2024\/08\/IMG_3053-850x478.jpg 850w, https:\/\/wordpress.nibis.de\/obshilter\/files\/2024\/08\/IMG_3053-250x141.jpg 250w\" sizes=\"auto, (max-width: 1200px) 100vw, 1200px\" \/><\/figure>\n\n\n\n<figure class=\"wp-block-image size-large is-style-default\"><img loading=\"lazy\" decoding=\"async\" width=\"907\" height=\"675\" data-id=\"4911\" src=\"https:\/\/wordpress.nibis.de\/obshilter\/files\/2024\/08\/IMG_3060-907x675.jpg\" alt=\"\" class=\"wp-image-4911\" \/><\/figure>\n\n\n\n<figure class=\"wp-block-image size-large is-style-default\"><img loading=\"lazy\" decoding=\"async\" width=\"1200\" height=\"675\" data-id=\"4913\" src=\"https:\/\/wordpress.nibis.de\/obshilter\/files\/2024\/08\/IMG_3061-1200x675.jpg\" alt=\"\" class=\"wp-image-4913\" srcset=\"https:\/\/wordpress.nibis.de\/obshilter\/files\/2024\/08\/IMG_3061-1200x675.jpg 1200w, https:\/\/wordpress.nibis.de\/obshilter\/files\/2024\/08\/IMG_3061-850x478.jpg 850w, https:\/\/wordpress.nibis.de\/obshilter\/files\/2024\/08\/IMG_3061-250x141.jpg 250w\" sizes=\"auto, (max-width: 1200px) 100vw, 1200px\" \/><\/figure>\n<\/figure>\n\n\n","protected":false},"excerpt":{"rendered":"<p>In der ersten Schulwoche durften die neuen F\u00fcnftkl\u00e4ssler mit Erlebnisp\u00e4dagogen an zahlreichen Aktivit\u00e4ten im Wald teilnehmen.<\/p>\n","protected":false},"author":9192668,"featured_media":4910,"comment_status":"closed","ping_status":"closed","sticky":false,"template":"","format":"standard","meta":{"_acf_changed":false,"footnotes":""},"categories":[4],"tags":[],"class_list":["post-4909","post","type-post","status-publish","format-standard","has-post-thumbnail","hentry","category-news-startseite"],"acf":[],"_links":{"self":[{"href":"https:\/\/wordpress.nibis.de\/obshilter\/wp-json\/wp\/v2\/posts\/4909","targetHints":{"allow":["GET"]}}],"collection":[{"href":"https:\/\/wordpress.nibis.de\/obshilter\/wp-json\/wp\/v2\/posts"}],"about":[{"href":"https:\/\/wordpress.nibis.de\/obshilter\/wp-json\/wp\/v2\/types\/post"}],"author":[{"embeddable":true,"href":"https:\/\/wordpress.nibis.de\/obshilter\/wp-json\/wp\/v2\/users\/9192668"}],"replies":[{"embeddable":true,"href":"https:\/\/wordpress.nibis.de\/obshilter\/wp-json\/wp\/v2\/comments?post=4909"}],"version-history":[{"count":1,"href":"https:\/\/wordpress.nibis.de\/obshilter\/wp-json\/wp\/v2\/posts\/4909\/revisions"}],"predecessor-version":[{"id":4915,"href":"https:\/\/wordpress.nibis.de\/obshilter\/wp-json\/wp\/v2\/posts\/4909\/revisions\/4915"}],"wp:featuredmedia":[{"embeddable":true,"href":"https:\/\/wordpress.nibis.de\/obshilter\/wp-json\/wp\/v2\/media\/4910"}],"wp:attachment":[{"href":"https:\/\/wordpress.nibis.de\/obshilter\/wp-json\/wp\/v2\/media?parent=4909"}],"wp:term":[{"taxonomy":"category","embeddable":true,"href":"https:\/\/wordpress.nibis.de\/obshilter\/wp-json\/wp\/v2\/categories?post=4909"},{"taxonomy":"post_tag","embeddable":true,"href":"https:\/\/wordpress.nibis.de\/obshilter\/wp-json\/wp\/v2\/tags?post=4909"}],"curies":[{"name":"wp","href":"https:\/\/api.w.org\/{rel}","templated":true}]}}