{"id":4952,"date":"2024-08-27T14:14:45","date_gmt":"2024-08-27T12:14:45","guid":{"rendered":"https:\/\/wordpress.nibis.de\/obshilter\/?p=4952"},"modified":"2024-08-27T14:20:54","modified_gmt":"2024-08-27T12:20:54","slug":"sportfest-2023-24","status":"publish","type":"post","link":"https:\/\/wordpress.nibis.de\/obshilter\/2024\/08\/27\/sportfest-2023-24\/","title":{"rendered":"Sportfest 2023\/24"},"content":{"rendered":"\n<p>Am 17. Juni 2024 sollte es auf den Rasensportpl\u00e4tzen in der Schulstra\u00dfe wieder mal richtig sportlich zugehen, denn unser j\u00e4hrliches Sportfest stand an. Leider waren die Wettervorhersagen so unbest\u00e4ndig, dass das Sportfest nach vielen \u00dcberlegungen und Betrachtungen von verschiedenen Wetterapps in die Sporthalle verlegt werden musste. Nat\u00fcrlich hat es dann am Ende gar nicht geregnet, aber danach ist man immer schlauer\u2026&nbsp;&nbsp;<\/p>\n\n\n\n<figure class=\"wp-block-gallery has-nested-images columns-default is-cropped wp-block-gallery-1 is-layout-flex wp-block-gallery-is-layout-flex\">\n<figure class=\"wp-block-image size-large\"><img loading=\"lazy\" decoding=\"async\" width=\"1200\" height=\"675\" data-id=\"4957\" src=\"https:\/\/wordpress.nibis.de\/obshilter\/files\/2024\/08\/Brennball-03-1-1200x675.jpg\" alt=\"\" class=\"wp-image-4957\" srcset=\"https:\/\/wordpress.nibis.de\/obshilter\/files\/2024\/08\/Brennball-03-1-1200x675.jpg 1200w, https:\/\/wordpress.nibis.de\/obshilter\/files\/2024\/08\/Brennball-03-1-850x478.jpg 850w, https:\/\/wordpress.nibis.de\/obshilter\/files\/2024\/08\/Brennball-03-1-250x141.jpg 250w\" sizes=\"auto, (max-width: 1200px) 100vw, 1200px\" \/><\/figure>\n\n\n\n<figure class=\"wp-block-image size-large\"><img loading=\"lazy\" decoding=\"async\" width=\"1200\" height=\"675\" data-id=\"4958\" src=\"https:\/\/wordpress.nibis.de\/obshilter\/files\/2024\/08\/Brennball-04-1200x675.jpg\" alt=\"\" class=\"wp-image-4958\" srcset=\"https:\/\/wordpress.nibis.de\/obshilter\/files\/2024\/08\/Brennball-04-1200x675.jpg 1200w, https:\/\/wordpress.nibis.de\/obshilter\/files\/2024\/08\/Brennball-04-850x478.jpg 850w, https:\/\/wordpress.nibis.de\/obshilter\/files\/2024\/08\/Brennball-04-250x141.jpg 250w\" sizes=\"auto, (max-width: 1200px) 100vw, 1200px\" \/><\/figure>\n\n\n\n<figure class=\"wp-block-image size-large\"><img loading=\"lazy\" decoding=\"async\" width=\"1200\" height=\"675\" data-id=\"4959\" src=\"https:\/\/wordpress.nibis.de\/obshilter\/files\/2024\/08\/Brennball-10-1200x675.jpg\" alt=\"\" class=\"wp-image-4959\" srcset=\"https:\/\/wordpress.nibis.de\/obshilter\/files\/2024\/08\/Brennball-10-1200x675.jpg 1200w, https:\/\/wordpress.nibis.de\/obshilter\/files\/2024\/08\/Brennball-10-850x478.jpg 850w, https:\/\/wordpress.nibis.de\/obshilter\/files\/2024\/08\/Brennball-10-250x141.jpg 250w\" sizes=\"auto, (max-width: 1200px) 100vw, 1200px\" \/><\/figure>\n<\/figure>\n\n\n\n<p>&nbsp;<\/p>\n<p>Anstatt von dem drau\u00dfen geplanten Spieleturnier (Fu\u00dfball, Brennball) und den sportlichen Spiel- und Spa\u00dfstationen wurde also kurzfristig Brennball in der Halle gespielt. In einem ersten Block spielten die j\u00fcngeren Jahrg\u00e4nge gegeneinander und anschlie\u00dfend traten die \u00e4lteren Jahrg\u00e4nge gegeneinander an. Einige der in der Woche zuvor entlassenen Abschlusssch\u00fcler*innen waren extra gekommen, um die Sportlehrkr\u00e4fte beim Sportfest zu unterst\u00fctzen. Ohne sie w\u00e4re die Durchf\u00fchrung nicht so gut gelungen, da beim Brennball manchmal viele Augen n\u00f6tig sind, um zu entscheiden \u201everbrannt\u201c oder \u201enicht verbrannt.\u201c<\/p>\n<p>Die Stimmung in der Halle war gut und einige starke Aktionen und L\u00e4ufe wurden auf der Trib\u00fcne lautstark von den anderen Klassen gefeiert. Insgesamt waren es faire Spiele und nach einer schnellen Auswertung wurden die verdienten Siegerklassen direkt bekanntgegeben.<\/p>\n<p>Zur St\u00e4rkung gab es auch in diesem Jahr wieder ein gemeinsames gro\u00dfes Fr\u00fchst\u00fcck, dieses Mal in der Aula, welches von den Elternvertreterinnen mit der Unterst\u00fctzung von einigen ehemaligen Sch\u00fcler*innen vorbereitet wurde. Vielen Dank an dieser Stelle f\u00fcr die Unterst\u00fctzung und das Engagement.<\/p>\n<p>Trotz der Verlegung in die Halle hatten wir einen sch\u00f6nen Sporttag, bei dem unsere hauseigenen Schulsanit\u00e4ter zum Gl\u00fcck nur wenig zu tun hatten. N\u00e4chstes Jahr findet das Ganze dann hoffentlich wieder bei gutem Wetter an der frischen Luft statt.<\/p>\n\n\n\n<figure class=\"wp-block-gallery has-nested-images columns-default is-cropped wp-block-gallery-2 is-layout-flex wp-block-gallery-is-layout-flex\">\n<figure class=\"wp-block-image size-large\"><img loading=\"lazy\" decoding=\"async\" width=\"1200\" height=\"675\" data-id=\"4963\" src=\"https:\/\/wordpress.nibis.de\/obshilter\/files\/2024\/08\/Brennball-12-1200x675.jpg\" alt=\"\" class=\"wp-image-4963\" srcset=\"https:\/\/wordpress.nibis.de\/obshilter\/files\/2024\/08\/Brennball-12-1200x675.jpg 1200w, https:\/\/wordpress.nibis.de\/obshilter\/files\/2024\/08\/Brennball-12-850x478.jpg 850w, https:\/\/wordpress.nibis.de\/obshilter\/files\/2024\/08\/Brennball-12-250x141.jpg 250w\" sizes=\"auto, (max-width: 1200px) 100vw, 1200px\" \/><\/figure>\n\n\n\n<figure class=\"wp-block-image size-large\"><img loading=\"lazy\" decoding=\"async\" width=\"1200\" height=\"675\" data-id=\"4964\" src=\"https:\/\/wordpress.nibis.de\/obshilter\/files\/2024\/08\/Brennball-14-1200x675.jpg\" alt=\"\" class=\"wp-image-4964\" srcset=\"https:\/\/wordpress.nibis.de\/obshilter\/files\/2024\/08\/Brennball-14-1200x675.jpg 1200w, https:\/\/wordpress.nibis.de\/obshilter\/files\/2024\/08\/Brennball-14-850x478.jpg 850w, https:\/\/wordpress.nibis.de\/obshilter\/files\/2024\/08\/Brennball-14-250x141.jpg 250w\" sizes=\"auto, (max-width: 1200px) 100vw, 1200px\" \/><\/figure>\n\n\n\n<figure class=\"wp-block-image size-large\"><img loading=\"lazy\" decoding=\"async\" width=\"1200\" height=\"675\" data-id=\"4965\" src=\"https:\/\/wordpress.nibis.de\/obshilter\/files\/2024\/08\/Brennball-28-1200x675.jpg\" alt=\"\" class=\"wp-image-4965\" srcset=\"https:\/\/wordpress.nibis.de\/obshilter\/files\/2024\/08\/Brennball-28-1200x675.jpg 1200w, https:\/\/wordpress.nibis.de\/obshilter\/files\/2024\/08\/Brennball-28-850x478.jpg 850w, https:\/\/wordpress.nibis.de\/obshilter\/files\/2024\/08\/Brennball-28-250x141.jpg 250w\" sizes=\"auto, (max-width: 1200px) 100vw, 1200px\" \/><\/figure>\n\n\n\n<figure class=\"wp-block-image size-large\"><img loading=\"lazy\" decoding=\"async\" width=\"1200\" height=\"675\" data-id=\"4962\" src=\"https:\/\/wordpress.nibis.de\/obshilter\/files\/2024\/08\/Brennball-17-1200x675.jpg\" alt=\"\" class=\"wp-image-4962\" srcset=\"https:\/\/wordpress.nibis.de\/obshilter\/files\/2024\/08\/Brennball-17-1200x675.jpg 1200w, https:\/\/wordpress.nibis.de\/obshilter\/files\/2024\/08\/Brennball-17-850x478.jpg 850w, https:\/\/wordpress.nibis.de\/obshilter\/files\/2024\/08\/Brennball-17-250x141.jpg 250w\" sizes=\"auto, (max-width: 1200px) 100vw, 1200px\" \/><\/figure>\n<\/figure>\n","protected":false},"excerpt":{"rendered":"<p>Am 17. Juni 2024 sollte es auf den Rasensportpl\u00e4tzen in der Schulstra\u00dfe wieder mal richtig sportlich zugehen, denn unser j\u00e4hrliches Sportfest stand an.<\/p>\n","protected":false},"author":9193215,"featured_media":4953,"comment_status":"closed","ping_status":"closed","sticky":false,"template":"","format":"standard","meta":{"_acf_changed":false,"footnotes":""},"categories":[4],"tags":[],"class_list":["post-4952","post","type-post","status-publish","format-standard","has-post-thumbnail","hentry","category-news-startseite"],"acf":[],"_links":{"self":[{"href":"https:\/\/wordpress.nibis.de\/obshilter\/wp-json\/wp\/v2\/posts\/4952","targetHints":{"allow":["GET"]}}],"collection":[{"href":"https:\/\/wordpress.nibis.de\/obshilter\/wp-json\/wp\/v2\/posts"}],"about":[{"href":"https:\/\/wordpress.nibis.de\/obshilter\/wp-json\/wp\/v2\/types\/post"}],"author":[{"embeddable":true,"href":"https:\/\/wordpress.nibis.de\/obshilter\/wp-json\/wp\/v2\/users\/9193215"}],"replies":[{"embeddable":true,"href":"https:\/\/wordpress.nibis.de\/obshilter\/wp-json\/wp\/v2\/comments?post=4952"}],"version-history":[{"count":5,"href":"https:\/\/wordpress.nibis.de\/obshilter\/wp-json\/wp\/v2\/posts\/4952\/revisions"}],"predecessor-version":[{"id":4975,"href":"https:\/\/wordpress.nibis.de\/obshilter\/wp-json\/wp\/v2\/posts\/4952\/revisions\/4975"}],"wp:featuredmedia":[{"embeddable":true,"href":"https:\/\/wordpress.nibis.de\/obshilter\/wp-json\/wp\/v2\/media\/4953"}],"wp:attachment":[{"href":"https:\/\/wordpress.nibis.de\/obshilter\/wp-json\/wp\/v2\/media?parent=4952"}],"wp:term":[{"taxonomy":"category","embeddable":true,"href":"https:\/\/wordpress.nibis.de\/obshilter\/wp-json\/wp\/v2\/categories?post=4952"},{"taxonomy":"post_tag","embeddable":true,"href":"https:\/\/wordpress.nibis.de\/obshilter\/wp-json\/wp\/v2\/tags?post=4952"}],"curies":[{"name":"wp","href":"https:\/\/api.w.org\/{rel}","templated":true}]}}