{"id":5011,"date":"2024-09-03T14:19:18","date_gmt":"2024-09-03T12:19:18","guid":{"rendered":"https:\/\/wordpress.nibis.de\/obshilter\/?p=5011"},"modified":"2024-09-03T14:19:23","modified_gmt":"2024-09-03T12:19:23","slug":"thuelsfelder-talsperre-mit-dem-6-jahrgang","status":"publish","type":"post","link":"https:\/\/wordpress.nibis.de\/obshilter\/2024\/09\/03\/thuelsfelder-talsperre-mit-dem-6-jahrgang\/","title":{"rendered":"Th\u00fclsfelder Talsperre mit dem 6. Jahrgang"},"content":{"rendered":"\n<p>Direkt nach den Sommerferien ging es f\u00fcr Klasse 6A und 6B auf Klassenfahrt nach Th\u00fcle. Unser Ziel war die Jugendherberge an der Th\u00fclsfelder Talsperre. Den ersten Nachmittag verbrachten wir im sportlich Kletterwald. Der zweite Tag war komplett f\u00fcr den Tier- und Freizeitpark Th\u00fcle organisiert. Dort hatten wir besonders viel Spa\u00df. Am Freitag ging es schon wieder zur\u00fcck. Das Wetter war bestens, die Laune noch besser. Dieses Ziel k\u00f6nnen wir jedem f\u00fcr eine Klassenfahrt nur empfehlen!\u00a0<\/p>\n\n\n\n<figure class=\"wp-block-gallery has-nested-images columns-default is-cropped wp-block-gallery-1 is-layout-flex wp-block-gallery-is-layout-flex\">\n<figure class=\"wp-block-image size-large\"><img loading=\"lazy\" decoding=\"async\" width=\"1200\" height=\"675\" data-id=\"5014\" src=\"https:\/\/wordpress.nibis.de\/obshilter\/files\/2024\/09\/IMG_0684-1-1200x675.jpg\" alt=\"\" class=\"wp-image-5014\" srcset=\"https:\/\/wordpress.nibis.de\/obshilter\/files\/2024\/09\/IMG_0684-1-1200x675.jpg 1200w, https:\/\/wordpress.nibis.de\/obshilter\/files\/2024\/09\/IMG_0684-1-850x478.jpg 850w, https:\/\/wordpress.nibis.de\/obshilter\/files\/2024\/09\/IMG_0684-1-250x141.jpg 250w\" sizes=\"auto, (max-width: 1200px) 100vw, 1200px\" \/><\/figure>\n\n\n\n<figure class=\"wp-block-image size-large\"><img loading=\"lazy\" decoding=\"async\" width=\"1200\" height=\"675\" data-id=\"5015\" src=\"https:\/\/wordpress.nibis.de\/obshilter\/files\/2024\/09\/IMG_0685-1200x675.jpg\" alt=\"\" class=\"wp-image-5015\" srcset=\"https:\/\/wordpress.nibis.de\/obshilter\/files\/2024\/09\/IMG_0685-1200x675.jpg 1200w, https:\/\/wordpress.nibis.de\/obshilter\/files\/2024\/09\/IMG_0685-850x478.jpg 850w, https:\/\/wordpress.nibis.de\/obshilter\/files\/2024\/09\/IMG_0685-250x141.jpg 250w\" sizes=\"auto, (max-width: 1200px) 100vw, 1200px\" \/><\/figure>\n\n\n\n<figure class=\"wp-block-image size-large\"><img loading=\"lazy\" decoding=\"async\" width=\"1200\" height=\"675\" data-id=\"5016\" src=\"https:\/\/wordpress.nibis.de\/obshilter\/files\/2024\/09\/IMG_0637-1200x675.jpg\" alt=\"\" class=\"wp-image-5016\" srcset=\"https:\/\/wordpress.nibis.de\/obshilter\/files\/2024\/09\/IMG_0637-1200x675.jpg 1200w, https:\/\/wordpress.nibis.de\/obshilter\/files\/2024\/09\/IMG_0637-850x478.jpg 850w, https:\/\/wordpress.nibis.de\/obshilter\/files\/2024\/09\/IMG_0637-250x141.jpg 250w\" sizes=\"auto, (max-width: 1200px) 100vw, 1200px\" \/><\/figure>\n\n\n\n<figure class=\"wp-block-image size-large\"><img loading=\"lazy\" decoding=\"async\" width=\"1200\" height=\"675\" data-id=\"5017\" src=\"https:\/\/wordpress.nibis.de\/obshilter\/files\/2024\/09\/IMG_1037-1200x675.jpg\" alt=\"\" class=\"wp-image-5017\" srcset=\"https:\/\/wordpress.nibis.de\/obshilter\/files\/2024\/09\/IMG_1037-1200x675.jpg 1200w, https:\/\/wordpress.nibis.de\/obshilter\/files\/2024\/09\/IMG_1037-850x478.jpg 850w, https:\/\/wordpress.nibis.de\/obshilter\/files\/2024\/09\/IMG_1037-250x141.jpg 250w\" sizes=\"auto, (max-width: 1200px) 100vw, 1200px\" \/><\/figure>\n<\/figure>\n","protected":false},"excerpt":{"rendered":"<p>Direkt nach den Sommerferien ging es f\u00fcr Klasse 6A und 6B auf Klassenfahrt nach Th\u00fcle.<\/p>\n","protected":false},"author":9193215,"featured_media":5013,"comment_status":"closed","ping_status":"closed","sticky":false,"template":"","format":"standard","meta":{"_acf_changed":false,"footnotes":""},"categories":[4],"tags":[],"class_list":["post-5011","post","type-post","status-publish","format-standard","has-post-thumbnail","hentry","category-news-startseite"],"acf":[],"_links":{"self":[{"href":"https:\/\/wordpress.nibis.de\/obshilter\/wp-json\/wp\/v2\/posts\/5011","targetHints":{"allow":["GET"]}}],"collection":[{"href":"https:\/\/wordpress.nibis.de\/obshilter\/wp-json\/wp\/v2\/posts"}],"about":[{"href":"https:\/\/wordpress.nibis.de\/obshilter\/wp-json\/wp\/v2\/types\/post"}],"author":[{"embeddable":true,"href":"https:\/\/wordpress.nibis.de\/obshilter\/wp-json\/wp\/v2\/users\/9193215"}],"replies":[{"embeddable":true,"href":"https:\/\/wordpress.nibis.de\/obshilter\/wp-json\/wp\/v2\/comments?post=5011"}],"version-history":[{"count":1,"href":"https:\/\/wordpress.nibis.de\/obshilter\/wp-json\/wp\/v2\/posts\/5011\/revisions"}],"predecessor-version":[{"id":5018,"href":"https:\/\/wordpress.nibis.de\/obshilter\/wp-json\/wp\/v2\/posts\/5011\/revisions\/5018"}],"wp:featuredmedia":[{"embeddable":true,"href":"https:\/\/wordpress.nibis.de\/obshilter\/wp-json\/wp\/v2\/media\/5013"}],"wp:attachment":[{"href":"https:\/\/wordpress.nibis.de\/obshilter\/wp-json\/wp\/v2\/media?parent=5011"}],"wp:term":[{"taxonomy":"category","embeddable":true,"href":"https:\/\/wordpress.nibis.de\/obshilter\/wp-json\/wp\/v2\/categories?post=5011"},{"taxonomy":"post_tag","embeddable":true,"href":"https:\/\/wordpress.nibis.de\/obshilter\/wp-json\/wp\/v2\/tags?post=5011"}],"curies":[{"name":"wp","href":"https:\/\/api.w.org\/{rel}","templated":true}]}}