{"id":5154,"date":"2024-12-03T14:07:04","date_gmt":"2024-12-03T13:07:04","guid":{"rendered":"https:\/\/wordpress.nibis.de\/obshilter\/?p=5154"},"modified":"2024-12-03T14:20:22","modified_gmt":"2024-12-03T13:20:22","slug":"ein-interview-mit-frau-psalla","status":"publish","type":"post","link":"https:\/\/wordpress.nibis.de\/obshilter\/2024\/12\/03\/ein-interview-mit-frau-psalla\/","title":{"rendered":"Ein Interview mit Frau Psalla"},"content":{"rendered":"\n<p>\u00a0<\/p>\n<p>Frau Paraskevi (Vicky) Psalla hat an einem Austauschprogramm f\u00fcr Lehrkr\u00e4fte Europas, Asiens, Afrikas und Lateinamerikas nach Deutschland teilgenommen. Sie war zu Gast bei zwei Kolleginnen der OBS Hilter. Sie spricht hervorragend Deutsch, da sie die Grundschulzeit in Deutschland verbrachte.<\/p>\n\n\n\n<figure class=\"wp-block-table is-style-stripes\"><table><tbody><tr><td>  <strong>1.<\/strong> <strong>K\u00f6nnen Sie sich ganz kurz in drei S\u00e4tzen vorstellen?<\/strong><\/td><\/tr><tr><td>Mein Name ist Vicky Psalla. Ich komme aus Griechenland, genauer gesagt aus Trikala (in Mittelgriechenland) und ich habe Germanistik studiert.<\/td><\/tr><tr><td>&nbsp;<strong>&nbsp;2. Wieso sind Sie hier bei uns in Deutschland an der Oberschule?<\/strong><\/td><\/tr><tr><td>Das Ausw\u00e4rtige Amt bietet die M\u00f6glichkeit f\u00fcr Lehrkr\u00e4fte, die Deutsch im Ausland unterrichten, an einer Hospitation in Deutschland teilzunehmen. Ich habe mich beworben und freue mich, hier in Borgloh daran teilnehmen zu d\u00fcrfen.<\/td><\/tr><tr><td><strong> &nbsp;3. Wie lange sind Sie bei uns?<\/strong><\/td><\/tr><tr><td>Das ist jetzt die 3. Woche, so ist das Programm gestaltet, dass man f\u00fcr 3 Wochen an einer Schule hospitieren darf.<\/td><\/tr><tr><td><strong> &nbsp;4. Was machen Sie in Griechenland beruflich?<\/strong><\/td><\/tr><tr><td>Also wie gesagt, ich habe Germanistik studiert, Deutsch als Fremdsprache und Englisch als 2. Fremdsprache und ich habe an der Universit\u00e4t in Thessaloniki studiert. (Frau Psalla arbeitet als Lehrerin in und um Trikala).<\/td><\/tr><tr><td><strong>  5. An was f\u00fcr einer Schule arbeiten Sie?<\/strong><\/td><\/tr><tr><td>Also ich arbeite an drei Schulen, zwei davon sind griechische Gymnasien (das entspricht etwa unserer Gesamtschule) und an einem Lyzeum.<\/td><\/tr><tr><td><strong> &nbsp;6. Welche F\u00e4cher unterrichten Sie?<\/strong><\/td><\/tr><tr><td>Ich unterrichte von der 7. bis zur 9.&nbsp; Klasse Deutsch als Fremdsprache, dann weiterhin an einem Lyzeum in der 10. und 11. Klasse und weiterhin unterrichte ich noch Sachunterricht als Projektunterricht.<\/td><\/tr><tr><td>  <strong>7. Was sind die gr\u00f6\u00dften Unterschiede zwischen der Schule in Griechenland und der Schule in&nbsp; &nbsp; &nbsp; Deutschland?<\/strong><\/td><\/tr><tr><td>Ich w\u00fcrde sagen der gr\u00f6\u00dfte Unterschied liegt darin, dass man nach der 4. Klasse entweder an ein Gymnasium, an die Realschule oder an die Hauptschule (in Deutschland) kommt. In Griechenland dauert die Grundschule sechs Jahre und es ist obligatorisch, bis zur 9. Klasse die Schule (entspricht der Gesamtschule) zu besuchen. Danach k\u00f6nnen die leistungsstarken Sch\u00fcler<em>innen das Lyzeum besuchen. Die \u00fcbrigen Sch\u00fcler<\/em>innen wechseln an eine Berufsschule ihrer Wahl.<\/td><\/tr><tr><td><strong>&nbsp;8. Wie weit sind die Schulen in Griechenland mit der Digitalisierung?<\/strong><\/td><\/tr><tr><td>Es wurde vieles in den letzten Jahren gemacht, wir haben jetzt fast in jeder Klasse in meiner Region neue Computer, diese gro\u00dfen schwarzen Bildschirme. Vielleicht m\u00fcsste man mehr mit der Digitalisierung machen, was zum Beispiel die Struktur einer Schule betrifft, also die Organisation in der Schule.<\/td><\/tr><tr><td><strong>&nbsp;9. Was gef\u00e4llt Ihnen gut an der Oberschule Hilter?<\/strong><\/td><\/tr><tr><td>Zuerst das Kollegium und die Schulleitung, es ist ja so, dass ich mich sofort wohl f\u00fchlte und super aufgenommen wurde. Dass ich mit netten Kollegen zu tun habe und auch mit netten Sch\u00fcler*innen und&nbsp; dass ich&nbsp; ja bei vielen Kollegen (im Unterricht) dabei sein durfte. Ich dufte in vielen F\u00e4chern wie zum Beispiel Musik, Kunst, Musik, Textil, Werken und Informatik hospitieren. So habe ich sozusagen einen guten Blick in die F\u00e4cher bekommen.<\/td><\/tr><tr><td><strong>10. Haben Sie die Osnabr\u00fccker Umgebung auch au\u00dferhalb der Schule erkundet? Was hat Ihnen besonders gefallen?<\/strong><\/td><\/tr><tr><td>Ich w\u00fcrde sagen, schon vom ersten Tag meiner Ankunft hat man sich bem\u00fcht,&nbsp; mir die Osnabr\u00fccker Umgebung zu zeigen, z.B. Bad Iburg,&nbsp;das Schloss, und wir waren an einem Wochenende in Bremen und auch nat\u00fcrlich in Osnabr\u00fcck in der Stadt und&nbsp; in Tecklenburg waren wir auch. Letztes Wochenende waren wir auch in D\u00fcsseldorf und in Aachen, also ich w\u00fcrde sagen, eine sehr sch\u00f6ne Umgebung, sehr viel Landschaft mit vielen Sehensw\u00fcrdigkeiten.<\/td><\/tr><tr><td><strong>11. Haben Sie Interesse nochmal an unsere Schule zu kommen?<\/strong><\/td><\/tr><tr><td>Ja, das w\u00fcrde mich sehr freuen und ich h\u00e4tte wirklich Interesse daran, und vielleicht, wenn man die M\u00f6glichkeit h\u00e4tte, in Zukunft&nbsp; an verschiedenen Projekten miteinander zu arbeiten,&nbsp; also dass eine Zusammenarbeit entsteht, ja, und vielleicht, wenn wir das schaffen, dann auch so eine online Sitzung z.B. zu Weihnachten oder zu Ostern, durchzuf\u00fchren und dass auch meine Sch\u00fcler*innen&nbsp; mal vielleicht die M\u00f6glichkeit h\u00e4tten, euch kennenzulernen und zu begr\u00fc\u00dfen.&nbsp; Ein kleines Interview w\u00e4re auch m\u00f6glich, ich glaube das w\u00fcrde mich wirklich sehr freuen, wenn es dazu k\u00e4me, dass wir ein gemeinsames Projekt durchf\u00fchren k\u00f6nnten und dass auch einige Kollegen oder auch die Schulleiterin Frau Haehnel mal nach Griechenland k\u00e4me und auch unsere Schulen besuchen k\u00f6nnte. Ich wollte noch dazu sagen, dass es wirklich sehr wichtig ist, dass solche M\u00f6glichkeiten angeboten werden. Das geht immer von der Schulleitung und vom Kollegium aus, denn Austausch ist etwas ganz Wichtiges. Immer, wenn gute Beziehungen entstehen und auch Zusammenarbeit, da kann ja nur etwas Positives daraus entstehen.<\/td><\/tr><tr><td><strong>12. Gibt es etwas, das Sie noch loswerden wollen?<\/strong><\/td><\/tr><tr><td>Nein, ich glaube, ich habe alles gesagt. Vielen Dank f\u00fcr euer Interesse.<\/td><\/tr><\/tbody><\/table><\/figure>\n\n\n\n<p>Interview von der Homepage-AG<\/p>\n<p>\u00a0<\/p>\n","protected":false},"excerpt":{"rendered":"<p>Frau Paraskevi (Vicky) Psalla hat an einem Austauschprogramm f\u00fcr Lehrkr\u00e4fte Europas, Asiens, Afrikas und Lateinamerikas nach Deutschland teilgenommen.<\/p>\n","protected":false},"author":9193215,"featured_media":5155,"comment_status":"closed","ping_status":"closed","sticky":false,"template":"","format":"standard","meta":{"_acf_changed":false,"footnotes":""},"categories":[4],"tags":[],"class_list":["post-5154","post","type-post","status-publish","format-standard","has-post-thumbnail","hentry","category-news-startseite"],"acf":[],"_links":{"self":[{"href":"https:\/\/wordpress.nibis.de\/obshilter\/wp-json\/wp\/v2\/posts\/5154","targetHints":{"allow":["GET"]}}],"collection":[{"href":"https:\/\/wordpress.nibis.de\/obshilter\/wp-json\/wp\/v2\/posts"}],"about":[{"href":"https:\/\/wordpress.nibis.de\/obshilter\/wp-json\/wp\/v2\/types\/post"}],"author":[{"embeddable":true,"href":"https:\/\/wordpress.nibis.de\/obshilter\/wp-json\/wp\/v2\/users\/9193215"}],"replies":[{"embeddable":true,"href":"https:\/\/wordpress.nibis.de\/obshilter\/wp-json\/wp\/v2\/comments?post=5154"}],"version-history":[{"count":4,"href":"https:\/\/wordpress.nibis.de\/obshilter\/wp-json\/wp\/v2\/posts\/5154\/revisions"}],"predecessor-version":[{"id":5174,"href":"https:\/\/wordpress.nibis.de\/obshilter\/wp-json\/wp\/v2\/posts\/5154\/revisions\/5174"}],"wp:featuredmedia":[{"embeddable":true,"href":"https:\/\/wordpress.nibis.de\/obshilter\/wp-json\/wp\/v2\/media\/5155"}],"wp:attachment":[{"href":"https:\/\/wordpress.nibis.de\/obshilter\/wp-json\/wp\/v2\/media?parent=5154"}],"wp:term":[{"taxonomy":"category","embeddable":true,"href":"https:\/\/wordpress.nibis.de\/obshilter\/wp-json\/wp\/v2\/categories?post=5154"},{"taxonomy":"post_tag","embeddable":true,"href":"https:\/\/wordpress.nibis.de\/obshilter\/wp-json\/wp\/v2\/tags?post=5154"}],"curies":[{"name":"wp","href":"https:\/\/api.w.org\/{rel}","templated":true}]}}