{"id":5192,"date":"2024-12-10T14:04:51","date_gmt":"2024-12-10T13:04:51","guid":{"rendered":"https:\/\/wordpress.nibis.de\/obshilter\/?p=5192"},"modified":"2024-12-10T14:08:33","modified_gmt":"2024-12-10T13:08:33","slug":"06-12-2024-nikolaus-und-vorlesewettbewerb","status":"publish","type":"post","link":"https:\/\/wordpress.nibis.de\/obshilter\/2024\/12\/10\/06-12-2024-nikolaus-und-vorlesewettbewerb\/","title":{"rendered":"Nikolaus und Vorlese-wettbewerb"},"content":{"rendered":"<p>Frau Habeck begr\u00fc\u00dfte die diesj\u00e4hrigen Klassensieger des Vorlesewettbewerbs der 6. Klassen, Johanna, Mio, Can und Levke unter frenetischem Beifall der Zuh\u00f6rerschaft, die aus den Jahrg\u00e4ngen 5 und 6 bestand.<br \/>\nDie Sch\u00fclerjury unterst\u00fctzten Phil, der Vorjahressieger, Xamuel, Lennox und Vivienne aus den Jahrg\u00e4ngen 9 und 10. In der Lehrerjury sa\u00dfen Frau Jahns, Frau Haselmann und Frau Conrad.<br \/>\nAuch in diesem Jahr waren die vier Leser*innen sehr aufgeregt und hofften auf den Sieg als Schulsieger*in. Um diesen Sieg zu erreichen, hatten alle die gleichen Voraussetzungen: Alle Teilnehmer*innen konnten sich auf ihren Vorlesetext aus einem von ihnen gew\u00e4hlten Buch gr\u00fcndlich vorbereiten und ihre dreimin\u00fctige Lesezeit perfekt einstudieren.<br \/>\nDas Team der Sch\u00fclerb\u00fccherei hatte als Fremdtext ein Buch ausgew\u00e4hlt, das f\u00fcr die Leser*innen eine gro\u00dfe Herausforderung war. Sie sollten aus diesem Buch zwei Minuten lang vorlesen. Trotz der Aufregung klappte das Lesen recht gut.<br \/>\nNach eingehender Beratung der Jury stand der Gewinner fest. Die Entscheidung hatten sie sich nicht leicht gemacht, denn die Lesek\u00fcnste lagen nahe beieinander.<br \/>\nDen Vorlesewettbewerb gewann in diesem Jahr Mio. Mio m\u00f6chte an dem Wettbewerb der Schulen des Landkreises in Melle teilnehmen. Wir dr\u00fccken ihm alle die Daumen.<\/p>\n<p>Ein Buchgeschenk, gespendet von der B\u00fccherei Sutm\u00f6ller aus Melle, und einen gro\u00dfen Schokonikolaus konnten alle Teilnehmer*innen des Wettbewerbs mit nach Hause nehmen.<\/p>\n","protected":false},"excerpt":{"rendered":"<p>Frau Habeck begr\u00fc\u00dfte die diesj\u00e4hrigen Klassensieger des Vorlesewettbewerbs der 6. Klassen.<\/p>\n","protected":false},"author":9192668,"featured_media":5193,"comment_status":"closed","ping_status":"closed","sticky":false,"template":"","format":"standard","meta":{"_acf_changed":false,"footnotes":""},"categories":[4],"tags":[],"class_list":["post-5192","post","type-post","status-publish","format-standard","has-post-thumbnail","hentry","category-news-startseite"],"acf":[],"_links":{"self":[{"href":"https:\/\/wordpress.nibis.de\/obshilter\/wp-json\/wp\/v2\/posts\/5192","targetHints":{"allow":["GET"]}}],"collection":[{"href":"https:\/\/wordpress.nibis.de\/obshilter\/wp-json\/wp\/v2\/posts"}],"about":[{"href":"https:\/\/wordpress.nibis.de\/obshilter\/wp-json\/wp\/v2\/types\/post"}],"author":[{"embeddable":true,"href":"https:\/\/wordpress.nibis.de\/obshilter\/wp-json\/wp\/v2\/users\/9192668"}],"replies":[{"embeddable":true,"href":"https:\/\/wordpress.nibis.de\/obshilter\/wp-json\/wp\/v2\/comments?post=5192"}],"version-history":[{"count":4,"href":"https:\/\/wordpress.nibis.de\/obshilter\/wp-json\/wp\/v2\/posts\/5192\/revisions"}],"predecessor-version":[{"id":5198,"href":"https:\/\/wordpress.nibis.de\/obshilter\/wp-json\/wp\/v2\/posts\/5192\/revisions\/5198"}],"wp:featuredmedia":[{"embeddable":true,"href":"https:\/\/wordpress.nibis.de\/obshilter\/wp-json\/wp\/v2\/media\/5193"}],"wp:attachment":[{"href":"https:\/\/wordpress.nibis.de\/obshilter\/wp-json\/wp\/v2\/media?parent=5192"}],"wp:term":[{"taxonomy":"category","embeddable":true,"href":"https:\/\/wordpress.nibis.de\/obshilter\/wp-json\/wp\/v2\/categories?post=5192"},{"taxonomy":"post_tag","embeddable":true,"href":"https:\/\/wordpress.nibis.de\/obshilter\/wp-json\/wp\/v2\/tags?post=5192"}],"curies":[{"name":"wp","href":"https:\/\/api.w.org\/{rel}","templated":true}]}}