{"id":5226,"date":"2025-01-07T14:07:36","date_gmt":"2025-01-07T13:07:36","guid":{"rendered":"https:\/\/wordpress.nibis.de\/obshilter\/?p=5226"},"modified":"2025-01-07T14:09:34","modified_gmt":"2025-01-07T13:09:34","slug":"tag-der-offenen-tuer-an-der-oberschule-hilter","status":"publish","type":"post","link":"https:\/\/wordpress.nibis.de\/obshilter\/2025\/01\/07\/tag-der-offenen-tuer-an-der-oberschule-hilter\/","title":{"rendered":"Tag der offenen T\u00fcr an der Oberschule Hilter"},"content":{"rendered":"\n<p>Am <strong>19.12.2024<\/strong> war es mal wieder soweit, die Oberschule Hilter \u00f6ffnete ihre T\u00fcren zum allj\u00e4hrlichen Tag der offenen T\u00fcr. So konnten sich alle interessierten Eltern und Sch\u00fcler*innen ein genaues Bild von der Schule machen und offene Fragen direkt vor Ort kl\u00e4ren.<\/p>\n\n\n\n<figure class=\"wp-block-gallery has-nested-images columns-default is-cropped wp-block-gallery-1 is-layout-flex wp-block-gallery-is-layout-flex\">\n<figure class=\"wp-block-image size-large\"><img loading=\"lazy\" decoding=\"async\" width=\"1200\" height=\"675\" data-id=\"5229\" src=\"https:\/\/wordpress.nibis.de\/obshilter\/files\/2025\/01\/DSC_0592-1200x675.jpg\" alt=\"\" class=\"wp-image-5229\" srcset=\"https:\/\/wordpress.nibis.de\/obshilter\/files\/2025\/01\/DSC_0592-1200x675.jpg 1200w, https:\/\/wordpress.nibis.de\/obshilter\/files\/2025\/01\/DSC_0592-850x478.jpg 850w, https:\/\/wordpress.nibis.de\/obshilter\/files\/2025\/01\/DSC_0592-250x141.jpg 250w\" sizes=\"auto, (max-width: 1200px) 100vw, 1200px\" \/><\/figure>\n\n\n\n<figure class=\"wp-block-image size-large\"><img loading=\"lazy\" decoding=\"async\" width=\"1200\" height=\"675\" data-id=\"5240\" src=\"https:\/\/wordpress.nibis.de\/obshilter\/files\/2025\/01\/DSC_0598-1200x675.jpg\" alt=\"\" class=\"wp-image-5240\" srcset=\"https:\/\/wordpress.nibis.de\/obshilter\/files\/2025\/01\/DSC_0598-1200x675.jpg 1200w, https:\/\/wordpress.nibis.de\/obshilter\/files\/2025\/01\/DSC_0598-850x478.jpg 850w, https:\/\/wordpress.nibis.de\/obshilter\/files\/2025\/01\/DSC_0598-250x141.jpg 250w\" sizes=\"auto, (max-width: 1200px) 100vw, 1200px\" \/><\/figure>\n<\/figure>\n\n\n\n<p>Unter dem Motto \u201eChristmas around the world\u201c haben die verschiedenen Jahrg\u00e4nge an drei Projekttagen intensiv gearbeitet, um ein buntes Programm f\u00fcr den Tag der offenen T\u00fcr und die Weihnachtsshow auf die Beine zu stellen. Die ganze Schule konnte entdeckt und erkundet werden, sowohl digital, in der nachgebauten Schule der Minecraft AG, als auch durch die Durchf\u00fchrung von Schulf\u00fchrungen mit Schulguides aus den zehnten Klassen.<\/p>\n\n\n\n<figure class=\"wp-block-gallery has-nested-images columns-default is-cropped wp-block-gallery-2 is-layout-flex wp-block-gallery-is-layout-flex\">\n<figure class=\"wp-block-image size-large\"><img loading=\"lazy\" decoding=\"async\" width=\"1200\" height=\"675\" data-id=\"5231\" src=\"https:\/\/wordpress.nibis.de\/obshilter\/files\/2025\/01\/DSC_0609-1-1200x675.jpg\" alt=\"\" class=\"wp-image-5231\" srcset=\"https:\/\/wordpress.nibis.de\/obshilter\/files\/2025\/01\/DSC_0609-1-1200x675.jpg 1200w, https:\/\/wordpress.nibis.de\/obshilter\/files\/2025\/01\/DSC_0609-1-850x478.jpg 850w, https:\/\/wordpress.nibis.de\/obshilter\/files\/2025\/01\/DSC_0609-1-250x141.jpg 250w\" sizes=\"auto, (max-width: 1200px) 100vw, 1200px\" \/><\/figure>\n\n\n\n<figure class=\"wp-block-image size-large\"><img loading=\"lazy\" decoding=\"async\" width=\"1200\" height=\"675\" data-id=\"5233\" src=\"https:\/\/wordpress.nibis.de\/obshilter\/files\/2025\/01\/DSC_0596-1200x675.jpg\" alt=\"\" class=\"wp-image-5233\" srcset=\"https:\/\/wordpress.nibis.de\/obshilter\/files\/2025\/01\/DSC_0596-1200x675.jpg 1200w, https:\/\/wordpress.nibis.de\/obshilter\/files\/2025\/01\/DSC_0596-850x478.jpg 850w, https:\/\/wordpress.nibis.de\/obshilter\/files\/2025\/01\/DSC_0596-250x141.jpg 250w\" sizes=\"auto, (max-width: 1200px) 100vw, 1200px\" \/><\/figure>\n<\/figure>\n\n\n\n<p>In den verschiedenen Fachr\u00e4umen und Fachbereichen wurden viele F\u00e4cher genauer vorgestellt und es gab auch viele Aktionen zum Mitmachen. Man konnte beispielsweise aus einem mathematischen Escaperoom fliehen, sein Wissen bei einem Quiz auf dem iPad beweisen, eine Schulrallye durchlaufen, im Musikraum die Bo-Drums testen oder im Kunstraum weihnachtliche Sch\u00fcttelkarten basteln. Auch die Fachbereiche Biologie und Chemie haben ihre R\u00e4ume ge\u00f6ffnet und vorgestellt. Im Werk-\/ Technikraum wurde unter anderem weihnachtliche Deko verkauft, die mit Hilfe von Lasercuttern und 3D-Druckern im Technikunterricht hergestellt wurde.<\/p>\n\n\n\n<figure class=\"wp-block-gallery has-nested-images columns-default is-cropped wp-block-gallery-3 is-layout-flex wp-block-gallery-is-layout-flex\">\n<figure class=\"wp-block-image size-large\"><img loading=\"lazy\" decoding=\"async\" width=\"1200\" height=\"675\" data-id=\"5234\" src=\"https:\/\/wordpress.nibis.de\/obshilter\/files\/2025\/01\/DSC_0535-1200x675.jpg\" alt=\"\" class=\"wp-image-5234\" srcset=\"https:\/\/wordpress.nibis.de\/obshilter\/files\/2025\/01\/DSC_0535-1200x675.jpg 1200w, https:\/\/wordpress.nibis.de\/obshilter\/files\/2025\/01\/DSC_0535-850x478.jpg 850w, https:\/\/wordpress.nibis.de\/obshilter\/files\/2025\/01\/DSC_0535-250x141.jpg 250w\" sizes=\"auto, (max-width: 1200px) 100vw, 1200px\" \/><\/figure>\n\n\n\n<figure class=\"wp-block-image size-large\"><img loading=\"lazy\" decoding=\"async\" width=\"1200\" height=\"675\" data-id=\"5235\" src=\"https:\/\/wordpress.nibis.de\/obshilter\/files\/2025\/01\/DSC_0541-1200x675.jpg\" alt=\"\" class=\"wp-image-5235\" srcset=\"https:\/\/wordpress.nibis.de\/obshilter\/files\/2025\/01\/DSC_0541-1200x675.jpg 1200w, https:\/\/wordpress.nibis.de\/obshilter\/files\/2025\/01\/DSC_0541-850x478.jpg 850w, https:\/\/wordpress.nibis.de\/obshilter\/files\/2025\/01\/DSC_0541-250x141.jpg 250w\" sizes=\"auto, (max-width: 1200px) 100vw, 1200px\" \/><\/figure>\n\n\n\n<figure class=\"wp-block-image size-large\"><img loading=\"lazy\" decoding=\"async\" width=\"1200\" height=\"675\" data-id=\"5236\" src=\"https:\/\/wordpress.nibis.de\/obshilter\/files\/2025\/01\/DSC_0608-1-1200x675.jpg\" alt=\"\" class=\"wp-image-5236\" srcset=\"https:\/\/wordpress.nibis.de\/obshilter\/files\/2025\/01\/DSC_0608-1-1200x675.jpg 1200w, https:\/\/wordpress.nibis.de\/obshilter\/files\/2025\/01\/DSC_0608-1-850x478.jpg 850w, https:\/\/wordpress.nibis.de\/obshilter\/files\/2025\/01\/DSC_0608-1-250x141.jpg 250w\" sizes=\"auto, (max-width: 1200px) 100vw, 1200px\" \/><\/figure>\n<\/figure>\n\n\n\n<p>Auch f\u00fcr eine ausreichende Verpflegung war gesorgt. Egal ob Bratwurst vom Grill, Cr\u00eapes vom Fachbereich Franz\u00f6sisch, selbstbelegte Pizza aus der Schulk\u00fcche, Waffeln vom F\u00f6rderverein oder andere kleine Snacks, f\u00fcr jeden war etwas dabei.<\/p>\n\n\n\n<figure class=\"wp-block-gallery has-nested-images columns-default is-cropped wp-block-gallery-4 is-layout-flex wp-block-gallery-is-layout-flex\">\n<figure class=\"wp-block-image size-large\"><img loading=\"lazy\" decoding=\"async\" width=\"1200\" height=\"675\" data-id=\"5237\" src=\"https:\/\/wordpress.nibis.de\/obshilter\/files\/2025\/01\/DSC_0593-1200x675.jpg\" alt=\"\" class=\"wp-image-5237\" srcset=\"https:\/\/wordpress.nibis.de\/obshilter\/files\/2025\/01\/DSC_0593-1200x675.jpg 1200w, https:\/\/wordpress.nibis.de\/obshilter\/files\/2025\/01\/DSC_0593-850x478.jpg 850w, https:\/\/wordpress.nibis.de\/obshilter\/files\/2025\/01\/DSC_0593-250x141.jpg 250w\" sizes=\"auto, (max-width: 1200px) 100vw, 1200px\" \/><\/figure>\n\n\n\n<figure class=\"wp-block-image size-large\"><img loading=\"lazy\" decoding=\"async\" width=\"1200\" height=\"675\" data-id=\"5238\" src=\"https:\/\/wordpress.nibis.de\/obshilter\/files\/2025\/01\/DSC_0613-1-1200x675.jpg\" alt=\"\" class=\"wp-image-5238\" srcset=\"https:\/\/wordpress.nibis.de\/obshilter\/files\/2025\/01\/DSC_0613-1-1200x675.jpg 1200w, https:\/\/wordpress.nibis.de\/obshilter\/files\/2025\/01\/DSC_0613-1-850x478.jpg 850w, https:\/\/wordpress.nibis.de\/obshilter\/files\/2025\/01\/DSC_0613-1-250x141.jpg 250w\" sizes=\"auto, (max-width: 1200px) 100vw, 1200px\" \/><\/figure>\n<\/figure>\n\n\n\n<p>\u00a0<\/p>\n<p>Am Ende waren sich alle einig, dass es ein gelungener Tag der offenen T\u00fcr mit netten, neuen und altbekannten Gesichtern war. Hoffentlich sehen wir das ein oder andere davon in unseren neuen f\u00fcnften Klassen wieder!<\/p>\n","protected":false},"excerpt":{"rendered":"<p>Am 19.12.2024 war es mal wieder soweit, die Oberschule Hilter \u00f6ffnete ihre T\u00fcren zum allj\u00e4hrlichen Tag der offenen T\u00fcr. <\/p>\n","protected":false},"author":9193215,"featured_media":5228,"comment_status":"closed","ping_status":"closed","sticky":false,"template":"","format":"standard","meta":{"_acf_changed":false,"footnotes":""},"categories":[4],"tags":[],"class_list":["post-5226","post","type-post","status-publish","format-standard","has-post-thumbnail","hentry","category-news-startseite"],"acf":[],"_links":{"self":[{"href":"https:\/\/wordpress.nibis.de\/obshilter\/wp-json\/wp\/v2\/posts\/5226","targetHints":{"allow":["GET"]}}],"collection":[{"href":"https:\/\/wordpress.nibis.de\/obshilter\/wp-json\/wp\/v2\/posts"}],"about":[{"href":"https:\/\/wordpress.nibis.de\/obshilter\/wp-json\/wp\/v2\/types\/post"}],"author":[{"embeddable":true,"href":"https:\/\/wordpress.nibis.de\/obshilter\/wp-json\/wp\/v2\/users\/9193215"}],"replies":[{"embeddable":true,"href":"https:\/\/wordpress.nibis.de\/obshilter\/wp-json\/wp\/v2\/comments?post=5226"}],"version-history":[{"count":3,"href":"https:\/\/wordpress.nibis.de\/obshilter\/wp-json\/wp\/v2\/posts\/5226\/revisions"}],"predecessor-version":[{"id":5242,"href":"https:\/\/wordpress.nibis.de\/obshilter\/wp-json\/wp\/v2\/posts\/5226\/revisions\/5242"}],"wp:featuredmedia":[{"embeddable":true,"href":"https:\/\/wordpress.nibis.de\/obshilter\/wp-json\/wp\/v2\/media\/5228"}],"wp:attachment":[{"href":"https:\/\/wordpress.nibis.de\/obshilter\/wp-json\/wp\/v2\/media?parent=5226"}],"wp:term":[{"taxonomy":"category","embeddable":true,"href":"https:\/\/wordpress.nibis.de\/obshilter\/wp-json\/wp\/v2\/categories?post=5226"},{"taxonomy":"post_tag","embeddable":true,"href":"https:\/\/wordpress.nibis.de\/obshilter\/wp-json\/wp\/v2\/tags?post=5226"}],"curies":[{"name":"wp","href":"https:\/\/api.w.org\/{rel}","templated":true}]}}