{"id":5243,"date":"2025-01-14T13:24:40","date_gmt":"2025-01-14T12:24:40","guid":{"rendered":"https:\/\/wordpress.nibis.de\/obshilter\/?p=5243"},"modified":"2025-01-14T13:45:34","modified_gmt":"2025-01-14T12:45:34","slug":"christmas-around-the-world","status":"publish","type":"post","link":"https:\/\/wordpress.nibis.de\/obshilter\/2025\/01\/14\/christmas-around-the-world\/","title":{"rendered":"Christmas around the world"},"content":{"rendered":"\n<p>Kurz vor Weihnachten lud die Oberschule Hilter zur traditionellen Weihnachtsshow ein, bei der&nbsp; die Klassen der Jahrg\u00e4nge 5-8 Weihnachtliches pr\u00e4sentierten. Ein Herzliches Willkommen und ein frohes Fest wurden den Zuschauern in zahlreichen Sprachen von den Kindern gew\u00fcnscht, bevor das eigentliche Programm begann.<\/p>\n\n\n\n<figure class=\"wp-block-gallery has-nested-images columns-default is-cropped wp-block-gallery-1 is-layout-flex wp-block-gallery-is-layout-flex\">\n<figure class=\"wp-block-image size-full\"><img loading=\"lazy\" decoding=\"async\" width=\"1500\" height=\"2000\" data-id=\"5245\" src=\"https:\/\/wordpress.nibis.de\/obshilter\/files\/2025\/01\/WS3.jpg\" alt=\"\" class=\"wp-image-5245\" srcset=\"https:\/\/wordpress.nibis.de\/obshilter\/files\/2025\/01\/WS3.jpg 1500w, https:\/\/wordpress.nibis.de\/obshilter\/files\/2025\/01\/WS3-768x1024.jpg 768w, https:\/\/wordpress.nibis.de\/obshilter\/files\/2025\/01\/WS3-1152x1536.jpg 1152w, https:\/\/wordpress.nibis.de\/obshilter\/files\/2025\/01\/WS3-203x270.jpg 203w\" sizes=\"auto, (max-width: 1500px) 100vw, 1500px\" \/><\/figure>\n\n\n\n<figure class=\"wp-block-image size-full\"><img loading=\"lazy\" decoding=\"async\" width=\"1500\" height=\"2000\" data-id=\"5246\" src=\"https:\/\/wordpress.nibis.de\/obshilter\/files\/2025\/01\/WS1.jpg\" alt=\"\" class=\"wp-image-5246\" srcset=\"https:\/\/wordpress.nibis.de\/obshilter\/files\/2025\/01\/WS1.jpg 1500w, https:\/\/wordpress.nibis.de\/obshilter\/files\/2025\/01\/WS1-768x1024.jpg 768w, https:\/\/wordpress.nibis.de\/obshilter\/files\/2025\/01\/WS1-1152x1536.jpg 1152w, https:\/\/wordpress.nibis.de\/obshilter\/files\/2025\/01\/WS1-203x270.jpg 203w\" sizes=\"auto, (max-width: 1500px) 100vw, 1500px\" \/><\/figure>\n<\/figure>\n\n\n\n<p>&nbsp;Zum Auftakt trommelte die Klasse 5b auf den BO-Drums unter der Leitung von Joachim Br\u00fcntjen, einem Schlagzeuglehrer aus Osnabr\u00fcck. Musikalisch ging es weiter mit einem Weihnachtsliederquiz der Klasse 5a. Die Lieder wurden pantomimisch dargestellt und mussten erraten werden.<\/p>\n\n\n\n<figure class=\"wp-block-gallery has-nested-images columns-default is-cropped wp-block-gallery-2 is-layout-flex wp-block-gallery-is-layout-flex\">\n<figure class=\"wp-block-image size-full\"><img loading=\"lazy\" decoding=\"async\" width=\"828\" height=\"1155\" data-id=\"5249\" src=\"https:\/\/wordpress.nibis.de\/obshilter\/files\/2025\/01\/WS9.jpg\" alt=\"\" class=\"wp-image-5249\" srcset=\"https:\/\/wordpress.nibis.de\/obshilter\/files\/2025\/01\/WS9.jpg 828w, https:\/\/wordpress.nibis.de\/obshilter\/files\/2025\/01\/WS9-768x1071.jpg 768w, https:\/\/wordpress.nibis.de\/obshilter\/files\/2025\/01\/WS9-194x270.jpg 194w\" sizes=\"auto, (max-width: 828px) 100vw, 828px\" \/><\/figure>\n\n\n\n<figure class=\"wp-block-image size-full\"><img loading=\"lazy\" decoding=\"async\" width=\"1500\" height=\"2000\" data-id=\"5250\" src=\"https:\/\/wordpress.nibis.de\/obshilter\/files\/2025\/01\/WS5.jpg\" alt=\"\" class=\"wp-image-5250\" srcset=\"https:\/\/wordpress.nibis.de\/obshilter\/files\/2025\/01\/WS5.jpg 1500w, https:\/\/wordpress.nibis.de\/obshilter\/files\/2025\/01\/WS5-768x1024.jpg 768w, https:\/\/wordpress.nibis.de\/obshilter\/files\/2025\/01\/WS5-1152x1536.jpg 1152w, https:\/\/wordpress.nibis.de\/obshilter\/files\/2025\/01\/WS5-203x270.jpg 203w\" sizes=\"auto, (max-width: 1500px) 100vw, 1500px\" \/><\/figure>\n<\/figure>\n\n\n\n<p>&nbsp;Die Klasse 6b punktete mit einer Akrobatikvorstellung. Die Akteure mussten aufpassen, sich an der niedrigen Decke nicht den Kopf zu sto\u00dfen. Eine digitale Weihnachtsgeschichte der Klasse 6a sorgte f\u00fcr eine \u00dcberraschung f\u00fcr die kleine Eule. Dynamisch wurde es, als die Klasse 5b ihren Hip Hop auff\u00fchrte. Etwas ruhiger gestaltete sich der kleine Sketch der Franz\u00f6sischsch\u00fcler*innen des 6. Jahrgangs.<\/p>\n\n\n\n<figure class=\"wp-block-gallery has-nested-images columns-default is-cropped wp-block-gallery-3 is-layout-flex wp-block-gallery-is-layout-flex\">\n<figure class=\"wp-block-image size-full\"><img loading=\"lazy\" decoding=\"async\" width=\"1664\" height=\"1109\" data-id=\"5253\" src=\"https:\/\/wordpress.nibis.de\/obshilter\/files\/2025\/01\/WS2-1.jpg\" alt=\"\" class=\"wp-image-5253\" srcset=\"https:\/\/wordpress.nibis.de\/obshilter\/files\/2025\/01\/WS2-1.jpg 1664w, https:\/\/wordpress.nibis.de\/obshilter\/files\/2025\/01\/WS2-1-768x512.jpg 768w, https:\/\/wordpress.nibis.de\/obshilter\/files\/2025\/01\/WS2-1-1536x1024.jpg 1536w, https:\/\/wordpress.nibis.de\/obshilter\/files\/2025\/01\/WS2-1-405x270.jpg 405w\" sizes=\"auto, (max-width: 1664px) 100vw, 1664px\" \/><\/figure>\n\n\n\n<figure class=\"wp-block-image size-full\"><img loading=\"lazy\" decoding=\"async\" width=\"1744\" height=\"1036\" data-id=\"5254\" src=\"https:\/\/wordpress.nibis.de\/obshilter\/files\/2025\/01\/WS4.jpg\" alt=\"\" class=\"wp-image-5254\" srcset=\"https:\/\/wordpress.nibis.de\/obshilter\/files\/2025\/01\/WS4.jpg 1744w, https:\/\/wordpress.nibis.de\/obshilter\/files\/2025\/01\/WS4-768x456.jpg 768w, https:\/\/wordpress.nibis.de\/obshilter\/files\/2025\/01\/WS4-1536x912.jpg 1536w, https:\/\/wordpress.nibis.de\/obshilter\/files\/2025\/01\/WS4-455x270.jpg 455w\" sizes=\"auto, (max-width: 1744px) 100vw, 1744px\" \/><\/figure>\n<\/figure>\n\n\n\n<p>\u00a0\u201aNur im Kino\u2018 vom WPK Theater des 6. Jahrgangs sorgte f\u00fcr Schmunzeln, als sich herausstellte, wer welches Geschenk zu Weihnachten bekommen sollte. Ein munteres Verwirrspiel, das z.B.\u00a0 dem Hamster einen Rollator bescherte. Lustige Socken der 7b tanzten und sangen im Anschluss. Zum Abschluss wurden alle Zuschauer aufgefordert, einen bekannten Weihnachtssong gemeinsam zu tr\u00e4llern, bevor es beschwingt nach Hause ging.<\/p>\n\n\n\n<figure class=\"wp-block-gallery has-nested-images columns-default is-cropped wp-block-gallery-4 is-layout-flex wp-block-gallery-is-layout-flex\">\n<figure class=\"wp-block-image size-full\"><img loading=\"lazy\" decoding=\"async\" width=\"786\" height=\"1183\" data-id=\"5255\" src=\"https:\/\/wordpress.nibis.de\/obshilter\/files\/2025\/01\/WS7.jpg\" alt=\"\" class=\"wp-image-5255\" srcset=\"https:\/\/wordpress.nibis.de\/obshilter\/files\/2025\/01\/WS7.jpg 786w, https:\/\/wordpress.nibis.de\/obshilter\/files\/2025\/01\/WS7-768x1156.jpg 768w, https:\/\/wordpress.nibis.de\/obshilter\/files\/2025\/01\/WS7-179x270.jpg 179w\" sizes=\"auto, (max-width: 786px) 100vw, 786px\" \/><\/figure>\n\n\n\n<figure class=\"wp-block-image size-full\"><img loading=\"lazy\" decoding=\"async\" width=\"712\" height=\"1047\" data-id=\"5256\" src=\"https:\/\/wordpress.nibis.de\/obshilter\/files\/2025\/01\/WS8.jpg\" alt=\"\" class=\"wp-image-5256\" srcset=\"https:\/\/wordpress.nibis.de\/obshilter\/files\/2025\/01\/WS8.jpg 712w, https:\/\/wordpress.nibis.de\/obshilter\/files\/2025\/01\/WS8-184x270.jpg 184w\" sizes=\"auto, (max-width: 712px) 100vw, 712px\" \/><\/figure>\n<\/figure>\n","protected":false},"excerpt":{"rendered":"<p>Kurz vor Weihnachten lud die Oberschule Hilter zur traditionellen Weihnachtsshow ein, bei der\u00a0 die Klassen der Jahrg\u00e4nge 5-8 Weihnachtliches pr\u00e4sentierten.<\/p>\n","protected":false},"author":9193215,"featured_media":5244,"comment_status":"closed","ping_status":"closed","sticky":false,"template":"","format":"standard","meta":{"_acf_changed":false,"footnotes":""},"categories":[4],"tags":[],"class_list":["post-5243","post","type-post","status-publish","format-standard","has-post-thumbnail","hentry","category-news-startseite"],"acf":[],"_links":{"self":[{"href":"https:\/\/wordpress.nibis.de\/obshilter\/wp-json\/wp\/v2\/posts\/5243","targetHints":{"allow":["GET"]}}],"collection":[{"href":"https:\/\/wordpress.nibis.de\/obshilter\/wp-json\/wp\/v2\/posts"}],"about":[{"href":"https:\/\/wordpress.nibis.de\/obshilter\/wp-json\/wp\/v2\/types\/post"}],"author":[{"embeddable":true,"href":"https:\/\/wordpress.nibis.de\/obshilter\/wp-json\/wp\/v2\/users\/9193215"}],"replies":[{"embeddable":true,"href":"https:\/\/wordpress.nibis.de\/obshilter\/wp-json\/wp\/v2\/comments?post=5243"}],"version-history":[{"count":2,"href":"https:\/\/wordpress.nibis.de\/obshilter\/wp-json\/wp\/v2\/posts\/5243\/revisions"}],"predecessor-version":[{"id":5261,"href":"https:\/\/wordpress.nibis.de\/obshilter\/wp-json\/wp\/v2\/posts\/5243\/revisions\/5261"}],"wp:featuredmedia":[{"embeddable":true,"href":"https:\/\/wordpress.nibis.de\/obshilter\/wp-json\/wp\/v2\/media\/5244"}],"wp:attachment":[{"href":"https:\/\/wordpress.nibis.de\/obshilter\/wp-json\/wp\/v2\/media?parent=5243"}],"wp:term":[{"taxonomy":"category","embeddable":true,"href":"https:\/\/wordpress.nibis.de\/obshilter\/wp-json\/wp\/v2\/categories?post=5243"},{"taxonomy":"post_tag","embeddable":true,"href":"https:\/\/wordpress.nibis.de\/obshilter\/wp-json\/wp\/v2\/tags?post=5243"}],"curies":[{"name":"wp","href":"https:\/\/api.w.org\/{rel}","templated":true}]}}