{"id":5384,"date":"2024-08-06T13:23:00","date_gmt":"2024-08-06T11:23:00","guid":{"rendered":"https:\/\/wordpress.nibis.de\/obshilter\/?p=5384"},"modified":"2025-03-04T13:45:15","modified_gmt":"2025-03-04T12:45:15","slug":"mit-der-ganzen-schule-auf-achse","status":"publish","type":"post","link":"https:\/\/wordpress.nibis.de\/obshilter\/2024\/08\/06\/mit-der-ganzen-schule-auf-achse\/","title":{"rendered":"Mit der ganzen Schule auf Achse"},"content":{"rendered":"\n\n\n<p>Am 19.06.24 fuhren alle Sch\u00fclerinnen und Sch\u00fcler der f\u00fcnften bis neunten Klassen nach Schloss Dankern. Nach ca. 1,5 Stunden kamen alle Busse dort gegen 10.00 Uhr an.<\/p>\n\n\n\n<figure class=\"wp-block-gallery has-nested-images columns-default is-cropped wp-block-gallery-1 is-layout-flex wp-block-gallery-is-layout-flex\">\n<figure class=\"wp-block-image size-large\"><img loading=\"lazy\" decoding=\"async\" width=\"1200\" height=\"675\" data-id=\"5390\" src=\"https:\/\/wordpress.nibis.de\/obshilter\/files\/2025\/03\/Dankern-06-1200x675.jpg\" alt=\"\" class=\"wp-image-5390\" srcset=\"https:\/\/wordpress.nibis.de\/obshilter\/files\/2025\/03\/Dankern-06-1200x675.jpg 1200w, https:\/\/wordpress.nibis.de\/obshilter\/files\/2025\/03\/Dankern-06-850x478.jpg 850w, https:\/\/wordpress.nibis.de\/obshilter\/files\/2025\/03\/Dankern-06-250x141.jpg 250w\" sizes=\"auto, (max-width: 1200px) 100vw, 1200px\" \/><\/figure>\n\n\n\n<figure class=\"wp-block-image size-large\"><img loading=\"lazy\" decoding=\"async\" width=\"1200\" height=\"675\" data-id=\"5389\" src=\"https:\/\/wordpress.nibis.de\/obshilter\/files\/2025\/03\/Dankern-04-1200x675.jpg\" alt=\"\" class=\"wp-image-5389\" srcset=\"https:\/\/wordpress.nibis.de\/obshilter\/files\/2025\/03\/Dankern-04-1200x675.jpg 1200w, https:\/\/wordpress.nibis.de\/obshilter\/files\/2025\/03\/Dankern-04-850x478.jpg 850w, https:\/\/wordpress.nibis.de\/obshilter\/files\/2025\/03\/Dankern-04-250x141.jpg 250w\" sizes=\"auto, (max-width: 1200px) 100vw, 1200px\" \/><\/figure>\n<\/figure>\n\n\n\n<p>Alle hatten viel Spa\u00df im Park, besonders die Wasserrutsche stellte ein Highlight dar, kaum einer blieb hier trocken. Viele fuhren begeistert mit der Achterbahn, manch einer mehrere Male. Die Indoorrutsche wurde zum Teamevent f\u00fcr den achten Jahrgang. Die etwas \u00c4lteren drehten eine Runde um den angrenzenden See und genossen dort das sch\u00f6ne Wetter.<\/p>\n\n\n\n<figure class=\"wp-block-gallery has-nested-images columns-default is-cropped wp-block-gallery-2 is-layout-flex wp-block-gallery-is-layout-flex\">\n<figure class=\"wp-block-image size-large\"><img loading=\"lazy\" decoding=\"async\" width=\"1200\" height=\"675\" data-id=\"5391\" src=\"https:\/\/wordpress.nibis.de\/obshilter\/files\/2025\/03\/Dankern-50-1200x675.jpg\" alt=\"\" class=\"wp-image-5391\" srcset=\"https:\/\/wordpress.nibis.de\/obshilter\/files\/2025\/03\/Dankern-50-1200x675.jpg 1200w, https:\/\/wordpress.nibis.de\/obshilter\/files\/2025\/03\/Dankern-50-850x478.jpg 850w, https:\/\/wordpress.nibis.de\/obshilter\/files\/2025\/03\/Dankern-50-250x141.jpg 250w\" sizes=\"auto, (max-width: 1200px) 100vw, 1200px\" \/><\/figure>\n\n\n\n<figure class=\"wp-block-image size-large\"><img loading=\"lazy\" decoding=\"async\" width=\"1200\" height=\"675\" data-id=\"5392\" src=\"https:\/\/wordpress.nibis.de\/obshilter\/files\/2025\/03\/Dankern-52-1200x675.jpg\" alt=\"\" class=\"wp-image-5392\" srcset=\"https:\/\/wordpress.nibis.de\/obshilter\/files\/2025\/03\/Dankern-52-1200x675.jpg 1200w, https:\/\/wordpress.nibis.de\/obshilter\/files\/2025\/03\/Dankern-52-850x478.jpg 850w, https:\/\/wordpress.nibis.de\/obshilter\/files\/2025\/03\/Dankern-52-250x141.jpg 250w\" sizes=\"auto, (max-width: 1200px) 100vw, 1200px\" \/><\/figure>\n<\/figure>\n\n\n\n<p>Viel Spa\u00df hatten einige Sch\u00fclerinnen und Sch\u00fcler beim Autoscooterfahren \u2013 die besondere Herausforderung bestand darin, die Lehrer anzurempeln und aus dem Verkehr zu katapultieren. Herr Gering stellt einen besonderen Rekord beim Bullriding auf. Ob wohl einige Wetten zuvor abgeschlossen wurden? Am Nachmittag fuhren alle zufrieden und m\u00fcde mit der Buskolonne zur\u00fcck nach Borgloh.<\/p>\n\n\n\n<figure class=\"wp-block-gallery has-nested-images columns-default is-cropped wp-block-gallery-3 is-layout-flex wp-block-gallery-is-layout-flex\">\n<figure class=\"wp-block-image size-large\"><img loading=\"lazy\" decoding=\"async\" width=\"1200\" height=\"675\" data-id=\"5388\" src=\"https:\/\/wordpress.nibis.de\/obshilter\/files\/2025\/03\/Dankern-63-1200x675.jpg\" alt=\"\" class=\"wp-image-5388\" srcset=\"https:\/\/wordpress.nibis.de\/obshilter\/files\/2025\/03\/Dankern-63-1200x675.jpg 1200w, https:\/\/wordpress.nibis.de\/obshilter\/files\/2025\/03\/Dankern-63-850x478.jpg 850w, https:\/\/wordpress.nibis.de\/obshilter\/files\/2025\/03\/Dankern-63-250x141.jpg 250w\" sizes=\"auto, (max-width: 1200px) 100vw, 1200px\" \/><\/figure>\n<\/figure>\n\n\n","protected":false},"excerpt":{"rendered":"<p>Am 19.06.24 fuhren alle Sch\u00fclerinnen und Sch\u00fcler der f\u00fcnften bis neunten Klassen nach Schloss Dankern. <\/p>\n","protected":false},"author":9193215,"featured_media":5393,"comment_status":"closed","ping_status":"closed","sticky":false,"template":"","format":"standard","meta":{"_acf_changed":false,"footnotes":""},"categories":[4],"tags":[],"class_list":["post-5384","post","type-post","status-publish","format-standard","has-post-thumbnail","hentry","category-news-startseite"],"acf":[],"_links":{"self":[{"href":"https:\/\/wordpress.nibis.de\/obshilter\/wp-json\/wp\/v2\/posts\/5384","targetHints":{"allow":["GET"]}}],"collection":[{"href":"https:\/\/wordpress.nibis.de\/obshilter\/wp-json\/wp\/v2\/posts"}],"about":[{"href":"https:\/\/wordpress.nibis.de\/obshilter\/wp-json\/wp\/v2\/types\/post"}],"author":[{"embeddable":true,"href":"https:\/\/wordpress.nibis.de\/obshilter\/wp-json\/wp\/v2\/users\/9193215"}],"replies":[{"embeddable":true,"href":"https:\/\/wordpress.nibis.de\/obshilter\/wp-json\/wp\/v2\/comments?post=5384"}],"version-history":[{"count":2,"href":"https:\/\/wordpress.nibis.de\/obshilter\/wp-json\/wp\/v2\/posts\/5384\/revisions"}],"predecessor-version":[{"id":5400,"href":"https:\/\/wordpress.nibis.de\/obshilter\/wp-json\/wp\/v2\/posts\/5384\/revisions\/5400"}],"wp:featuredmedia":[{"embeddable":true,"href":"https:\/\/wordpress.nibis.de\/obshilter\/wp-json\/wp\/v2\/media\/5393"}],"wp:attachment":[{"href":"https:\/\/wordpress.nibis.de\/obshilter\/wp-json\/wp\/v2\/media?parent=5384"}],"wp:term":[{"taxonomy":"category","embeddable":true,"href":"https:\/\/wordpress.nibis.de\/obshilter\/wp-json\/wp\/v2\/categories?post=5384"},{"taxonomy":"post_tag","embeddable":true,"href":"https:\/\/wordpress.nibis.de\/obshilter\/wp-json\/wp\/v2\/tags?post=5384"}],"curies":[{"name":"wp","href":"https:\/\/api.w.org\/{rel}","templated":true}]}}