{"id":5423,"date":"2025-03-18T13:41:14","date_gmt":"2025-03-18T12:41:14","guid":{"rendered":"https:\/\/wordpress.nibis.de\/obshilter\/?p=5423"},"modified":"2025-03-18T13:41:19","modified_gmt":"2025-03-18T12:41:19","slug":"betriebe-in-die-schule-2025","status":"publish","type":"post","link":"https:\/\/wordpress.nibis.de\/obshilter\/2025\/03\/18\/betriebe-in-die-schule-2025\/","title":{"rendered":"Betriebe in die Schule 2025"},"content":{"rendered":"\n<p>Am 13. M\u00e4rz fand an der Oberschule Hilter eine Schulberufsmesse statt, bei der sich \u00fcber 20 Betriebe pr\u00e4sentierten. Die Veranstaltung bot den Sch\u00fclerinnen und Sch\u00fclern die M\u00f6glichkeit, sich direkt \u00fcber verschiedene Ausbildungsberufe zu informieren und erste Kontakte zu potenziellen Arbeitgebern zu kn\u00fcpfen.<\/p>\n\n\n\n<figure class=\"wp-block-gallery has-nested-images columns-default is-cropped wp-block-gallery-1 is-layout-flex wp-block-gallery-is-layout-flex\">\n<figure class=\"wp-block-image size-large\"><img loading=\"lazy\" decoding=\"async\" width=\"1200\" height=\"675\" data-id=\"5426\" src=\"https:\/\/wordpress.nibis.de\/obshilter\/files\/2025\/03\/Fuch1-1200x675.jpg\" alt=\"\" class=\"wp-image-5426\" srcset=\"https:\/\/wordpress.nibis.de\/obshilter\/files\/2025\/03\/Fuch1-1200x675.jpg 1200w, https:\/\/wordpress.nibis.de\/obshilter\/files\/2025\/03\/Fuch1-850x478.jpg 850w, https:\/\/wordpress.nibis.de\/obshilter\/files\/2025\/03\/Fuch1-250x141.jpg 250w\" sizes=\"auto, (max-width: 1200px) 100vw, 1200px\" \/><\/figure>\n\n\n\n<figure class=\"wp-block-image size-large\"><img loading=\"lazy\" decoding=\"async\" width=\"1200\" height=\"675\" data-id=\"5427\" src=\"https:\/\/wordpress.nibis.de\/obshilter\/files\/2025\/03\/Stadtwerke-GMHuette2-1200x675.jpg\" alt=\"\" class=\"wp-image-5427\" srcset=\"https:\/\/wordpress.nibis.de\/obshilter\/files\/2025\/03\/Stadtwerke-GMHuette2-1200x675.jpg 1200w, https:\/\/wordpress.nibis.de\/obshilter\/files\/2025\/03\/Stadtwerke-GMHuette2-850x478.jpg 850w, https:\/\/wordpress.nibis.de\/obshilter\/files\/2025\/03\/Stadtwerke-GMHuette2-250x141.jpg 250w\" sizes=\"auto, (max-width: 1200px) 100vw, 1200px\" \/><\/figure>\n<\/figure>\n\n\n\n<p>Unter den vertretenen Unternehmen und Institutionen waren sowohl gro\u00dfe Arbeitgeber wie Firma H\u00f6cker Polytechnik, Firma B.Braun, Uniqefood, Poggemann, die Bundeswehr und die Polizei als auch weitere regionale\u00a0 Betriebe aus dem Handwerk und dem Dienstleistungssektor. Firma Schlingmann kam mit dem Feuerwehrwagen angereist. Fuchs Gew\u00fcrze bot die M\u00f6glichkeit, eigene Gew\u00fcrzmischungen herzustellen. Die evangelische Fachschule informierte \u00fcber die Ausbildung als Erzieher*in, indem sie Besch\u00e4ftigungsm\u00f6glichkeiten mit Kindern und Gruppenspiele vorstellte. Ein besonderes Highlight war die M\u00f6glichkeit, mit aktuellen Auszubildenden, z.T. ehemaligen Sch\u00fcler*innen, ins Gespr\u00e4ch zu kommen. Dadurch erhielten die Sch\u00fclerinnen und Sch\u00fcler authentische Einblicke in den Arbeitsalltag und konnten aus erster Hand erfahren, welche Anforderungen und Chancen die verschiedenen Berufe bieten.<\/p>\n\n\n\n<figure class=\"wp-block-gallery has-nested-images columns-default is-cropped wp-block-gallery-2 is-layout-flex wp-block-gallery-is-layout-flex\">\n<figure class=\"wp-block-image size-large\"><img loading=\"lazy\" decoding=\"async\" width=\"1200\" height=\"675\" data-id=\"5429\" src=\"https:\/\/wordpress.nibis.de\/obshilter\/files\/2025\/03\/EfS3-1200x675.jpg\" alt=\"\" class=\"wp-image-5429\" srcset=\"https:\/\/wordpress.nibis.de\/obshilter\/files\/2025\/03\/EfS3-1200x675.jpg 1200w, https:\/\/wordpress.nibis.de\/obshilter\/files\/2025\/03\/EfS3-850x478.jpg 850w, https:\/\/wordpress.nibis.de\/obshilter\/files\/2025\/03\/EfS3-250x141.jpg 250w\" sizes=\"auto, (max-width: 1200px) 100vw, 1200px\" \/><\/figure>\n\n\n\n<figure class=\"wp-block-image size-large\"><img loading=\"lazy\" decoding=\"async\" width=\"1200\" height=\"675\" data-id=\"5430\" src=\"https:\/\/wordpress.nibis.de\/obshilter\/files\/2025\/03\/Hoecker2-1200x675.jpg\" alt=\"\" class=\"wp-image-5430\" srcset=\"https:\/\/wordpress.nibis.de\/obshilter\/files\/2025\/03\/Hoecker2-1200x675.jpg 1200w, https:\/\/wordpress.nibis.de\/obshilter\/files\/2025\/03\/Hoecker2-850x478.jpg 850w, https:\/\/wordpress.nibis.de\/obshilter\/files\/2025\/03\/Hoecker2-250x141.jpg 250w\" sizes=\"auto, (max-width: 1200px) 100vw, 1200px\" \/><\/figure>\n<\/figure>\n\n\n\n<p>F\u00fcr das leibliche Wohl der Betriebe sorgte die schuleigene Sch\u00fclerfirma, die mit belegten Br\u00f6tchen und Getr\u00e4nken eine angenehme Atmosph\u00e4re f\u00fcr den Austausch zwischen Unternehmen und Sch\u00fcler*innen schuf.<\/p>\n\n\n\n<figure class=\"wp-block-gallery has-nested-images columns-default is-cropped wp-block-gallery-3 is-layout-flex wp-block-gallery-is-layout-flex\">\n<figure class=\"wp-block-image size-large\"><img loading=\"lazy\" decoding=\"async\" width=\"1200\" height=\"675\" data-id=\"5431\" src=\"https:\/\/wordpress.nibis.de\/obshilter\/files\/2025\/03\/DSC_0769-1-1200x675.jpg\" alt=\"\" class=\"wp-image-5431\" srcset=\"https:\/\/wordpress.nibis.de\/obshilter\/files\/2025\/03\/DSC_0769-1-1200x675.jpg 1200w, https:\/\/wordpress.nibis.de\/obshilter\/files\/2025\/03\/DSC_0769-1-850x478.jpg 850w, https:\/\/wordpress.nibis.de\/obshilter\/files\/2025\/03\/DSC_0769-1-250x141.jpg 250w\" sizes=\"auto, (max-width: 1200px) 100vw, 1200px\" \/><\/figure>\n\n\n\n<figure class=\"wp-block-image size-large\"><img loading=\"lazy\" decoding=\"async\" width=\"1200\" height=\"675\" data-id=\"5432\" src=\"https:\/\/wordpress.nibis.de\/obshilter\/files\/2025\/03\/Uniqfood-1-1200x675.jpg\" alt=\"\" class=\"wp-image-5432\" srcset=\"https:\/\/wordpress.nibis.de\/obshilter\/files\/2025\/03\/Uniqfood-1-1200x675.jpg 1200w, https:\/\/wordpress.nibis.de\/obshilter\/files\/2025\/03\/Uniqfood-1-850x478.jpg 850w, https:\/\/wordpress.nibis.de\/obshilter\/files\/2025\/03\/Uniqfood-1-250x141.jpg 250w\" sizes=\"auto, (max-width: 1200px) 100vw, 1200px\" \/><\/figure>\n<\/figure>\n\n\n\n<p>Die Veranstaltung wurde von den Teilnehmenden positiv aufgenommen, da sie eine wertvolle Orientierung f\u00fcr die berufliche Zukunft bot. Die direkte Interaktion mit den Betrieben machte die Berufsinformation praxisnah und lebendig. Die Schulberufsmesse der Oberschule Hilter hat damit einen wichtigen Beitrag zur Berufsorientierung der Sch\u00fclerinnen und Sch\u00fcler geleistet.<\/p>\n\n\n","protected":false},"excerpt":{"rendered":"<p>Am 13. M\u00e4rz fand an der Oberschule Hilter eine Schulberufsmesse statt, bei der sich \u00fcber 20 Betriebe pr\u00e4sentierten.<\/p>\n","protected":false},"author":9193215,"featured_media":5425,"comment_status":"closed","ping_status":"closed","sticky":false,"template":"","format":"standard","meta":{"_acf_changed":false,"footnotes":""},"categories":[4],"tags":[],"class_list":["post-5423","post","type-post","status-publish","format-standard","has-post-thumbnail","hentry","category-news-startseite"],"acf":[],"_links":{"self":[{"href":"https:\/\/wordpress.nibis.de\/obshilter\/wp-json\/wp\/v2\/posts\/5423","targetHints":{"allow":["GET"]}}],"collection":[{"href":"https:\/\/wordpress.nibis.de\/obshilter\/wp-json\/wp\/v2\/posts"}],"about":[{"href":"https:\/\/wordpress.nibis.de\/obshilter\/wp-json\/wp\/v2\/types\/post"}],"author":[{"embeddable":true,"href":"https:\/\/wordpress.nibis.de\/obshilter\/wp-json\/wp\/v2\/users\/9193215"}],"replies":[{"embeddable":true,"href":"https:\/\/wordpress.nibis.de\/obshilter\/wp-json\/wp\/v2\/comments?post=5423"}],"version-history":[{"count":1,"href":"https:\/\/wordpress.nibis.de\/obshilter\/wp-json\/wp\/v2\/posts\/5423\/revisions"}],"predecessor-version":[{"id":5433,"href":"https:\/\/wordpress.nibis.de\/obshilter\/wp-json\/wp\/v2\/posts\/5423\/revisions\/5433"}],"wp:featuredmedia":[{"embeddable":true,"href":"https:\/\/wordpress.nibis.de\/obshilter\/wp-json\/wp\/v2\/media\/5425"}],"wp:attachment":[{"href":"https:\/\/wordpress.nibis.de\/obshilter\/wp-json\/wp\/v2\/media?parent=5423"}],"wp:term":[{"taxonomy":"category","embeddable":true,"href":"https:\/\/wordpress.nibis.de\/obshilter\/wp-json\/wp\/v2\/categories?post=5423"},{"taxonomy":"post_tag","embeddable":true,"href":"https:\/\/wordpress.nibis.de\/obshilter\/wp-json\/wp\/v2\/tags?post=5423"}],"curies":[{"name":"wp","href":"https:\/\/api.w.org\/{rel}","templated":true}]}}