{"id":5434,"date":"2024-11-20T14:05:00","date_gmt":"2024-11-20T13:05:00","guid":{"rendered":"https:\/\/wordpress.nibis.de\/obshilter\/?p=5434"},"modified":"2025-03-18T14:09:14","modified_gmt":"2025-03-18T13:09:14","slug":"profil-ac-kompetenzfeststellung-in-jahrgang-8","status":"publish","type":"post","link":"https:\/\/wordpress.nibis.de\/obshilter\/2024\/11\/20\/profil-ac-kompetenzfeststellung-in-jahrgang-8\/","title":{"rendered":"Profil AC \u2013 Kompetenzfeststellung in Jahrgang 8"},"content":{"rendered":"\n<p>Im\u00a0 Herbst wurden die Kompetenzen der Sch\u00fcler und Sch\u00fclerinnen der 8. Klasse unter die Lupe genommen. Das Berufsorientierungszentrum Melle unterst\u00fctzte die Schule dabei, indem sie regionale Betriebe in die Schule einlud, die nicht nur Materialien zur Verf\u00fcgung stellten, sondern \u00a0auch die Teilnehmenden bei ihren T\u00e4tigkeit beobachteten.<\/p>\n\n\n\n<figure class=\"wp-block-gallery has-nested-images columns-default is-cropped wp-block-gallery-1 is-layout-flex wp-block-gallery-is-layout-flex\">\n<figure class=\"wp-block-image size-large\"><img loading=\"lazy\" decoding=\"async\" width=\"1200\" height=\"675\" data-id=\"5435\" src=\"https:\/\/wordpress.nibis.de\/obshilter\/files\/2025\/03\/Talent-Check-24-BOZ-06-1200x675.jpg\" alt=\"\" class=\"wp-image-5435\" srcset=\"https:\/\/wordpress.nibis.de\/obshilter\/files\/2025\/03\/Talent-Check-24-BOZ-06-1200x675.jpg 1200w, https:\/\/wordpress.nibis.de\/obshilter\/files\/2025\/03\/Talent-Check-24-BOZ-06-850x478.jpg 850w, https:\/\/wordpress.nibis.de\/obshilter\/files\/2025\/03\/Talent-Check-24-BOZ-06-250x141.jpg 250w\" sizes=\"auto, (max-width: 1200px) 100vw, 1200px\" \/><\/figure>\n\n\n\n<figure class=\"wp-block-image size-large\"><img loading=\"lazy\" decoding=\"async\" width=\"1200\" height=\"675\" data-id=\"5436\" src=\"https:\/\/wordpress.nibis.de\/obshilter\/files\/2025\/03\/Talent-Check-24-BOZ-07-1200x675.jpg\" alt=\"\" class=\"wp-image-5436\" srcset=\"https:\/\/wordpress.nibis.de\/obshilter\/files\/2025\/03\/Talent-Check-24-BOZ-07-1200x675.jpg 1200w, https:\/\/wordpress.nibis.de\/obshilter\/files\/2025\/03\/Talent-Check-24-BOZ-07-850x478.jpg 850w, https:\/\/wordpress.nibis.de\/obshilter\/files\/2025\/03\/Talent-Check-24-BOZ-07-250x141.jpg 250w\" sizes=\"auto, (max-width: 1200px) 100vw, 1200px\" \/><\/figure>\n<\/figure>\n\n\n\n<p>Im sozialen Bereich war neben Erkenntnissen bei k\u00f6rperlichen Einschr\u00e4nkungen die Teamf\u00e4higkeit gefragt. Um einen Schlauch bei einem Rollstuhl zu wechseln, braucht man handwerkliches Geschick, ebenfalls, wenn man mit L\u00fcsterklemmen arbeiten muss. Organisationstalent war bei der Planung einer Gruppenfahrt gefragt.<\/p>\n\n\n\n<figure class=\"wp-block-gallery has-nested-images columns-default is-cropped wp-block-gallery-2 is-layout-flex wp-block-gallery-is-layout-flex\">\n<figure class=\"wp-block-image size-large\"><img loading=\"lazy\" decoding=\"async\" width=\"1200\" height=\"675\" data-id=\"5437\" src=\"https:\/\/wordpress.nibis.de\/obshilter\/files\/2025\/03\/IMG_0168-1200x675.jpg\" alt=\"\" class=\"wp-image-5437\" srcset=\"https:\/\/wordpress.nibis.de\/obshilter\/files\/2025\/03\/IMG_0168-1200x675.jpg 1200w, https:\/\/wordpress.nibis.de\/obshilter\/files\/2025\/03\/IMG_0168-850x478.jpg 850w, https:\/\/wordpress.nibis.de\/obshilter\/files\/2025\/03\/IMG_0168-250x141.jpg 250w\" sizes=\"auto, (max-width: 1200px) 100vw, 1200px\" \/><\/figure>\n\n\n\n<figure class=\"wp-block-image size-large\"><img loading=\"lazy\" decoding=\"async\" width=\"1200\" height=\"675\" data-id=\"5438\" src=\"https:\/\/wordpress.nibis.de\/obshilter\/files\/2025\/03\/Talent-Check-24-BOZ-01-1200x675.jpg\" alt=\"\" class=\"wp-image-5438\" srcset=\"https:\/\/wordpress.nibis.de\/obshilter\/files\/2025\/03\/Talent-Check-24-BOZ-01-1200x675.jpg 1200w, https:\/\/wordpress.nibis.de\/obshilter\/files\/2025\/03\/Talent-Check-24-BOZ-01-850x478.jpg 850w, https:\/\/wordpress.nibis.de\/obshilter\/files\/2025\/03\/Talent-Check-24-BOZ-01-250x141.jpg 250w\" sizes=\"auto, (max-width: 1200px) 100vw, 1200px\" \/><\/figure>\n<\/figure>\n\n\n\n<p>Bei einem abschlie\u00dfenden Computertest wurden Eignungen, W\u00fcnsche und Kompetenzen erfragt. Aufgaben mathematischer Art mussten auf Zeit beantwortet werden. Final konnte in Abschlussgespr\u00e4chen festgestellt werden, dass schon einige Achtkl\u00e4ssler*innen Berufsw\u00fcnsche und \u2013vorstellungen haben und die f\u00fcr diesen Beruf notwendigen Kompetenzen zum Teil schon mitbringen.<\/p>\n","protected":false},"excerpt":{"rendered":"<p>Im  Herbst wurden die Kompetenzen der Sch\u00fcler und Sch\u00fclerinnen der 8. Klasse unter die Lupe genommen.<\/p>\n","protected":false},"author":9193215,"featured_media":5439,"comment_status":"closed","ping_status":"closed","sticky":false,"template":"","format":"standard","meta":{"_acf_changed":false,"footnotes":""},"categories":[4],"tags":[],"class_list":["post-5434","post","type-post","status-publish","format-standard","has-post-thumbnail","hentry","category-news-startseite"],"acf":[],"_links":{"self":[{"href":"https:\/\/wordpress.nibis.de\/obshilter\/wp-json\/wp\/v2\/posts\/5434","targetHints":{"allow":["GET"]}}],"collection":[{"href":"https:\/\/wordpress.nibis.de\/obshilter\/wp-json\/wp\/v2\/posts"}],"about":[{"href":"https:\/\/wordpress.nibis.de\/obshilter\/wp-json\/wp\/v2\/types\/post"}],"author":[{"embeddable":true,"href":"https:\/\/wordpress.nibis.de\/obshilter\/wp-json\/wp\/v2\/users\/9193215"}],"replies":[{"embeddable":true,"href":"https:\/\/wordpress.nibis.de\/obshilter\/wp-json\/wp\/v2\/comments?post=5434"}],"version-history":[{"count":1,"href":"https:\/\/wordpress.nibis.de\/obshilter\/wp-json\/wp\/v2\/posts\/5434\/revisions"}],"predecessor-version":[{"id":5440,"href":"https:\/\/wordpress.nibis.de\/obshilter\/wp-json\/wp\/v2\/posts\/5434\/revisions\/5440"}],"wp:featuredmedia":[{"embeddable":true,"href":"https:\/\/wordpress.nibis.de\/obshilter\/wp-json\/wp\/v2\/media\/5439"}],"wp:attachment":[{"href":"https:\/\/wordpress.nibis.de\/obshilter\/wp-json\/wp\/v2\/media?parent=5434"}],"wp:term":[{"taxonomy":"category","embeddable":true,"href":"https:\/\/wordpress.nibis.de\/obshilter\/wp-json\/wp\/v2\/categories?post=5434"},{"taxonomy":"post_tag","embeddable":true,"href":"https:\/\/wordpress.nibis.de\/obshilter\/wp-json\/wp\/v2\/tags?post=5434"}],"curies":[{"name":"wp","href":"https:\/\/api.w.org\/{rel}","templated":true}]}}