{"id":5450,"date":"2025-04-22T13:23:02","date_gmt":"2025-04-22T11:23:02","guid":{"rendered":"https:\/\/wordpress.nibis.de\/obshilter\/?p=5450"},"modified":"2025-04-22T13:34:06","modified_gmt":"2025-04-22T11:34:06","slug":"die-schneewittchen-wg","status":"publish","type":"post","link":"https:\/\/wordpress.nibis.de\/obshilter\/2025\/04\/22\/die-schneewittchen-wg\/","title":{"rendered":"Die Schneewittchen-WG"},"content":{"rendered":"\n<p>\u201eDie Schneewittchen-WG\u201c hie\u00df das St\u00fcck, das am letzten Schultag vor den Osterferien von der Theater-AG des 6. Jahrgangs unter der Leitung von B. Kuper aufgef\u00fchrt wurde. Die Arbeit der letzten Monate hat sich ausgezahlt und alle Darstellenden \u00fcberzeugten und begeisterten das Publikum.<\/p>\n\n\n\n<figure class=\"wp-block-gallery has-nested-images columns-default is-cropped wp-block-gallery-1 is-layout-flex wp-block-gallery-is-layout-flex\">\n<figure class=\"wp-block-image size-large\"><img loading=\"lazy\" decoding=\"async\" width=\"1200\" height=\"675\" data-id=\"5453\" src=\"https:\/\/wordpress.nibis.de\/obshilter\/files\/2025\/04\/DSC_0813-1200x675.jpg\" alt=\"\" class=\"wp-image-5453\" srcset=\"https:\/\/wordpress.nibis.de\/obshilter\/files\/2025\/04\/DSC_0813-1200x675.jpg 1200w, https:\/\/wordpress.nibis.de\/obshilter\/files\/2025\/04\/DSC_0813-850x478.jpg 850w, https:\/\/wordpress.nibis.de\/obshilter\/files\/2025\/04\/DSC_0813-250x141.jpg 250w\" sizes=\"auto, (max-width: 1200px) 100vw, 1200px\" \/><\/figure>\n\n\n\n<figure class=\"wp-block-image size-large\"><img loading=\"lazy\" decoding=\"async\" width=\"1200\" height=\"675\" data-id=\"5454\" src=\"https:\/\/wordpress.nibis.de\/obshilter\/files\/2025\/04\/DSC_0823-1200x675.jpg\" alt=\"\" class=\"wp-image-5454\" srcset=\"https:\/\/wordpress.nibis.de\/obshilter\/files\/2025\/04\/DSC_0823-1200x675.jpg 1200w, https:\/\/wordpress.nibis.de\/obshilter\/files\/2025\/04\/DSC_0823-850x478.jpg 850w, https:\/\/wordpress.nibis.de\/obshilter\/files\/2025\/04\/DSC_0823-250x141.jpg 250w\" sizes=\"auto, (max-width: 1200px) 100vw, 1200px\" \/><\/figure>\n<\/figure>\n\n\n\n<p>S\u00e4mtliche Zwerge haben nach kleineren und gr\u00f6\u00dferen Eskapaden den gemeinsamen Haushalt mit Schneewittchen verlassen. Sie wei\u00df nicht, dass eine Intrige der Hausbesitzer (Hase und Wolf) der Grund daf\u00fcr ist und muss nun neue Mitbewohner finden, damit sie die Miete weiterhin aufbringen kann. Schneewittchen gewinnt sechs M\u00e4rchenfiguren f\u00fcr eine Wohngemeinschaft, in der dann verschiedenste Interessen aufeinanderprallen. Bis zum Happy End ist es ein weiter Weg, doch Schneewittchen gibt nicht auf und aus dem bunt zusammengew\u00fcrfelten Haufen entwickelt sich eine harmonische Wohngemeinschaft.<\/p>\n\n\n\n<figure class=\"wp-block-image size-large\"><img loading=\"lazy\" decoding=\"async\" width=\"1200\" height=\"675\" src=\"https:\/\/wordpress.nibis.de\/obshilter\/files\/2025\/04\/DSC_0831-1200x675.jpg\" alt=\"\" class=\"wp-image-5455\" srcset=\"https:\/\/wordpress.nibis.de\/obshilter\/files\/2025\/04\/DSC_0831-1200x675.jpg 1200w, https:\/\/wordpress.nibis.de\/obshilter\/files\/2025\/04\/DSC_0831-850x478.jpg 850w, https:\/\/wordpress.nibis.de\/obshilter\/files\/2025\/04\/DSC_0831-250x141.jpg 250w\" sizes=\"auto, (max-width: 1200px) 100vw, 1200px\" \/><\/figure>\n\n\n\n<p>Besetzung:<br>Schneewittchen &#8211; Kiara St\u00f6rzer<br>Wolf &#8211; Mio Konstantinov<br>Hase &#8211; Kian Konstantinov<br>Rotk\u00e4ppchen &#8211; Jenne Balzerowski<br>Rapunzel &#8211; Finja Kleine-Hartlage<br>Aschenputtel &#8211; Lara N\u00fcrnberg<br>Gro\u00dfmutter &#8211; (in Vertretung) Emil Maus<br>Hans im Gl\u00fcck &#8211; Till Scholz<br>V\u00e4terchen Frost &#8211; Jasper Hampf<br>Zwerg &#8211; Jamie Wiggers<\/p>\n","protected":false},"excerpt":{"rendered":"<p>\u201eDie Schneewittchen-WG\u201c hie\u00df das St\u00fcck, das am letzten Schultag vor<br \/>\nden Osterferien von der Theater-AG des 6. Jahrgangs unter der Leitung<br \/>\nvon B. Kuper aufgef\u00fchrt wurde.<\/p>\n","protected":false},"author":9193215,"featured_media":5452,"comment_status":"closed","ping_status":"closed","sticky":false,"template":"","format":"standard","meta":{"_acf_changed":false,"footnotes":""},"categories":[4],"tags":[],"class_list":["post-5450","post","type-post","status-publish","format-standard","has-post-thumbnail","hentry","category-news-startseite"],"acf":[],"_links":{"self":[{"href":"https:\/\/wordpress.nibis.de\/obshilter\/wp-json\/wp\/v2\/posts\/5450","targetHints":{"allow":["GET"]}}],"collection":[{"href":"https:\/\/wordpress.nibis.de\/obshilter\/wp-json\/wp\/v2\/posts"}],"about":[{"href":"https:\/\/wordpress.nibis.de\/obshilter\/wp-json\/wp\/v2\/types\/post"}],"author":[{"embeddable":true,"href":"https:\/\/wordpress.nibis.de\/obshilter\/wp-json\/wp\/v2\/users\/9193215"}],"replies":[{"embeddable":true,"href":"https:\/\/wordpress.nibis.de\/obshilter\/wp-json\/wp\/v2\/comments?post=5450"}],"version-history":[{"count":3,"href":"https:\/\/wordpress.nibis.de\/obshilter\/wp-json\/wp\/v2\/posts\/5450\/revisions"}],"predecessor-version":[{"id":5462,"href":"https:\/\/wordpress.nibis.de\/obshilter\/wp-json\/wp\/v2\/posts\/5450\/revisions\/5462"}],"wp:featuredmedia":[{"embeddable":true,"href":"https:\/\/wordpress.nibis.de\/obshilter\/wp-json\/wp\/v2\/media\/5452"}],"wp:attachment":[{"href":"https:\/\/wordpress.nibis.de\/obshilter\/wp-json\/wp\/v2\/media?parent=5450"}],"wp:term":[{"taxonomy":"category","embeddable":true,"href":"https:\/\/wordpress.nibis.de\/obshilter\/wp-json\/wp\/v2\/categories?post=5450"},{"taxonomy":"post_tag","embeddable":true,"href":"https:\/\/wordpress.nibis.de\/obshilter\/wp-json\/wp\/v2\/tags?post=5450"}],"curies":[{"name":"wp","href":"https:\/\/api.w.org\/{rel}","templated":true}]}}