{"id":5480,"date":"2025-05-06T13:21:59","date_gmt":"2025-05-06T11:21:59","guid":{"rendered":"https:\/\/wordpress.nibis.de\/obshilter\/?p=5480"},"modified":"2025-05-06T13:22:05","modified_gmt":"2025-05-06T11:22:05","slug":"europa-im-fokus-thomas-uhlen-anfang-mai-zu-gast-in-der-obs-hilter","status":"publish","type":"post","link":"https:\/\/wordpress.nibis.de\/obshilter\/2025\/05\/06\/europa-im-fokus-thomas-uhlen-anfang-mai-zu-gast-in-der-obs-hilter\/","title":{"rendered":"Europa im Fokus \u2013 Thomas Uhlen Anfang Mai zu Gast in der OBS Hilter"},"content":{"rendered":"\n<p>Anl\u00e4sslich des allj\u00e4hrlichen Europatages Anfang Mai informierte der Politiker Thomas Uhlen die Sch\u00fcler*innen der Jahrg\u00e4nge 9 und 10 umfangreich \u00fcber europ\u00e4ische Themen, wie z.B. die Geschichte der EU, die Mitgliedsstaaten und deren Bedeutung im globalen Kontext.<\/p>\n\n\n\n<figure class=\"wp-block-gallery has-nested-images columns-default is-cropped wp-block-gallery-1 is-layout-flex wp-block-gallery-is-layout-flex\">\n<figure class=\"wp-block-image size-large\"><img loading=\"lazy\" decoding=\"async\" width=\"1200\" height=\"675\" data-id=\"5486\" src=\"https:\/\/wordpress.nibis.de\/obshilter\/files\/2025\/05\/Europatag-5-5-2025-1-1200x675.jpg\" alt=\"\" class=\"wp-image-5486\" srcset=\"https:\/\/wordpress.nibis.de\/obshilter\/files\/2025\/05\/Europatag-5-5-2025-1-1200x675.jpg 1200w, https:\/\/wordpress.nibis.de\/obshilter\/files\/2025\/05\/Europatag-5-5-2025-1-850x478.jpg 850w, https:\/\/wordpress.nibis.de\/obshilter\/files\/2025\/05\/Europatag-5-5-2025-1-250x141.jpg 250w\" sizes=\"auto, (max-width: 1200px) 100vw, 1200px\" \/><\/figure>\n\n\n\n<figure class=\"wp-block-image size-large\"><img loading=\"lazy\" decoding=\"async\" width=\"1200\" height=\"675\" data-id=\"5487\" src=\"https:\/\/wordpress.nibis.de\/obshilter\/files\/2025\/05\/Europatag-5-5-2025-3-1200x675.jpg\" alt=\"\" class=\"wp-image-5487\" srcset=\"https:\/\/wordpress.nibis.de\/obshilter\/files\/2025\/05\/Europatag-5-5-2025-3-1200x675.jpg 1200w, https:\/\/wordpress.nibis.de\/obshilter\/files\/2025\/05\/Europatag-5-5-2025-3-850x478.jpg 850w, https:\/\/wordpress.nibis.de\/obshilter\/files\/2025\/05\/Europatag-5-5-2025-3-250x141.jpg 250w\" sizes=\"auto, (max-width: 1200px) 100vw, 1200px\" \/><\/figure>\n<\/figure>\n\n\n\n<p>In diesem Zusammenhang verglich Thomas Uhlen die USA mit ihren 50 Bundesstaaten mit der EU, die aus 27 demokratischen Mitgliedsstaaten besteht. Europa ist zwar fl\u00e4chenm\u00e4\u00dfig knapp halb so gro\u00df wie die USA, hat aber bei den Einwohnerzahlen mit 451 Millionen gegen\u00fcber den USA mit 342 Millionen die Nase vorne.<\/p>\n\n\n\n<figure class=\"wp-block-gallery has-nested-images columns-default is-cropped wp-block-gallery-2 is-layout-flex wp-block-gallery-is-layout-flex\">\n<figure class=\"wp-block-image size-large\"><img loading=\"lazy\" decoding=\"async\" width=\"1200\" height=\"675\" data-id=\"5489\" src=\"https:\/\/wordpress.nibis.de\/obshilter\/files\/2025\/05\/Europatag-5-5-2025-4-1200x675.jpg\" alt=\"\" class=\"wp-image-5489\" srcset=\"https:\/\/wordpress.nibis.de\/obshilter\/files\/2025\/05\/Europatag-5-5-2025-4-1200x675.jpg 1200w, https:\/\/wordpress.nibis.de\/obshilter\/files\/2025\/05\/Europatag-5-5-2025-4-850x478.jpg 850w, https:\/\/wordpress.nibis.de\/obshilter\/files\/2025\/05\/Europatag-5-5-2025-4-250x141.jpg 250w\" sizes=\"auto, (max-width: 1200px) 100vw, 1200px\" \/><\/figure>\n\n\n\n<figure class=\"wp-block-image size-large\"><img loading=\"lazy\" decoding=\"async\" width=\"1200\" height=\"675\" data-id=\"5490\" src=\"https:\/\/wordpress.nibis.de\/obshilter\/files\/2025\/05\/Europatag-5-5-2025-7-1200x675.jpg\" alt=\"\" class=\"wp-image-5490\" srcset=\"https:\/\/wordpress.nibis.de\/obshilter\/files\/2025\/05\/Europatag-5-5-2025-7-1200x675.jpg 1200w, https:\/\/wordpress.nibis.de\/obshilter\/files\/2025\/05\/Europatag-5-5-2025-7-850x478.jpg 850w, https:\/\/wordpress.nibis.de\/obshilter\/files\/2025\/05\/Europatag-5-5-2025-7-250x141.jpg 250w\" sizes=\"auto, (max-width: 1200px) 100vw, 1200px\" \/><\/figure>\n<\/figure>\n\n\n\n<p>Einige interessierte Sch\u00fcler*innen stellten Fragen zu den Arbeitsbereichen der EU und formulierten ihre W\u00fcnsche f\u00fcr ein Europa ohne Kriege. Mit dem Angebot, ihn einmal im Landtag in Hannover zu besuchen, verabschiedete sich der Politiker von den Sch\u00fcler*innen.<\/p>\n\n\n","protected":false},"excerpt":{"rendered":"<p>Anl\u00e4sslich des allj\u00e4hrlichen Europatages Anfang Mai informierte der Politiker Thomas Uhlen die Sch\u00fcler*innen der Jahrg\u00e4nge 9 und 10.<\/p>\n","protected":false},"author":9193215,"featured_media":5485,"comment_status":"closed","ping_status":"closed","sticky":false,"template":"","format":"standard","meta":{"_acf_changed":false,"footnotes":""},"categories":[4],"tags":[],"class_list":["post-5480","post","type-post","status-publish","format-standard","has-post-thumbnail","hentry","category-news-startseite"],"acf":[],"_links":{"self":[{"href":"https:\/\/wordpress.nibis.de\/obshilter\/wp-json\/wp\/v2\/posts\/5480","targetHints":{"allow":["GET"]}}],"collection":[{"href":"https:\/\/wordpress.nibis.de\/obshilter\/wp-json\/wp\/v2\/posts"}],"about":[{"href":"https:\/\/wordpress.nibis.de\/obshilter\/wp-json\/wp\/v2\/types\/post"}],"author":[{"embeddable":true,"href":"https:\/\/wordpress.nibis.de\/obshilter\/wp-json\/wp\/v2\/users\/9193215"}],"replies":[{"embeddable":true,"href":"https:\/\/wordpress.nibis.de\/obshilter\/wp-json\/wp\/v2\/comments?post=5480"}],"version-history":[{"count":1,"href":"https:\/\/wordpress.nibis.de\/obshilter\/wp-json\/wp\/v2\/posts\/5480\/revisions"}],"predecessor-version":[{"id":5491,"href":"https:\/\/wordpress.nibis.de\/obshilter\/wp-json\/wp\/v2\/posts\/5480\/revisions\/5491"}],"wp:featuredmedia":[{"embeddable":true,"href":"https:\/\/wordpress.nibis.de\/obshilter\/wp-json\/wp\/v2\/media\/5485"}],"wp:attachment":[{"href":"https:\/\/wordpress.nibis.de\/obshilter\/wp-json\/wp\/v2\/media?parent=5480"}],"wp:term":[{"taxonomy":"category","embeddable":true,"href":"https:\/\/wordpress.nibis.de\/obshilter\/wp-json\/wp\/v2\/categories?post=5480"},{"taxonomy":"post_tag","embeddable":true,"href":"https:\/\/wordpress.nibis.de\/obshilter\/wp-json\/wp\/v2\/tags?post=5480"}],"curies":[{"name":"wp","href":"https:\/\/api.w.org\/{rel}","templated":true}]}}