{"id":5498,"date":"2025-05-13T13:54:54","date_gmt":"2025-05-13T11:54:54","guid":{"rendered":"https:\/\/wordpress.nibis.de\/obshilter\/?p=5498"},"modified":"2025-05-13T13:55:00","modified_gmt":"2025-05-13T11:55:00","slug":"sonne-satt-auf-malta","status":"publish","type":"post","link":"https:\/\/wordpress.nibis.de\/obshilter\/2025\/05\/13\/sonne-satt-auf-malta\/","title":{"rendered":"Sonne satt auf Malta"},"content":{"rendered":"\n\n\n<p>Am Sonntagmorgen um 05:30 Uhr begann unsere Reise nach Malta mit den 8. und 9. Schulklassen sowie den Lehrkr\u00e4ften Frau Frankenberg, Herrn Gering und Frau Eyhusen. Zun\u00e4chst machten wir uns mit dem Auto auf den Weg zum Flughafen, von wo aus wir schlie\u00dflich nach Malta flogen.<\/p>\n\n\n\n<figure class=\"wp-block-gallery has-nested-images columns-default is-cropped wp-block-gallery-1 is-layout-flex wp-block-gallery-is-layout-flex\">\n<figure class=\"wp-block-image size-full\"><img loading=\"lazy\" decoding=\"async\" width=\"1200\" height=\"1600\" data-id=\"5501\" src=\"https:\/\/wordpress.nibis.de\/obshilter\/files\/2025\/05\/c5967e35-a1f7-4f42-bf41-fa3b32a7eda4-1.jpg\" alt=\"\" class=\"wp-image-5501\" srcset=\"https:\/\/wordpress.nibis.de\/obshilter\/files\/2025\/05\/c5967e35-a1f7-4f42-bf41-fa3b32a7eda4-1.jpg 1200w, https:\/\/wordpress.nibis.de\/obshilter\/files\/2025\/05\/c5967e35-a1f7-4f42-bf41-fa3b32a7eda4-1-768x1024.jpg 768w, https:\/\/wordpress.nibis.de\/obshilter\/files\/2025\/05\/c5967e35-a1f7-4f42-bf41-fa3b32a7eda4-1-1152x1536.jpg 1152w, https:\/\/wordpress.nibis.de\/obshilter\/files\/2025\/05\/c5967e35-a1f7-4f42-bf41-fa3b32a7eda4-1-203x270.jpg 203w\" sizes=\"auto, (max-width: 1200px) 100vw, 1200px\" \/><\/figure>\n\n\n\n<figure class=\"wp-block-image size-full\"><img loading=\"lazy\" decoding=\"async\" width=\"1512\" height=\"2016\" data-id=\"5503\" src=\"https:\/\/wordpress.nibis.de\/obshilter\/files\/2025\/05\/IMG_8690.jpg\" alt=\"\" class=\"wp-image-5503\" srcset=\"https:\/\/wordpress.nibis.de\/obshilter\/files\/2025\/05\/IMG_8690.jpg 1512w, https:\/\/wordpress.nibis.de\/obshilter\/files\/2025\/05\/IMG_8690-768x1024.jpg 768w, https:\/\/wordpress.nibis.de\/obshilter\/files\/2025\/05\/IMG_8690-1152x1536.jpg 1152w, https:\/\/wordpress.nibis.de\/obshilter\/files\/2025\/05\/IMG_8690-203x270.jpg 203w\" sizes=\"auto, (max-width: 1512px) 100vw, 1512px\" \/><\/figure>\n<figcaption class=\"blocks-gallery-caption\"> <\/figcaption><\/figure>\n\n\n\n<p>Nach unserer Ankunft bezogen wir das Topaz Hotel im K\u00fcstenort St. Paul\u2019s Bay, den wir am ersten Tag erkundeten. Bereits am ersten Morgen sammelten wir Erfahrungen mit den \u00fcberf\u00fcllten aber klimatisierten Bussen, denn es stand ein Ausflug in die Hauptstadt Valletta auf dem Programm. Dort entdeckten wir das Fort Elmo, besuchten einen Tempel und erforschten mit der F\u00e4hre die drei Stadtteile der lebendigen Hauptstadt. <\/p>\n\n\n\n<figure class=\"wp-block-gallery has-nested-images columns-default is-cropped wp-block-gallery-2 is-layout-flex wp-block-gallery-is-layout-flex\">\n<figure class=\"wp-block-image size-full\"><img loading=\"lazy\" decoding=\"async\" width=\"1512\" height=\"2016\" data-id=\"5505\" src=\"https:\/\/wordpress.nibis.de\/obshilter\/files\/2025\/05\/IMG_8980-1.jpg\" alt=\"\" class=\"wp-image-5505\" srcset=\"https:\/\/wordpress.nibis.de\/obshilter\/files\/2025\/05\/IMG_8980-1.jpg 1512w, https:\/\/wordpress.nibis.de\/obshilter\/files\/2025\/05\/IMG_8980-1-768x1024.jpg 768w, https:\/\/wordpress.nibis.de\/obshilter\/files\/2025\/05\/IMG_8980-1-1152x1536.jpg 1152w, https:\/\/wordpress.nibis.de\/obshilter\/files\/2025\/05\/IMG_8980-1-203x270.jpg 203w\" sizes=\"auto, (max-width: 1512px) 100vw, 1512px\" \/><\/figure>\n\n\n\n<figure class=\"wp-block-image size-full\"><img loading=\"lazy\" decoding=\"async\" width=\"1512\" height=\"2016\" data-id=\"5506\" src=\"https:\/\/wordpress.nibis.de\/obshilter\/files\/2025\/05\/IMG_8930.jpg\" alt=\"\" class=\"wp-image-5506\" srcset=\"https:\/\/wordpress.nibis.de\/obshilter\/files\/2025\/05\/IMG_8930.jpg 1512w, https:\/\/wordpress.nibis.de\/obshilter\/files\/2025\/05\/IMG_8930-768x1024.jpg 768w, https:\/\/wordpress.nibis.de\/obshilter\/files\/2025\/05\/IMG_8930-1152x1536.jpg 1152w, https:\/\/wordpress.nibis.de\/obshilter\/files\/2025\/05\/IMG_8930-203x270.jpg 203w\" sizes=\"auto, (max-width: 1512px) 100vw, 1512px\" \/><\/figure>\n<\/figure>\n\n\n\n<p>Dort verbrachten wir entspannte Stunden am Ramla Bay, bevor wir die Zitadelle von Victoria und die Salzpfannen anschauten. Der Mittwoch begann mit einem Ausflug in das malerische Fischerdorf Marsaxlokk, das wir durchstreiften. Am Nachmittag trafen wir uns f\u00fcr ein gemeinsames Picknick am Strand. Ein weiteres Highlight der Reise war die die Stadt Mdina, in der wir die Katakomben und die Dingli Cliffs besichtigten und eine Stadtrallye mit zu gewinnenden Preisen durchf\u00fchrten.<\/p>\n\n\n\n<figure class=\"wp-block-gallery has-nested-images columns-default is-cropped wp-block-gallery-3 is-layout-flex wp-block-gallery-is-layout-flex\">\n<figure class=\"wp-block-image size-full\"><img loading=\"lazy\" decoding=\"async\" width=\"2016\" height=\"1512\" data-id=\"5509\" src=\"https:\/\/wordpress.nibis.de\/obshilter\/files\/2025\/05\/IMG_8735.jpg\" alt=\"\" class=\"wp-image-5509\" srcset=\"https:\/\/wordpress.nibis.de\/obshilter\/files\/2025\/05\/IMG_8735.jpg 2016w, https:\/\/wordpress.nibis.de\/obshilter\/files\/2025\/05\/IMG_8735-768x576.jpg 768w, https:\/\/wordpress.nibis.de\/obshilter\/files\/2025\/05\/IMG_8735-1536x1152.jpg 1536w, https:\/\/wordpress.nibis.de\/obshilter\/files\/2025\/05\/IMG_8735-360x270.jpg 360w\" sizes=\"auto, (max-width: 2016px) 100vw, 2016px\" \/><\/figure>\n\n\n\n<figure class=\"wp-block-image size-full\"><img loading=\"lazy\" decoding=\"async\" width=\"2016\" height=\"1512\" data-id=\"5510\" src=\"https:\/\/wordpress.nibis.de\/obshilter\/files\/2025\/05\/IMG_8775-1.jpg\" alt=\"\" class=\"wp-image-5510\" srcset=\"https:\/\/wordpress.nibis.de\/obshilter\/files\/2025\/05\/IMG_8775-1.jpg 2016w, https:\/\/wordpress.nibis.de\/obshilter\/files\/2025\/05\/IMG_8775-1-768x576.jpg 768w, https:\/\/wordpress.nibis.de\/obshilter\/files\/2025\/05\/IMG_8775-1-1536x1152.jpg 1536w, https:\/\/wordpress.nibis.de\/obshilter\/files\/2025\/05\/IMG_8775-1-360x270.jpg 360w\" sizes=\"auto, (max-width: 2016px) 100vw, 2016px\" \/><\/figure>\n<\/figure>\n\n\n\n<p>Am Freitag standen die Tempelanlagen von Hagar Qim und Mnajdra auf dem Plan. Anschlie\u00dfend unternahmen wir eine kleine Wanderung zur Blauen Grotte. Den letzten Tag unserer Reise verbrachten wir gemeinsam an dem Golden Bay in G\u0127ajn Tuffie\u0127a. Am Abend lie\u00dfen wir die Woche bei einem gemeinsamen Essen in einem Rooftop-Restaurant ausklingen und lie\u00dfen die Reise Revue passieren. Dabei waren wir uns einig, dass es eine gelungene Reise mit vielen Sehensw\u00fcrdigkeiten, gutem Wetter und erholsamen Stunden an den Str\u00e4nden war.<\/p>\n\n\n\n<figure class=\"wp-block-gallery has-nested-images columns-default is-cropped wp-block-gallery-4 is-layout-flex wp-block-gallery-is-layout-flex\">\n<figure class=\"wp-block-image size-large\"><img loading=\"lazy\" decoding=\"async\" width=\"1200\" height=\"675\" data-id=\"5511\" src=\"https:\/\/wordpress.nibis.de\/obshilter\/files\/2025\/05\/IMG_8981-1200x675.jpg\" alt=\"\" class=\"wp-image-5511\" srcset=\"https:\/\/wordpress.nibis.de\/obshilter\/files\/2025\/05\/IMG_8981-1200x675.jpg 1200w, https:\/\/wordpress.nibis.de\/obshilter\/files\/2025\/05\/IMG_8981-850x478.jpg 850w, https:\/\/wordpress.nibis.de\/obshilter\/files\/2025\/05\/IMG_8981-250x141.jpg 250w\" sizes=\"auto, (max-width: 1200px) 100vw, 1200px\" \/><\/figure>\n\n\n\n<figure class=\"wp-block-image size-large\"><img loading=\"lazy\" decoding=\"async\" width=\"1200\" height=\"675\" data-id=\"5512\" src=\"https:\/\/wordpress.nibis.de\/obshilter\/files\/2025\/05\/IMG_8820-1200x675.jpg\" alt=\"\" class=\"wp-image-5512\" srcset=\"https:\/\/wordpress.nibis.de\/obshilter\/files\/2025\/05\/IMG_8820-1200x675.jpg 1200w, https:\/\/wordpress.nibis.de\/obshilter\/files\/2025\/05\/IMG_8820-850x478.jpg 850w, https:\/\/wordpress.nibis.de\/obshilter\/files\/2025\/05\/IMG_8820-250x141.jpg 250w\" sizes=\"auto, (max-width: 1200px) 100vw, 1200px\" \/><\/figure>\n<\/figure>\n\n\n\n<p>Die Abreise wurde unvergesslich, da ein Sch\u00fcler und eine Lehrkraft sich entschieden, noch einen halben Tag auf der Insel zu verweilen.<\/p>\n\n\n","protected":false},"excerpt":{"rendered":"<p>Am Sonntagmorgen um 05:30 Uhr begann unsere Reise nach Malta mit den 8. und 9.<\/p>\n","protected":false},"author":9193215,"featured_media":5499,"comment_status":"closed","ping_status":"closed","sticky":false,"template":"","format":"standard","meta":{"_acf_changed":false,"footnotes":""},"categories":[4],"tags":[],"class_list":["post-5498","post","type-post","status-publish","format-standard","has-post-thumbnail","hentry","category-news-startseite"],"acf":[],"_links":{"self":[{"href":"https:\/\/wordpress.nibis.de\/obshilter\/wp-json\/wp\/v2\/posts\/5498","targetHints":{"allow":["GET"]}}],"collection":[{"href":"https:\/\/wordpress.nibis.de\/obshilter\/wp-json\/wp\/v2\/posts"}],"about":[{"href":"https:\/\/wordpress.nibis.de\/obshilter\/wp-json\/wp\/v2\/types\/post"}],"author":[{"embeddable":true,"href":"https:\/\/wordpress.nibis.de\/obshilter\/wp-json\/wp\/v2\/users\/9193215"}],"replies":[{"embeddable":true,"href":"https:\/\/wordpress.nibis.de\/obshilter\/wp-json\/wp\/v2\/comments?post=5498"}],"version-history":[{"count":1,"href":"https:\/\/wordpress.nibis.de\/obshilter\/wp-json\/wp\/v2\/posts\/5498\/revisions"}],"predecessor-version":[{"id":5513,"href":"https:\/\/wordpress.nibis.de\/obshilter\/wp-json\/wp\/v2\/posts\/5498\/revisions\/5513"}],"wp:featuredmedia":[{"embeddable":true,"href":"https:\/\/wordpress.nibis.de\/obshilter\/wp-json\/wp\/v2\/media\/5499"}],"wp:attachment":[{"href":"https:\/\/wordpress.nibis.de\/obshilter\/wp-json\/wp\/v2\/media?parent=5498"}],"wp:term":[{"taxonomy":"category","embeddable":true,"href":"https:\/\/wordpress.nibis.de\/obshilter\/wp-json\/wp\/v2\/categories?post=5498"},{"taxonomy":"post_tag","embeddable":true,"href":"https:\/\/wordpress.nibis.de\/obshilter\/wp-json\/wp\/v2\/tags?post=5498"}],"curies":[{"name":"wp","href":"https:\/\/api.w.org\/{rel}","templated":true}]}}