{"id":5618,"date":"2025-09-05T09:08:10","date_gmt":"2025-09-05T07:08:10","guid":{"rendered":"https:\/\/wordpress.nibis.de\/obshilter\/?p=5618"},"modified":"2025-09-09T13:45:33","modified_gmt":"2025-09-09T11:45:33","slug":"tolle-stimmung-und-viele-emotionen-47-schuelerinnen-der-oberschule-hilter-verabschiedet","status":"publish","type":"post","link":"https:\/\/wordpress.nibis.de\/obshilter\/2025\/09\/05\/tolle-stimmung-und-viele-emotionen-47-schuelerinnen-der-oberschule-hilter-verabschiedet\/","title":{"rendered":"\u201eTolle Stimmung und viele Emotionen\u201c \u2013 47 Sch\u00fcler*innen der Oberschule Hilter verabschiedet"},"content":{"rendered":"\n<p>Hilter \u2013 Mit einem fr\u00f6hlichen Chaostag begann f\u00fcr die Abschlussklassen der Oberschule Hilter der Abschied vom Schulalltag. Was folgte, war ein ereignisreicher Schultag mit Spielen, guter Laune und einer Disco in der Aula \u2013 inklusive Nebelmaschine und ausgelassener Stimmung unter allen Sch\u00fclerinnen und Sch\u00fclern.<\/p>\n\n\n\n<figure class=\"wp-block-gallery has-nested-images columns-default is-cropped wp-block-gallery-1 is-layout-flex wp-block-gallery-is-layout-flex\">\n<figure class=\"wp-block-image size-large\"><img loading=\"lazy\" decoding=\"async\" width=\"1200\" height=\"675\" data-id=\"5623\" src=\"https:\/\/wordpress.nibis.de\/obshilter\/files\/2025\/09\/ABS_2025_007-1200x675.jpg\" alt=\"\" class=\"wp-image-5623\" srcset=\"https:\/\/wordpress.nibis.de\/obshilter\/files\/2025\/09\/ABS_2025_007-1200x675.jpg 1200w, https:\/\/wordpress.nibis.de\/obshilter\/files\/2025\/09\/ABS_2025_007-850x478.jpg 850w, https:\/\/wordpress.nibis.de\/obshilter\/files\/2025\/09\/ABS_2025_007-250x141.jpg 250w\" sizes=\"auto, (max-width: 1200px) 100vw, 1200px\" \/><\/figure>\n\n\n\n<figure class=\"wp-block-image size-large\"><img loading=\"lazy\" decoding=\"async\" width=\"1200\" height=\"675\" data-id=\"5622\" src=\"https:\/\/wordpress.nibis.de\/obshilter\/files\/2025\/09\/ABS_2025_008-1200x675.jpg\" alt=\"\" class=\"wp-image-5622\" srcset=\"https:\/\/wordpress.nibis.de\/obshilter\/files\/2025\/09\/ABS_2025_008-1200x675.jpg 1200w, https:\/\/wordpress.nibis.de\/obshilter\/files\/2025\/09\/ABS_2025_008-850x478.jpg 850w, https:\/\/wordpress.nibis.de\/obshilter\/files\/2025\/09\/ABS_2025_008-250x141.jpg 250w\" sizes=\"auto, (max-width: 1200px) 100vw, 1200px\" \/><\/figure>\n<\/figure>\n\n\n\n<p>Die offizielle <strong>Abschlussfeier<\/strong> fand am 30. Juni 2025 statt \u2013 traditionell im Anschluss an einen gemeinsamen Gottesdienst. In der feierlich geschm\u00fcckten Aula versammelten sich Sch\u00fcler*innen, Eltern, Lehrkr\u00e4fte sowie geladene G\u00e4ste, um diesen besonderen Meilenstein gemeinsam zu feiern. Die Sch\u00fclerfirma sorgte mit Snacks und Getr\u00e4nken f\u00fcr das leibliche Wohl.<\/p>\n\n\n\n<p>Gru\u00dfworte hielten <strong>Frau Haehnel<\/strong>, die Schulleiterin der Oberschule, <strong>Herr Sommer<\/strong> von der Gemeinde, <strong>Sch\u00fclersprecher Josh Weitzel<\/strong> sowie <strong>Herr Machlitt<\/strong> als Vertreter der Elternschaft. Sie alle w\u00fcrdigten das Engagement der Abschlussklassen und gaben pers\u00f6nliche Worte und W\u00fcnsche mit auf den Weg.<\/p>\n\n\n\n<p>Ein kulturelles Highlight war die Theaterauff\u00fchrung <em>\u201eDie Vorzeigekinder\u201c<\/em> durch den WPK Theater Jahrgang 6, die f\u00fcr viel Applaus sorgte. Musikalisch wurde die Veranstaltung begleitet von <strong>Frau Kuper<\/strong>, <strong>Herrn Meinen<\/strong> und <strong>Herrn Niebuhr<\/strong> unter Mitwirkung von <strong>Till Scholz<\/strong>. Besonders gut kam die emotionale <strong>Fotoshow<\/strong> an, die viele Momente der gemeinsamen Schulzeit in Erinnerung rief und f\u00fcr das eine oder andere Tr\u00e4nchen sorgte.<\/p>\n\n\n\n<p>Am Ende \u00fcberreichten die <strong>Klassenlehrkr\u00e4fte<\/strong> feierlich die Abschlusszeugnisse. Von den 47 Absolvent*innen haben 22 bereits einen Ausbildungsplatz sicher, 8 wechseln auf ein Gymnasium, der Rest besucht k\u00fcnftig die Berufsbildenden Schulen (BBS).<\/p>\n\n\n\n<p>Einige Sch\u00fcler*innen wurden besonders geehrt \u2013 unter ihnen <strong>Samira Herrada Pino<\/strong>, die f\u00fcr ihr soziales Engagement mit dem mit 100 Euro dotierten Preis des <strong>Lions Clubs<\/strong> ausgezeichnet wurde.<\/p>\n\n\n\n<p>Mit Applaus, Dank und vielen herzlichen Umarmungen endete eine unvergessliche Schulzeit \u2013 und ein gelungener Abschied.<\/p>\n\n\n\n<p><\/p>\n\n\n\n<figure class=\"wp-block-gallery has-nested-images columns-default is-cropped wp-block-gallery-2 is-layout-flex wp-block-gallery-is-layout-flex\">\n<figure class=\"wp-block-image size-large\"><img loading=\"lazy\" decoding=\"async\" width=\"1200\" height=\"675\" data-id=\"5625\" src=\"https:\/\/wordpress.nibis.de\/obshilter\/files\/2025\/09\/ABS_2025_062-1200x675.jpg\" alt=\"\" class=\"wp-image-5625\" srcset=\"https:\/\/wordpress.nibis.de\/obshilter\/files\/2025\/09\/ABS_2025_062-1200x675.jpg 1200w, https:\/\/wordpress.nibis.de\/obshilter\/files\/2025\/09\/ABS_2025_062-850x478.jpg 850w, https:\/\/wordpress.nibis.de\/obshilter\/files\/2025\/09\/ABS_2025_062-250x141.jpg 250w\" sizes=\"auto, (max-width: 1200px) 100vw, 1200px\" \/><\/figure>\n\n\n\n<figure class=\"wp-block-image size-large\"><img loading=\"lazy\" decoding=\"async\" width=\"1200\" height=\"675\" data-id=\"5626\" src=\"https:\/\/wordpress.nibis.de\/obshilter\/files\/2025\/09\/ABS_2025_064-1200x675.jpg\" alt=\"\" class=\"wp-image-5626\" srcset=\"https:\/\/wordpress.nibis.de\/obshilter\/files\/2025\/09\/ABS_2025_064-1200x675.jpg 1200w, https:\/\/wordpress.nibis.de\/obshilter\/files\/2025\/09\/ABS_2025_064-850x478.jpg 850w, https:\/\/wordpress.nibis.de\/obshilter\/files\/2025\/09\/ABS_2025_064-250x141.jpg 250w\" sizes=\"auto, (max-width: 1200px) 100vw, 1200px\" \/><\/figure>\n\n\n\n<figure class=\"wp-block-image size-large\"><img loading=\"lazy\" decoding=\"async\" width=\"1200\" height=\"675\" data-id=\"5624\" src=\"https:\/\/wordpress.nibis.de\/obshilter\/files\/2025\/09\/ABS_2025_030-1200x675.jpg\" alt=\"\" class=\"wp-image-5624\" srcset=\"https:\/\/wordpress.nibis.de\/obshilter\/files\/2025\/09\/ABS_2025_030-1200x675.jpg 1200w, https:\/\/wordpress.nibis.de\/obshilter\/files\/2025\/09\/ABS_2025_030-850x478.jpg 850w, https:\/\/wordpress.nibis.de\/obshilter\/files\/2025\/09\/ABS_2025_030-250x141.jpg 250w\" sizes=\"auto, (max-width: 1200px) 100vw, 1200px\" \/><\/figure>\n<\/figure>\n","protected":false},"excerpt":{"rendered":"<p>Mit einem fr\u00f6hlichen Chaostag begann f\u00fcr die Abschlussklassen der Oberschule Hilter der Abschied vom Schulalltag.<\/p>\n","protected":false},"author":9192668,"featured_media":5619,"comment_status":"closed","ping_status":"closed","sticky":false,"template":"","format":"standard","meta":{"_acf_changed":false,"footnotes":""},"categories":[4],"tags":[],"class_list":["post-5618","post","type-post","status-publish","format-standard","has-post-thumbnail","hentry","category-news-startseite"],"acf":[],"_links":{"self":[{"href":"https:\/\/wordpress.nibis.de\/obshilter\/wp-json\/wp\/v2\/posts\/5618","targetHints":{"allow":["GET"]}}],"collection":[{"href":"https:\/\/wordpress.nibis.de\/obshilter\/wp-json\/wp\/v2\/posts"}],"about":[{"href":"https:\/\/wordpress.nibis.de\/obshilter\/wp-json\/wp\/v2\/types\/post"}],"author":[{"embeddable":true,"href":"https:\/\/wordpress.nibis.de\/obshilter\/wp-json\/wp\/v2\/users\/9192668"}],"replies":[{"embeddable":true,"href":"https:\/\/wordpress.nibis.de\/obshilter\/wp-json\/wp\/v2\/comments?post=5618"}],"version-history":[{"count":4,"href":"https:\/\/wordpress.nibis.de\/obshilter\/wp-json\/wp\/v2\/posts\/5618\/revisions"}],"predecessor-version":[{"id":5653,"href":"https:\/\/wordpress.nibis.de\/obshilter\/wp-json\/wp\/v2\/posts\/5618\/revisions\/5653"}],"wp:featuredmedia":[{"embeddable":true,"href":"https:\/\/wordpress.nibis.de\/obshilter\/wp-json\/wp\/v2\/media\/5619"}],"wp:attachment":[{"href":"https:\/\/wordpress.nibis.de\/obshilter\/wp-json\/wp\/v2\/media?parent=5618"}],"wp:term":[{"taxonomy":"category","embeddable":true,"href":"https:\/\/wordpress.nibis.de\/obshilter\/wp-json\/wp\/v2\/categories?post=5618"},{"taxonomy":"post_tag","embeddable":true,"href":"https:\/\/wordpress.nibis.de\/obshilter\/wp-json\/wp\/v2\/tags?post=5618"}],"curies":[{"name":"wp","href":"https:\/\/api.w.org\/{rel}","templated":true}]}}