{"id":5628,"date":"2025-09-05T09:14:28","date_gmt":"2025-09-05T07:14:28","guid":{"rendered":"https:\/\/wordpress.nibis.de\/obshilter\/?p=5628"},"modified":"2025-09-05T09:16:16","modified_gmt":"2025-09-05T07:16:16","slug":"feierliche-einschulung-50-neue-schuelerinnen-und-schueler-starten-in-drei-erste-klassen","status":"publish","type":"post","link":"https:\/\/wordpress.nibis.de\/obshilter\/2025\/09\/05\/feierliche-einschulung-50-neue-schuelerinnen-und-schueler-starten-in-drei-erste-klassen\/","title":{"rendered":"Feierliche Einschulung: 50 neue Sch\u00fclerinnen und Sch\u00fcler starten in drei f\u00fcnfte Klassen"},"content":{"rendered":"\n<p>Mit gro\u00dfer Vorfreude und strahlenden Gesichtern begann am 15. August f\u00fcr 50 Kinder ein neuer Lebensabschnitt: die Einschulung. In drei f\u00fcnfte Klassen wurden die neuen Sch\u00fclerinnen und Sch\u00fcler aufgenommen \u2013 ein bedeutender Tag, der mit liebevoll vorbereiteten Feierlichkeiten begangen wurde.<\/p>\n\n\n\n<p>Die Einschulungsfeier startete mit einem stimmungsvollen Gottesdienst in der Kirche, bevor es anschlie\u00dfend in die Schule zur offiziellen Begr\u00fc\u00dfung ging. Dort wurden die Kinder herzlich von Konrektorin Dagmar Frankenberg und Schulleiterin Ute Haehnel empfangen.<\/p>\n\n\n\n<div class=\"wp-block-image\"><figure class=\"aligncenter size-full is-resized\"><img loading=\"lazy\" decoding=\"async\" src=\"https:\/\/wordpress.nibis.de\/obshilter\/files\/2025\/09\/5abc-2025-02-scaled.jpg\" alt=\"\" class=\"wp-image-5630\" width=\"367\" height=\"550\" srcset=\"https:\/\/wordpress.nibis.de\/obshilter\/files\/2025\/09\/5abc-2025-02-scaled.jpg 1706w, https:\/\/wordpress.nibis.de\/obshilter\/files\/2025\/09\/5abc-2025-02-768x1153.jpg 768w, https:\/\/wordpress.nibis.de\/obshilter\/files\/2025\/09\/5abc-2025-02-1023x1536.jpg 1023w, https:\/\/wordpress.nibis.de\/obshilter\/files\/2025\/09\/5abc-2025-02-1365x2048.jpg 1365w, https:\/\/wordpress.nibis.de\/obshilter\/files\/2025\/09\/5abc-2025-02-180x270.jpg 180w\" sizes=\"auto, (max-width: 367px) 100vw, 367px\" \/><\/figure><\/div>\n\n\n\n<p>Frau Frankenberg nahm die Kinder auf eine besondere &#8222;St\u00e4rkenreise&#8220; mit \u2013 angelehnt an das beliebte Videospiel &#8222;Mario Kart&#8220;. Auf unterhaltsame Weise machte sie den neuen Schulkindern Mut und zeigte, dass jeder mit seinen eigenen F\u00e4higkeiten punkten kann.<\/p>\n\n\n\n<p>F\u00fcr viele Lacher sorgte im Anschluss der Wahlpflichtkurs Theater der Klasse 7, der mit dem St\u00fcck <em>\u201eDie Vorzeigekinder\u201c<\/em> auf witzige Art den Alltag zu Hause aufs Korn nahm. Musikalisch untermalt wurde die Feier von der Klasse 6a, die den Hit <em>\u201eLife is Life\u201c<\/em> als Karaoke-Version einstudiert hatte und damit f\u00fcr Stimmung sorgte.<\/p>\n\n\n\n<p>Nach dem offiziellen Teil gab es bei Kaffee und Keksen im Elterncaf\u00e9 Gelegenheit zum Kennenlernen und Austausch, w\u00e4hrend die frisch eingeschulten Kinder gemeinsam mit ihren Klassenlehrkr\u00e4ften ihre erste Unterrichtsstunde erlebten \u2013 ein aufregender Start in die Schulzeit!<\/p>\n\n\n\n<p><\/p>\n\n\n\n<figure class=\"wp-block-gallery has-nested-images columns-default is-cropped wp-block-gallery-1 is-layout-flex wp-block-gallery-is-layout-flex\">\n<figure class=\"wp-block-image size-large\"><img loading=\"lazy\" decoding=\"async\" width=\"1200\" height=\"675\" data-id=\"5633\" src=\"https:\/\/wordpress.nibis.de\/obshilter\/files\/2025\/09\/5abc-2025-13-copy-1200x675.jpg\" alt=\"\" class=\"wp-image-5633\" srcset=\"https:\/\/wordpress.nibis.de\/obshilter\/files\/2025\/09\/5abc-2025-13-copy-1200x675.jpg 1200w, https:\/\/wordpress.nibis.de\/obshilter\/files\/2025\/09\/5abc-2025-13-copy-850x478.jpg 850w, https:\/\/wordpress.nibis.de\/obshilter\/files\/2025\/09\/5abc-2025-13-copy-250x141.jpg 250w\" sizes=\"auto, (max-width: 1200px) 100vw, 1200px\" \/><\/figure>\n\n\n\n<figure class=\"wp-block-image size-large\"><img loading=\"lazy\" decoding=\"async\" width=\"1200\" height=\"675\" data-id=\"5631\" src=\"https:\/\/wordpress.nibis.de\/obshilter\/files\/2025\/09\/5abc-2025-19-copy-1200x675.jpg\" alt=\"\" class=\"wp-image-5631\" srcset=\"https:\/\/wordpress.nibis.de\/obshilter\/files\/2025\/09\/5abc-2025-19-copy-1200x675.jpg 1200w, https:\/\/wordpress.nibis.de\/obshilter\/files\/2025\/09\/5abc-2025-19-copy-850x478.jpg 850w, https:\/\/wordpress.nibis.de\/obshilter\/files\/2025\/09\/5abc-2025-19-copy-250x141.jpg 250w\" sizes=\"auto, (max-width: 1200px) 100vw, 1200px\" \/><\/figure>\n\n\n\n<figure class=\"wp-block-image size-large\"><img loading=\"lazy\" decoding=\"async\" width=\"1200\" height=\"675\" data-id=\"5632\" src=\"https:\/\/wordpress.nibis.de\/obshilter\/files\/2025\/09\/5abc-2025-22-copy-1200x675.jpg\" alt=\"\" class=\"wp-image-5632\" srcset=\"https:\/\/wordpress.nibis.de\/obshilter\/files\/2025\/09\/5abc-2025-22-copy-1200x675.jpg 1200w, https:\/\/wordpress.nibis.de\/obshilter\/files\/2025\/09\/5abc-2025-22-copy-850x478.jpg 850w, https:\/\/wordpress.nibis.de\/obshilter\/files\/2025\/09\/5abc-2025-22-copy-250x141.jpg 250w\" sizes=\"auto, (max-width: 1200px) 100vw, 1200px\" \/><\/figure>\n<\/figure>\n","protected":false},"excerpt":{"rendered":"<p>Mit gro\u00dfer Vorfreude und strahlenden Gesichtern begann am 15. August f\u00fcr 50 Kinder ein neuer Lebensabschnitt.<\/p>\n","protected":false},"author":9192668,"featured_media":5629,"comment_status":"closed","ping_status":"closed","sticky":false,"template":"","format":"standard","meta":{"_acf_changed":false,"footnotes":""},"categories":[4],"tags":[],"class_list":["post-5628","post","type-post","status-publish","format-standard","has-post-thumbnail","hentry","category-news-startseite"],"acf":[],"_links":{"self":[{"href":"https:\/\/wordpress.nibis.de\/obshilter\/wp-json\/wp\/v2\/posts\/5628","targetHints":{"allow":["GET"]}}],"collection":[{"href":"https:\/\/wordpress.nibis.de\/obshilter\/wp-json\/wp\/v2\/posts"}],"about":[{"href":"https:\/\/wordpress.nibis.de\/obshilter\/wp-json\/wp\/v2\/types\/post"}],"author":[{"embeddable":true,"href":"https:\/\/wordpress.nibis.de\/obshilter\/wp-json\/wp\/v2\/users\/9192668"}],"replies":[{"embeddable":true,"href":"https:\/\/wordpress.nibis.de\/obshilter\/wp-json\/wp\/v2\/comments?post=5628"}],"version-history":[{"count":4,"href":"https:\/\/wordpress.nibis.de\/obshilter\/wp-json\/wp\/v2\/posts\/5628\/revisions"}],"predecessor-version":[{"id":5637,"href":"https:\/\/wordpress.nibis.de\/obshilter\/wp-json\/wp\/v2\/posts\/5628\/revisions\/5637"}],"wp:featuredmedia":[{"embeddable":true,"href":"https:\/\/wordpress.nibis.de\/obshilter\/wp-json\/wp\/v2\/media\/5629"}],"wp:attachment":[{"href":"https:\/\/wordpress.nibis.de\/obshilter\/wp-json\/wp\/v2\/media?parent=5628"}],"wp:term":[{"taxonomy":"category","embeddable":true,"href":"https:\/\/wordpress.nibis.de\/obshilter\/wp-json\/wp\/v2\/categories?post=5628"},{"taxonomy":"post_tag","embeddable":true,"href":"https:\/\/wordpress.nibis.de\/obshilter\/wp-json\/wp\/v2\/tags?post=5628"}],"curies":[{"name":"wp","href":"https:\/\/api.w.org\/{rel}","templated":true}]}}