{"id":5656,"date":"2025-08-04T14:00:00","date_gmt":"2025-08-04T12:00:00","guid":{"rendered":"https:\/\/wordpress.nibis.de\/obshilter\/?p=5656"},"modified":"2025-09-09T14:01:21","modified_gmt":"2025-09-09T12:01:21","slug":"sportfest-an-der-oberschule-hilter-bewegung-teamgeist-und-jede-menge-spass","status":"publish","type":"post","link":"https:\/\/wordpress.nibis.de\/obshilter\/2025\/08\/04\/sportfest-an-der-oberschule-hilter-bewegung-teamgeist-und-jede-menge-spass\/","title":{"rendered":"Sportfest an der Oberschule Hilter \u2013 Bewegung, Teamgeist und jede Menge Spa\u00df"},"content":{"rendered":"\n<p>Am Montag, den 30. Juni 2025, fand an der Oberschule Hilter das allj\u00e4hrliche Sportfest statt \u2013 und es war ein voller Erfolg! Bei bestem Wetter kamen alle Sch\u00fclerinnen und Sch\u00fcler, Lehrkr\u00e4fte und Helfer*innen zusammen, um einen sportlichen Vormittag voller Spa\u00df, Bewegung und Teamgeist zu erleben.<\/p>\n\n\n\n<p>Der Tag war in zwei gro\u00dfe Sportbl\u00f6cke unterteilt: Am Vormittag starteten einige Klassen in ein spannendes Spieleturnier, bei dem Fu\u00dfball und Brennball auf dem Programm standen. Mit viel Einsatz, Fairness und lautstarker Unterst\u00fctzung der Zuschauer wurde auf den Spielfeldern um Punkte gek\u00e4mpft.<\/p>\n\n\n\n<p><\/p>\n\n\n\n<figure class=\"wp-block-gallery has-nested-images columns-default is-cropped wp-block-gallery-1 is-layout-flex wp-block-gallery-is-layout-flex\">\n<figure class=\"wp-block-image size-large is-style-default\"><img loading=\"lazy\" decoding=\"async\" width=\"1200\" height=\"675\" data-id=\"5660\" src=\"https:\/\/wordpress.nibis.de\/obshilter\/files\/2025\/09\/Sporttag_12-reduziert-1200x675.jpg\" alt=\"\" class=\"wp-image-5660\" srcset=\"https:\/\/wordpress.nibis.de\/obshilter\/files\/2025\/09\/Sporttag_12-reduziert-1200x675.jpg 1200w, https:\/\/wordpress.nibis.de\/obshilter\/files\/2025\/09\/Sporttag_12-reduziert-850x478.jpg 850w, https:\/\/wordpress.nibis.de\/obshilter\/files\/2025\/09\/Sporttag_12-reduziert-250x141.jpg 250w\" sizes=\"auto, (max-width: 1200px) 100vw, 1200px\" \/><\/figure>\n\n\n\n<figure class=\"wp-block-image size-large is-style-default\"><img loading=\"lazy\" decoding=\"async\" width=\"1200\" height=\"675\" data-id=\"5661\" src=\"https:\/\/wordpress.nibis.de\/obshilter\/files\/2025\/09\/Sporttag_28-reduziert-1200x675.jpg\" alt=\"\" class=\"wp-image-5661\" srcset=\"https:\/\/wordpress.nibis.de\/obshilter\/files\/2025\/09\/Sporttag_28-reduziert-1200x675.jpg 1200w, https:\/\/wordpress.nibis.de\/obshilter\/files\/2025\/09\/Sporttag_28-reduziert-850x478.jpg 850w, https:\/\/wordpress.nibis.de\/obshilter\/files\/2025\/09\/Sporttag_28-reduziert-250x141.jpg 250w\" sizes=\"auto, (max-width: 1200px) 100vw, 1200px\" \/><\/figure>\n<\/figure>\n\n\n\n<p>Im zweiten Block wartete ein weiteres Highlight: der Wettbewerb \u201eSportspiele ohne Grenzen\u201c. An sechs abwechslungsreichen Stationen konnten die Teilnehmenden ihre Geschicklichkeit, Schnelligkeit und Koordination unter Beweis stellen. Ob beim Zielwerfen, Standweitsprung, Eierlauf oder bei lustigen Staffelspielen \u2013 \u00fcberall herrschte gute Laune und sportlicher Ehrgeiz. Auch die \u00fcbrigen Stationen sorgten f\u00fcr jede Menge Abwechslung.<\/p>\n\n\n\n<p><\/p>\n\n\n\n<figure class=\"wp-block-gallery has-nested-images columns-default is-cropped wp-block-gallery-2 is-layout-flex wp-block-gallery-is-layout-flex\">\n<figure class=\"wp-block-image size-large is-style-default\"><img loading=\"lazy\" decoding=\"async\" width=\"1200\" height=\"675\" data-id=\"5662\" src=\"https:\/\/wordpress.nibis.de\/obshilter\/files\/2025\/09\/Sporttag_03-reduziert-1200x675.jpg\" alt=\"\" class=\"wp-image-5662\" srcset=\"https:\/\/wordpress.nibis.de\/obshilter\/files\/2025\/09\/Sporttag_03-reduziert-1200x675.jpg 1200w, https:\/\/wordpress.nibis.de\/obshilter\/files\/2025\/09\/Sporttag_03-reduziert-850x478.jpg 850w, https:\/\/wordpress.nibis.de\/obshilter\/files\/2025\/09\/Sporttag_03-reduziert-250x141.jpg 250w\" sizes=\"auto, (max-width: 1200px) 100vw, 1200px\" \/><\/figure>\n\n\n\n<figure class=\"wp-block-image size-large is-style-default\"><img loading=\"lazy\" decoding=\"async\" width=\"1200\" height=\"675\" data-id=\"5663\" src=\"https:\/\/wordpress.nibis.de\/obshilter\/files\/2025\/09\/Sporttag_31-reduziert-1200x675.jpg\" alt=\"\" class=\"wp-image-5663\" srcset=\"https:\/\/wordpress.nibis.de\/obshilter\/files\/2025\/09\/Sporttag_31-reduziert-1200x675.jpg 1200w, https:\/\/wordpress.nibis.de\/obshilter\/files\/2025\/09\/Sporttag_31-reduziert-850x478.jpg 850w, https:\/\/wordpress.nibis.de\/obshilter\/files\/2025\/09\/Sporttag_31-reduziert-250x141.jpg 250w\" sizes=\"auto, (max-width: 1200px) 100vw, 1200px\" \/><\/figure>\n<\/figure>\n\n\n\n<p>Nach dem ersten Block gab es eine gemeinsame Fr\u00fchst\u00fcckspause, die f\u00fcr alle eine willkommene St\u00e4rkung bot. Die Elternvertreter*innen sorgten f\u00fcr belegte Br\u00f6tchen, frisches Obst und k\u00fchle Getr\u00e4nke \u2013 eine rundum gelungene Verpflegung, die viel Lob von Sch\u00fcler*innen und Lehrkr\u00e4ften erhielt.<\/p>\n\n\n\n<p><\/p>\n\n\n\n<figure class=\"wp-block-gallery has-nested-images columns-default is-cropped wp-block-gallery-3 is-layout-flex wp-block-gallery-is-layout-flex\">\n<figure class=\"wp-block-image size-large is-style-default\"><img loading=\"lazy\" decoding=\"async\" width=\"1200\" height=\"675\" data-id=\"5658\" src=\"https:\/\/wordpress.nibis.de\/obshilter\/files\/2025\/09\/Sporttag_15-reduziert-1200x675.jpg\" alt=\"\" class=\"wp-image-5658\" srcset=\"https:\/\/wordpress.nibis.de\/obshilter\/files\/2025\/09\/Sporttag_15-reduziert-1200x675.jpg 1200w, https:\/\/wordpress.nibis.de\/obshilter\/files\/2025\/09\/Sporttag_15-reduziert-850x478.jpg 850w, https:\/\/wordpress.nibis.de\/obshilter\/files\/2025\/09\/Sporttag_15-reduziert-250x141.jpg 250w\" sizes=\"auto, (max-width: 1200px) 100vw, 1200px\" \/><\/figure>\n\n\n\n<figure class=\"wp-block-image size-large is-style-default\"><img loading=\"lazy\" decoding=\"async\" width=\"1200\" height=\"675\" data-id=\"5659\" src=\"https:\/\/wordpress.nibis.de\/obshilter\/files\/2025\/09\/Sporttag_16-reduziert-1200x675.jpg\" alt=\"\" class=\"wp-image-5659\" srcset=\"https:\/\/wordpress.nibis.de\/obshilter\/files\/2025\/09\/Sporttag_16-reduziert-1200x675.jpg 1200w, https:\/\/wordpress.nibis.de\/obshilter\/files\/2025\/09\/Sporttag_16-reduziert-850x478.jpg 850w, https:\/\/wordpress.nibis.de\/obshilter\/files\/2025\/09\/Sporttag_16-reduziert-250x141.jpg 250w\" sizes=\"auto, (max-width: 1200px) 100vw, 1200px\" \/><\/figure>\n<\/figure>\n\n\n\n<p>Die Siegerehrung fand am letzten Schultag vor den Sommerferien in der Aula statt. Dort wurden die besten Klassen beider Wettbewerbe feierlich ausgezeichnet. Es gab Urkunden und kleine Preise, die f\u00fcr strahlende Gesichter und viel Applaus sorgten.<\/p>\n\n\n\n<p>Am Ende waren sich alle einig: Das Sportfest war nicht nur sportlich ein Erfolg, sondern auch ein tolles Gemeinschaftserlebnis. Ein herzlicher Dank gilt allen Organisatorinnen, Helferinnen und Unterst\u00fctzer*innen, die diesen Tag m\u00f6glich gemacht haben!<\/p>\n\n\n\n<p>Wir freuen uns schon auf das n\u00e4chste Jahr!<\/p>\n","protected":false},"excerpt":{"rendered":"<p>Am Montag, den 30. Juni 2025, fand an der Oberschule Hilter das allj\u00e4hrliche Sportfest statt \u2013 und es war ein voller Erfolg!<\/p>\n","protected":false},"author":9192668,"featured_media":5657,"comment_status":"closed","ping_status":"closed","sticky":false,"template":"","format":"standard","meta":{"_acf_changed":false,"footnotes":""},"categories":[4],"tags":[],"class_list":["post-5656","post","type-post","status-publish","format-standard","has-post-thumbnail","hentry","category-news-startseite"],"acf":[],"_links":{"self":[{"href":"https:\/\/wordpress.nibis.de\/obshilter\/wp-json\/wp\/v2\/posts\/5656","targetHints":{"allow":["GET"]}}],"collection":[{"href":"https:\/\/wordpress.nibis.de\/obshilter\/wp-json\/wp\/v2\/posts"}],"about":[{"href":"https:\/\/wordpress.nibis.de\/obshilter\/wp-json\/wp\/v2\/types\/post"}],"author":[{"embeddable":true,"href":"https:\/\/wordpress.nibis.de\/obshilter\/wp-json\/wp\/v2\/users\/9192668"}],"replies":[{"embeddable":true,"href":"https:\/\/wordpress.nibis.de\/obshilter\/wp-json\/wp\/v2\/comments?post=5656"}],"version-history":[{"count":1,"href":"https:\/\/wordpress.nibis.de\/obshilter\/wp-json\/wp\/v2\/posts\/5656\/revisions"}],"predecessor-version":[{"id":5664,"href":"https:\/\/wordpress.nibis.de\/obshilter\/wp-json\/wp\/v2\/posts\/5656\/revisions\/5664"}],"wp:featuredmedia":[{"embeddable":true,"href":"https:\/\/wordpress.nibis.de\/obshilter\/wp-json\/wp\/v2\/media\/5657"}],"wp:attachment":[{"href":"https:\/\/wordpress.nibis.de\/obshilter\/wp-json\/wp\/v2\/media?parent=5656"}],"wp:term":[{"taxonomy":"category","embeddable":true,"href":"https:\/\/wordpress.nibis.de\/obshilter\/wp-json\/wp\/v2\/categories?post=5656"},{"taxonomy":"post_tag","embeddable":true,"href":"https:\/\/wordpress.nibis.de\/obshilter\/wp-json\/wp\/v2\/tags?post=5656"}],"curies":[{"name":"wp","href":"https:\/\/api.w.org\/{rel}","templated":true}]}}