{"id":5665,"date":"2025-09-16T13:54:41","date_gmt":"2025-09-16T11:54:41","guid":{"rendered":"https:\/\/wordpress.nibis.de\/obshilter\/?p=5665"},"modified":"2025-09-16T13:54:44","modified_gmt":"2025-09-16T11:54:44","slug":"sponsorenlauf-2025","status":"publish","type":"post","link":"https:\/\/wordpress.nibis.de\/obshilter\/2025\/09\/16\/sponsorenlauf-2025\/","title":{"rendered":"Sponsorenlauf 2025"},"content":{"rendered":"\n<p>Am Freitag, den 12. September 2025, fand an der Oberschule Hilter ein ganz besonderer Tag statt: Der Sponsorenlauf stand auf dem Programm. Bei bestem Laufwetter versammelte sich die gesamte Schulgemeinschaft am nahegelegenen Weiher, um f\u00fcr den guten Zweck ihre Runden zu drehen \u2013 und das mit gro\u00dfem Erfolg!<\/p>\n\n\n\n<p>Die etwa 400 Meter lange Rundstrecke wurde von (fast) allen Sch\u00fclerinnen und Sch\u00fclern mit viel Engagement, sportlichem Ehrgeiz und einer Menge Teamgeist absolviert. Jede gelaufene Runde brachte Spendengelder ein, die zuvor von zahlreichen Unterst\u00fctzern zugesagt worden waren.<\/p>\n\n\n\n<p>Das Ergebnis kann sich sehen lassen: <strong>\u00dcber 9.000 Euro<\/strong> wurden insgesamt erlaufen!<br>Die Spendensumme wird zu gleichen Teilen aufgeteilt:<\/p>\n\n\n\n<ul class=\"wp-block-list\"><li><strong>50 %<\/strong> gehen an das <strong>Kinderhospiz f\u00fcr Stadt und Landkreis Osnabr\u00fcck<\/strong>,<\/li><li><strong>50 %<\/strong> werden f\u00fcr eine <strong>gemeinsame Schulfahrt mit der gesamten Schule<\/strong> verwendet \u2013 ein Erlebnis, auf das sich jetzt schon viele freuen.<\/li><\/ul>\n\n\n\n<p>Ein besonderes Lob gilt <strong>Lenjo Bertelsmann aus Jahrgang sieben<\/strong>, der mit beeindruckenden <strong>31 Runden<\/strong> die meisten Kilometer zur\u00fccklegte \u2013 eine gro\u00dfartige Leistung!<\/p>\n\n\n\n<p><\/p>\n\n\n\n<figure class=\"wp-block-image size-full is-resized\"><img loading=\"lazy\" decoding=\"async\" src=\"https:\/\/wordpress.nibis.de\/obshilter\/files\/2025\/09\/2025-Sponsorenlauf-34-scaled.jpg\" alt=\"\" class=\"wp-image-5667\" width=\"277\" height=\"415\" srcset=\"https:\/\/wordpress.nibis.de\/obshilter\/files\/2025\/09\/2025-Sponsorenlauf-34-scaled.jpg 1707w, https:\/\/wordpress.nibis.de\/obshilter\/files\/2025\/09\/2025-Sponsorenlauf-34-768x1152.jpg 768w, https:\/\/wordpress.nibis.de\/obshilter\/files\/2025\/09\/2025-Sponsorenlauf-34-1024x1536.jpg 1024w, https:\/\/wordpress.nibis.de\/obshilter\/files\/2025\/09\/2025-Sponsorenlauf-34-1365x2048.jpg 1365w, https:\/\/wordpress.nibis.de\/obshilter\/files\/2025\/09\/2025-Sponsorenlauf-34-180x270.jpg 180w\" sizes=\"auto, (max-width: 277px) 100vw, 277px\" \/><\/figure>\n\n\n\n<p>Auch f\u00fcr das Wohl aller Beteiligten war bestens gesorgt: Der <strong>Kiosk 2.0<\/strong> versorgte die L\u00e4uferinnen und L\u00e4ufer mit frischem Obst und Getr\u00e4nken. Die <strong>Schulsanit\u00e4ter<\/strong> waren ebenfalls vor Ort und hatten erfreulicherweise kaum Eins\u00e4tze zu verzeichnen.<\/p>\n\n\n\n<p>Ein herzliches Dankesch\u00f6n geht an <strong>alle Spenderinnen und Spender<\/strong>, die diesen Tag unterst\u00fctzt haben, sowie an alle helfenden H\u00e4nde im Hintergrund.<\/p>\n\n\n\n<p>Der Sponsorenlauf 2025 war nicht nur sportlich ein voller Erfolg, sondern hat auch einmal mehr gezeigt, wie viel Gemeinschaft und Engagement in unserer Schule steckt!<\/p>\n\n\n\n<p><strong>Die Oberschule Hilter sagt: Danke!<\/strong><\/p>\n\n\n\n<p><\/p>\n\n\n\n<figure class=\"wp-block-gallery has-nested-images columns-default is-cropped wp-block-gallery-1 is-layout-flex wp-block-gallery-is-layout-flex\">\n<figure class=\"wp-block-image size-large\"><img loading=\"lazy\" decoding=\"async\" width=\"1200\" height=\"675\" data-id=\"5669\" src=\"https:\/\/wordpress.nibis.de\/obshilter\/files\/2025\/09\/2025-Sponsorenlauf-03-1200x675.jpg\" alt=\"\" class=\"wp-image-5669\" srcset=\"https:\/\/wordpress.nibis.de\/obshilter\/files\/2025\/09\/2025-Sponsorenlauf-03-1200x675.jpg 1200w, https:\/\/wordpress.nibis.de\/obshilter\/files\/2025\/09\/2025-Sponsorenlauf-03-850x478.jpg 850w, https:\/\/wordpress.nibis.de\/obshilter\/files\/2025\/09\/2025-Sponsorenlauf-03-250x141.jpg 250w\" sizes=\"auto, (max-width: 1200px) 100vw, 1200px\" \/><\/figure>\n\n\n\n<figure class=\"wp-block-image size-large\"><img loading=\"lazy\" decoding=\"async\" width=\"1200\" height=\"675\" data-id=\"5668\" src=\"https:\/\/wordpress.nibis.de\/obshilter\/files\/2025\/09\/2025-Sponsorenlauf-21-1200x675.jpg\" alt=\"\" class=\"wp-image-5668\" srcset=\"https:\/\/wordpress.nibis.de\/obshilter\/files\/2025\/09\/2025-Sponsorenlauf-21-1200x675.jpg 1200w, https:\/\/wordpress.nibis.de\/obshilter\/files\/2025\/09\/2025-Sponsorenlauf-21-850x478.jpg 850w, https:\/\/wordpress.nibis.de\/obshilter\/files\/2025\/09\/2025-Sponsorenlauf-21-250x141.jpg 250w\" sizes=\"auto, (max-width: 1200px) 100vw, 1200px\" \/><\/figure>\n\n\n\n<figure class=\"wp-block-image size-large\"><img loading=\"lazy\" decoding=\"async\" width=\"1200\" height=\"675\" data-id=\"5670\" src=\"https:\/\/wordpress.nibis.de\/obshilter\/files\/2025\/09\/2025-Sponsorenlauf-26-1200x675.jpg\" alt=\"\" class=\"wp-image-5670\" srcset=\"https:\/\/wordpress.nibis.de\/obshilter\/files\/2025\/09\/2025-Sponsorenlauf-26-1200x675.jpg 1200w, https:\/\/wordpress.nibis.de\/obshilter\/files\/2025\/09\/2025-Sponsorenlauf-26-850x478.jpg 850w, https:\/\/wordpress.nibis.de\/obshilter\/files\/2025\/09\/2025-Sponsorenlauf-26-250x141.jpg 250w\" sizes=\"auto, (max-width: 1200px) 100vw, 1200px\" \/><\/figure>\n<\/figure>\n","protected":false},"excerpt":{"rendered":"<p>Am Freitag, den 12. September 2025, fand an der Oberschule Hilter ein ganz besonderer Tag statt: Der Sponsorenlauf stand auf dem Programm. <\/p>\n","protected":false},"author":9192668,"featured_media":5666,"comment_status":"closed","ping_status":"closed","sticky":false,"template":"","format":"standard","meta":{"_acf_changed":false,"footnotes":""},"categories":[4],"tags":[],"class_list":["post-5665","post","type-post","status-publish","format-standard","has-post-thumbnail","hentry","category-news-startseite"],"acf":[],"_links":{"self":[{"href":"https:\/\/wordpress.nibis.de\/obshilter\/wp-json\/wp\/v2\/posts\/5665","targetHints":{"allow":["GET"]}}],"collection":[{"href":"https:\/\/wordpress.nibis.de\/obshilter\/wp-json\/wp\/v2\/posts"}],"about":[{"href":"https:\/\/wordpress.nibis.de\/obshilter\/wp-json\/wp\/v2\/types\/post"}],"author":[{"embeddable":true,"href":"https:\/\/wordpress.nibis.de\/obshilter\/wp-json\/wp\/v2\/users\/9192668"}],"replies":[{"embeddable":true,"href":"https:\/\/wordpress.nibis.de\/obshilter\/wp-json\/wp\/v2\/comments?post=5665"}],"version-history":[{"count":1,"href":"https:\/\/wordpress.nibis.de\/obshilter\/wp-json\/wp\/v2\/posts\/5665\/revisions"}],"predecessor-version":[{"id":5671,"href":"https:\/\/wordpress.nibis.de\/obshilter\/wp-json\/wp\/v2\/posts\/5665\/revisions\/5671"}],"wp:featuredmedia":[{"embeddable":true,"href":"https:\/\/wordpress.nibis.de\/obshilter\/wp-json\/wp\/v2\/media\/5666"}],"wp:attachment":[{"href":"https:\/\/wordpress.nibis.de\/obshilter\/wp-json\/wp\/v2\/media?parent=5665"}],"wp:term":[{"taxonomy":"category","embeddable":true,"href":"https:\/\/wordpress.nibis.de\/obshilter\/wp-json\/wp\/v2\/categories?post=5665"},{"taxonomy":"post_tag","embeddable":true,"href":"https:\/\/wordpress.nibis.de\/obshilter\/wp-json\/wp\/v2\/tags?post=5665"}],"curies":[{"name":"wp","href":"https:\/\/api.w.org\/{rel}","templated":true}]}}