{"id":5698,"date":"2025-09-21T13:50:00","date_gmt":"2025-09-21T11:50:00","guid":{"rendered":"https:\/\/wordpress.nibis.de\/obshilter\/?p=5698"},"modified":"2025-09-23T16:50:20","modified_gmt":"2025-09-23T14:50:20","slug":"feierliche-uebergabe-der-europasiegel-im-rathaus-osnabrueck","status":"publish","type":"post","link":"https:\/\/wordpress.nibis.de\/obshilter\/2025\/09\/21\/feierliche-uebergabe-der-europasiegel-im-rathaus-osnabrueck\/","title":{"rendered":"Feierliche \u00dcbergabe der Europasiegel im Rathaus Osnabr\u00fcck"},"content":{"rendered":"\n<p><strong>&#8222;Grenzenloses Lernen, Werte leben, Europa st\u00e4rken&#8220;<\/strong><\/p>\n<p>Im feierlichen Rahmen fand im Rathaus Osnabr\u00fcck am 22.09.25 die Verleihung des Europasiegels f\u00fcr zertifizierte Schulen statt. Unter dem Motto \u201eGrenzenloses Lernen, Werte leben, Europa st\u00e4rken\u201c wurden Schulen aus der Region f\u00fcr ihr besonderes Engagement in der Europabildung ausgezeichnet.<\/p>\n<p>Ein besonderes Highlight war die Erstzertifizierung der Oberschule Hilter (OBS Hilter), die f\u00fcr ihre europabezogene Schulentwicklung und ihr gelebtes Engagement f\u00fcr europ\u00e4ische Werte eine besondere Anerkennung erhielt. Das Europasiegel wurde feierlich an die Schulleiterin Ute Haehnel und ihre Stellvertreterin Dagmar Frankenberg \u00fcberreicht.<\/p>\n<p>Gru\u00dfworte sprachen:<\/p>\n<ul>\n<li>Katharina P\u00f6tter, Oberb\u00fcrgermeisterin der Stadt Osnabr\u00fcck<\/li>\n<li>Melanie Walter, Nieders\u00e4chsische Ministerin f\u00fcr Bundes- und Europaangelegenheiten<\/li>\n<li>Jens Gieseke, Mitglied des Europ\u00e4ischen Parlaments<\/li>\n<li>Clemens Terhorst, Europadezernent des Regionalen Landesamts f\u00fcr Schule und Bildung (RLSB) Osnabr\u00fcck<\/li>\n<\/ul>\n<p>F\u00fcr die musikalische Umrahmung sorgte das Bl\u00e4serensemble des 7. Jahrgangs der Realschule Aurich, das die Feierstunde festlich begleitete.<\/p>\n","protected":false},"excerpt":{"rendered":"<p>Im feierlichen Rahmen fand im Rathaus Osnabr\u00fcck am 22.09.25 die Verleihung des Europasiegels f\u00fcr zertifizierte Schulen statt.<\/p>\n","protected":false},"author":9192668,"featured_media":5699,"comment_status":"closed","ping_status":"closed","sticky":false,"template":"","format":"standard","meta":{"_acf_changed":false,"footnotes":""},"categories":[4],"tags":[],"class_list":["post-5698","post","type-post","status-publish","format-standard","has-post-thumbnail","hentry","category-news-startseite"],"acf":[],"_links":{"self":[{"href":"https:\/\/wordpress.nibis.de\/obshilter\/wp-json\/wp\/v2\/posts\/5698","targetHints":{"allow":["GET"]}}],"collection":[{"href":"https:\/\/wordpress.nibis.de\/obshilter\/wp-json\/wp\/v2\/posts"}],"about":[{"href":"https:\/\/wordpress.nibis.de\/obshilter\/wp-json\/wp\/v2\/types\/post"}],"author":[{"embeddable":true,"href":"https:\/\/wordpress.nibis.de\/obshilter\/wp-json\/wp\/v2\/users\/9192668"}],"replies":[{"embeddable":true,"href":"https:\/\/wordpress.nibis.de\/obshilter\/wp-json\/wp\/v2\/comments?post=5698"}],"version-history":[{"count":2,"href":"https:\/\/wordpress.nibis.de\/obshilter\/wp-json\/wp\/v2\/posts\/5698\/revisions"}],"predecessor-version":[{"id":5701,"href":"https:\/\/wordpress.nibis.de\/obshilter\/wp-json\/wp\/v2\/posts\/5698\/revisions\/5701"}],"wp:featuredmedia":[{"embeddable":true,"href":"https:\/\/wordpress.nibis.de\/obshilter\/wp-json\/wp\/v2\/media\/5699"}],"wp:attachment":[{"href":"https:\/\/wordpress.nibis.de\/obshilter\/wp-json\/wp\/v2\/media?parent=5698"}],"wp:term":[{"taxonomy":"category","embeddable":true,"href":"https:\/\/wordpress.nibis.de\/obshilter\/wp-json\/wp\/v2\/categories?post=5698"},{"taxonomy":"post_tag","embeddable":true,"href":"https:\/\/wordpress.nibis.de\/obshilter\/wp-json\/wp\/v2\/tags?post=5698"}],"curies":[{"name":"wp","href":"https:\/\/api.w.org\/{rel}","templated":true}]}}