{"id":5702,"date":"2025-09-23T13:57:19","date_gmt":"2025-09-23T11:57:19","guid":{"rendered":"https:\/\/wordpress.nibis.de\/obshilter\/?p=5702"},"modified":"2025-09-23T13:58:40","modified_gmt":"2025-09-23T11:58:40","slug":"die-welle-ein-theaterstueck-das-bewegttheaterauffuehrung-an-der-obs-am-15-09","status":"publish","type":"post","link":"https:\/\/wordpress.nibis.de\/obshilter\/2025\/09\/23\/die-welle-ein-theaterstueck-das-bewegttheaterauffuehrung-an-der-obs-am-15-09\/","title":{"rendered":"\u201eDie Welle\u201c \u2013 Ein Theaterst\u00fcck, das bewegt"},"content":{"rendered":"\n<p>Am 15. September hatten die Sch\u00fclerinnen und Sch\u00fcler des 8. und 10. Jahrgangs die Gelegenheit, das Theaterst\u00fcck <em>\u201eDie Welle\u201c<\/em> live in der OBS zu erleben. Das St\u00fcck wurde von engagierten Oberstufensch\u00fclerinnen aus dem Kreis unter der Leitung von Florence Hermann eindrucksvoll auf die B\u00fchne gebracht.<\/p>\n<p>Die Klasse 10RS war bereits mit dem Stoff vertraut, da sie den Roman zuvor im Unterricht gelesen hatte. Umso gespannter war sie auf die Theaterumsetzung \u2013 und die Erwartungen wurden nicht entt\u00e4uscht. Die Sch\u00fclerinnen fanden die Inszenierung sehr gelungen: spannend, mitrei\u00dfend und gleichzeitig nachdenklich machend.<\/p>\n<p>Nach dem St\u00fcck fand eine Diskussion statt:<br \/><strong>Wie h\u00e4tte ich mich verhalten? W\u00fcrde ich mitmachen?<\/strong><br \/>Diese Fragen bewegten viele. <em>Die Welle<\/em> zeigt, wie schnell Gruppenzwang, Disziplin und das Bed\u00fcrfnis nach Zugeh\u00f6rigkeit gef\u00e4hrlich werden k\u00f6nnen \u2013 und wie schwer es ist, dagegen aufzustehen.<\/p>\n<p>Auch wurde dar\u00fcber gesprochen, warum damals so viele Menschen in Deutschland mitgemacht haben \u2013 zur Zeit des Nationalsozialismus. Angst, Mitl\u00e4ufertum, Gleichg\u00fcltigkeit, aber auch echte \u00dcberzeugung spielten eine Rolle. Die Parallelen zur heutigen Zeit machen deutlich, wie wichtig es ist, selbstst\u00e4ndig zu denken, Verantwortung zu \u00fcbernehmen und sich gegen Ausgrenzung und Autorit\u00e4t ohne Reflexion zu stellen.<\/p>\n<p><strong>Fazit:<\/strong><br \/><em>\u201eDie Welle\u201c<\/em> hat die Sch\u00fclerinnen und Sch\u00fcler nicht nur bewegt, sondern auch zum Nachdenken angeregt. Theater kann mehr als unterhalten \u2013 es kann Fragen stellen, Diskussionen anregen und wichtige gesellschaftliche Themen ins Klassenzimmer bringen.<\/p>\n<p>\u00a0<\/p>\n\n\n\n<figure class=\"wp-block-gallery has-nested-images columns-default is-cropped wp-block-gallery-1 is-layout-flex wp-block-gallery-is-layout-flex\">\n<figure class=\"wp-block-image size-large\"><img loading=\"lazy\" decoding=\"async\" width=\"1200\" height=\"675\" data-id=\"5704\" src=\"https:\/\/wordpress.nibis.de\/obshilter\/files\/2025\/09\/20250915_094138-reduziert-1200x675.jpg\" alt=\"\" class=\"wp-image-5704\" srcset=\"https:\/\/wordpress.nibis.de\/obshilter\/files\/2025\/09\/20250915_094138-reduziert-1200x675.jpg 1200w, https:\/\/wordpress.nibis.de\/obshilter\/files\/2025\/09\/20250915_094138-reduziert-850x478.jpg 850w, https:\/\/wordpress.nibis.de\/obshilter\/files\/2025\/09\/20250915_094138-reduziert-250x141.jpg 250w\" sizes=\"auto, (max-width: 1200px) 100vw, 1200px\" \/><\/figure>\n\n\n\n<figure class=\"wp-block-image size-large\"><img loading=\"lazy\" decoding=\"async\" width=\"1200\" height=\"675\" data-id=\"5705\" src=\"https:\/\/wordpress.nibis.de\/obshilter\/files\/2025\/09\/20250915_095650-reduziert-1200x675.jpg\" alt=\"\" class=\"wp-image-5705\" srcset=\"https:\/\/wordpress.nibis.de\/obshilter\/files\/2025\/09\/20250915_095650-reduziert-1200x675.jpg 1200w, https:\/\/wordpress.nibis.de\/obshilter\/files\/2025\/09\/20250915_095650-reduziert-850x478.jpg 850w, https:\/\/wordpress.nibis.de\/obshilter\/files\/2025\/09\/20250915_095650-reduziert-250x141.jpg 250w\" sizes=\"auto, (max-width: 1200px) 100vw, 1200px\" \/><\/figure>\n<\/figure>\n","protected":false},"excerpt":{"rendered":"<p>Am 15. September hatten die Sch\u00fclerinnen und Sch\u00fcler des 8. und 10. Jahrgangs die Gelegenheit, das Theaterst\u00fcck \u201eDie Welle\u201c live in der OBS zu erleben.<\/p>\n","protected":false},"author":9192668,"featured_media":5703,"comment_status":"closed","ping_status":"closed","sticky":false,"template":"","format":"standard","meta":{"_acf_changed":false,"footnotes":""},"categories":[4],"tags":[],"class_list":["post-5702","post","type-post","status-publish","format-standard","has-post-thumbnail","hentry","category-news-startseite"],"acf":[],"_links":{"self":[{"href":"https:\/\/wordpress.nibis.de\/obshilter\/wp-json\/wp\/v2\/posts\/5702","targetHints":{"allow":["GET"]}}],"collection":[{"href":"https:\/\/wordpress.nibis.de\/obshilter\/wp-json\/wp\/v2\/posts"}],"about":[{"href":"https:\/\/wordpress.nibis.de\/obshilter\/wp-json\/wp\/v2\/types\/post"}],"author":[{"embeddable":true,"href":"https:\/\/wordpress.nibis.de\/obshilter\/wp-json\/wp\/v2\/users\/9192668"}],"replies":[{"embeddable":true,"href":"https:\/\/wordpress.nibis.de\/obshilter\/wp-json\/wp\/v2\/comments?post=5702"}],"version-history":[{"count":2,"href":"https:\/\/wordpress.nibis.de\/obshilter\/wp-json\/wp\/v2\/posts\/5702\/revisions"}],"predecessor-version":[{"id":5707,"href":"https:\/\/wordpress.nibis.de\/obshilter\/wp-json\/wp\/v2\/posts\/5702\/revisions\/5707"}],"wp:featuredmedia":[{"embeddable":true,"href":"https:\/\/wordpress.nibis.de\/obshilter\/wp-json\/wp\/v2\/media\/5703"}],"wp:attachment":[{"href":"https:\/\/wordpress.nibis.de\/obshilter\/wp-json\/wp\/v2\/media?parent=5702"}],"wp:term":[{"taxonomy":"category","embeddable":true,"href":"https:\/\/wordpress.nibis.de\/obshilter\/wp-json\/wp\/v2\/categories?post=5702"},{"taxonomy":"post_tag","embeddable":true,"href":"https:\/\/wordpress.nibis.de\/obshilter\/wp-json\/wp\/v2\/tags?post=5702"}],"curies":[{"name":"wp","href":"https:\/\/api.w.org\/{rel}","templated":true}]}}