{"id":5729,"date":"2025-10-07T13:33:28","date_gmt":"2025-10-07T11:33:28","guid":{"rendered":"https:\/\/wordpress.nibis.de\/obshilter\/?p=5729"},"modified":"2025-10-07T14:03:11","modified_gmt":"2025-10-07T12:03:11","slug":"berlin-die-hauptstadt-ruft","status":"publish","type":"post","link":"https:\/\/wordpress.nibis.de\/obshilter\/2025\/10\/07\/berlin-die-hauptstadt-ruft\/","title":{"rendered":"Berlin \u2013 die Hauptstadt ruft!"},"content":{"rendered":"\n<p style=\"margin: 0cm;margin-bottom: .0001pt;text-align: justify\"><span style=\"font-family: 'Calibri','sans-serif'\">Der 10. Jahrgang der Oberschule Hilter war vom 22. bis 26.09.2025 unterwegs zur Abschlussfahrt nach Berlin.<\/span><\/p>\n<p style=\"margin: 0cm;margin-bottom: .0001pt;text-align: justify\"><span style=\"font-family: 'Calibri','sans-serif'\">Schon auf dem Hinweg wartete der erste spannende Programmpunkt auf uns. Wir besuchten die Gedenkst\u00e4tte Marienborn in der N\u00e4he von Helmstedt. Der ehemalige Grenz\u00fcbergang trennte West- und Ostdeutschland voneinander.<\/span><\/p>\n<p style=\"margin: 0cm;margin-bottom: .0001pt;text-align: justify\"><span style=\"font-family: 'Calibri','sans-serif'\">Unser Hotel, direkt am Ostbahnhof, gew\u00e4hrleistete eine super Ausgangslage f\u00fcr unsere zahlreichen kulturellen Ausfl\u00fcge oder auch f\u00fcr das private Bummeln in der Stadt. <\/span><\/p>\n<p style=\"margin: 0cm;margin-bottom: .0001pt;text-align: justify\"><span style=\"font-family: 'Calibri','sans-serif'\">Zu Beginn ging es \u201erauf\u201c auf die Fahrr\u00e4der oder zur Spreefahrt, um die Stadt zu erkunden. So konnten zu Anfang alle Sch\u00fcler*innen erste Eindr\u00fccke sammeln und einen guten \u00dcberblick \u00fcber Berlin bekommen. Das Museum Upside Down, in dem in verschiedenen Kulissen Fotos geschossen werden k\u00f6nnen, sorgte f\u00fcr einen lustigen und entspannten Nachmittag und dadurch f\u00fcr unfassbar gute Stimmung. Auch ein Besuch in Potsdam bei dem Schloss Sanssouci und im Holl\u00e4ndische Viertel durften nicht fehlen. <\/span><\/p>\n<p style=\"margin: 0cm;margin-bottom: .0001pt;text-align: justify\"><span style=\"font-family: 'Calibri','sans-serif'\">Nat\u00fcrlich stand auch ein Besuch im Bundestag auf unserem Programm. Dort durften wir ein Abendessen mit unserem Abgeordneten Herrn Lutz Brinkmann genie\u00dfen und die Kuppel des Bundestags besuchen. Herr Brinkmann hat sich sehr viel Zeit f\u00fcr die Sch\u00fcler*innen genommen, um zahlreiche Fragen zu beantworten, obwohl er einen vollen Terminplan hatte und viele Sitzungen an diesem Tag anstanden.<\/span><\/p>\n<p style=\"margin: 0cm;margin-bottom: .0001pt;text-align: justify\"><span style=\"font-family: 'Calibri','sans-serif'\">Auch das Naturkundemuseum und das ehemalige Stasigef\u00e4ngnis Hohensch\u00f6nhausen wurden von uns besucht und mit gro\u00dfem Interesse erkundet. <\/span><\/p>\n<p style=\"margin: 0cm;margin-bottom: .0001pt;text-align: justify\"><span style=\"font-family: 'Calibri','sans-serif'\">Abends wurde in der Diskothek Matrix getanzt oder in der Mall geshoppt.<\/span><\/p>\n<p style=\"margin: 0cm;margin-bottom: .0001pt;text-align: justify\"><span style=\"font-family: 'Calibri','sans-serif'\">Es war eine tolle, ereignisreiche Woche mit vielen nachhaltigen Eindr\u00fccken und vor allem ganz vielen gemeinsamen Erlebnissen. Viele Kilometer haben wir zur\u00fcckgelegt, zu Fu\u00df oder mit der Bahn und viele tolle Erinnerungen nehmen wir mit zur\u00fcck nach Borgloh. <\/span><\/p>\n<p>\u00a0<\/p>\n\n\n\n<figure class=\"wp-block-gallery has-nested-images columns-default is-cropped wp-block-gallery-1 is-layout-flex wp-block-gallery-is-layout-flex\">\n<figure class=\"wp-block-image size-large\"><img loading=\"lazy\" decoding=\"async\" width=\"1200\" height=\"675\" data-id=\"5732\" src=\"https:\/\/wordpress.nibis.de\/obshilter\/files\/2025\/10\/0c7dace9-f232-4c7c-8957-ed1064dcd536-1200x675.jpeg\" alt=\"\" class=\"wp-image-5732\" srcset=\"https:\/\/wordpress.nibis.de\/obshilter\/files\/2025\/10\/0c7dace9-f232-4c7c-8957-ed1064dcd536-1200x675.jpeg 1200w, https:\/\/wordpress.nibis.de\/obshilter\/files\/2025\/10\/0c7dace9-f232-4c7c-8957-ed1064dcd536-850x478.jpeg 850w, https:\/\/wordpress.nibis.de\/obshilter\/files\/2025\/10\/0c7dace9-f232-4c7c-8957-ed1064dcd536-250x141.jpeg 250w\" sizes=\"auto, (max-width: 1200px) 100vw, 1200px\" \/><\/figure>\n\n\n\n<figure class=\"wp-block-image size-large\"><img loading=\"lazy\" decoding=\"async\" width=\"1066\" height=\"675\" data-id=\"5731\" src=\"https:\/\/wordpress.nibis.de\/obshilter\/files\/2025\/10\/IMG_9405-1066x675.jpeg\" alt=\"\" class=\"wp-image-5731\" \/><\/figure>\n\n\n\n<figure class=\"wp-block-image size-large\"><img loading=\"lazy\" decoding=\"async\" width=\"1200\" height=\"675\" data-id=\"5736\" src=\"https:\/\/wordpress.nibis.de\/obshilter\/files\/2025\/10\/IMG_4076-reduziert-1200x675.jpg\" alt=\"\" class=\"wp-image-5736\" srcset=\"https:\/\/wordpress.nibis.de\/obshilter\/files\/2025\/10\/IMG_4076-reduziert-1200x675.jpg 1200w, https:\/\/wordpress.nibis.de\/obshilter\/files\/2025\/10\/IMG_4076-reduziert-850x478.jpg 850w, https:\/\/wordpress.nibis.de\/obshilter\/files\/2025\/10\/IMG_4076-reduziert-250x141.jpg 250w\" sizes=\"auto, (max-width: 1200px) 100vw, 1200px\" \/><\/figure>\n<\/figure>\n","protected":false},"excerpt":{"rendered":"<p>Der 10. Jahrgang der Oberschule Hilter war vom 22. bis 26.09.2025 unterwegs zur Abschlussfahrt nach Berlin.<\/p>\n","protected":false},"author":9192668,"featured_media":5730,"comment_status":"closed","ping_status":"closed","sticky":false,"template":"","format":"standard","meta":{"_acf_changed":false,"footnotes":""},"categories":[4],"tags":[],"class_list":["post-5729","post","type-post","status-publish","format-standard","has-post-thumbnail","hentry","category-news-startseite"],"acf":[],"_links":{"self":[{"href":"https:\/\/wordpress.nibis.de\/obshilter\/wp-json\/wp\/v2\/posts\/5729","targetHints":{"allow":["GET"]}}],"collection":[{"href":"https:\/\/wordpress.nibis.de\/obshilter\/wp-json\/wp\/v2\/posts"}],"about":[{"href":"https:\/\/wordpress.nibis.de\/obshilter\/wp-json\/wp\/v2\/types\/post"}],"author":[{"embeddable":true,"href":"https:\/\/wordpress.nibis.de\/obshilter\/wp-json\/wp\/v2\/users\/9192668"}],"replies":[{"embeddable":true,"href":"https:\/\/wordpress.nibis.de\/obshilter\/wp-json\/wp\/v2\/comments?post=5729"}],"version-history":[{"count":2,"href":"https:\/\/wordpress.nibis.de\/obshilter\/wp-json\/wp\/v2\/posts\/5729\/revisions"}],"predecessor-version":[{"id":5737,"href":"https:\/\/wordpress.nibis.de\/obshilter\/wp-json\/wp\/v2\/posts\/5729\/revisions\/5737"}],"wp:featuredmedia":[{"embeddable":true,"href":"https:\/\/wordpress.nibis.de\/obshilter\/wp-json\/wp\/v2\/media\/5730"}],"wp:attachment":[{"href":"https:\/\/wordpress.nibis.de\/obshilter\/wp-json\/wp\/v2\/media?parent=5729"}],"wp:term":[{"taxonomy":"category","embeddable":true,"href":"https:\/\/wordpress.nibis.de\/obshilter\/wp-json\/wp\/v2\/categories?post=5729"},{"taxonomy":"post_tag","embeddable":true,"href":"https:\/\/wordpress.nibis.de\/obshilter\/wp-json\/wp\/v2\/tags?post=5729"}],"curies":[{"name":"wp","href":"https:\/\/api.w.org\/{rel}","templated":true}]}}