{"id":5753,"date":"2025-12-09T13:55:15","date_gmt":"2025-12-09T12:55:15","guid":{"rendered":"https:\/\/wordpress.nibis.de\/obshilter\/?p=5753"},"modified":"2025-12-09T13:55:16","modified_gmt":"2025-12-09T12:55:16","slug":"team-geht-nur-gemeinsam-klassentage-rulle","status":"publish","type":"post","link":"https:\/\/wordpress.nibis.de\/obshilter\/2025\/12\/09\/team-geht-nur-gemeinsam-klassentage-rulle\/","title":{"rendered":"Team geht nur gemeinsam &#8211; Klassentage Rulle"},"content":{"rendered":"\n<p><strong>\u00a0<\/strong>Vom 3. bis 5. September 2025 fanden unsere diesj\u00e4hrigen Klassengemeinschaftstage des 7. Jahrgangs in Rulle statt. Insgesamt nahmen 33 Sch\u00fclerinnen und Sch\u00fcler an diesem besonderen Erlebnis teil. Neben dem abwechslungsreichen Programm trug auch das au\u00dfergew\u00f6hnlich gute Wetter zu einer gelungenen Atmosph\u00e4re bei. Am Morgen des 3. September trafen sich alle Teilnehmerinnen und Teilnehmer gemeinsam an der Schule und fuhren mit den Eltern nach Rulle. Die Unterkunft war freundlich und einladend gestaltet, sodass sich alle schnell wohlf\u00fchlten. Die Tage in Rulle waren von verschiedenen Einheiten gepr\u00e4gt, die von engagierten und netten Teamern geleitet wurden. Im Mittelpunkt stand das Ziel, das Gemeinschaftsgef\u00fchl zu st\u00e4rken und den Zusammenhalt der Klasse zu f\u00f6rdern. Die Teamer gestalteten die Aktivit\u00e4ten abwechslungsreich \u2013 von Kennenlernspielen \u00fcber Kooperationsaufgaben bis hin zu kreativen Workshops. Besonders beliebt waren die Teamspiele im Freien, bei denen die Sch\u00fclerinnen und Sch\u00fcler ihre F\u00e4higkeiten im Bereich Kommunikation, Vertrauen und Zusammenhalt unter Beweis stellen konnten. Die gute Laune wurde durch das sonnige Wetter, die gute Verpflegung und die entspannte Stimmung zus\u00e4tzlich unterst\u00fctzt. Auch au\u00dferhalb der offiziellen Programmpunkte verbrachten die Sch\u00fclerinnen und Sch\u00fcler viel Zeit miteinander. Ob beim gemeinsamen Essen, abendlichen Spielen oder Gespr\u00e4chen in kleinen Gruppen \u2013 es entstanden zahlreiche neue Freundschaften und bestehende Bindungen wurden gest\u00e4rkt. Die Klassengemeinschaftstage in Rulle waren ein voller Erfolg. Dank des tollen Wetters, der engagierten Teamer und der aktiven Teilnahme aller Sch\u00fclerinnen und Sch\u00fcler konnten viele wertvolle Erfahrungen gesammelt werden. Die Veranstaltung hat das Wir-Gef\u00fchl nachhaltig gest\u00e4rkt und wird sicherlich allen noch lange in guter Erinnerung bleiben.<\/p>\n<p>\u00a0<\/p>\n\n\n\n<figure class=\"wp-block-gallery has-nested-images columns-default is-cropped wp-block-gallery-1 is-layout-flex wp-block-gallery-is-layout-flex\">\n<figure class=\"wp-block-image size-large\"><img loading=\"lazy\" decoding=\"async\" width=\"1200\" height=\"675\" data-id=\"5755\" src=\"https:\/\/wordpress.nibis.de\/obshilter\/files\/2025\/12\/2025_09_03_2081-reduziert-1200x675.jpg\" alt=\"\" class=\"wp-image-5755\" srcset=\"https:\/\/wordpress.nibis.de\/obshilter\/files\/2025\/12\/2025_09_03_2081-reduziert-1200x675.jpg 1200w, https:\/\/wordpress.nibis.de\/obshilter\/files\/2025\/12\/2025_09_03_2081-reduziert-850x478.jpg 850w, https:\/\/wordpress.nibis.de\/obshilter\/files\/2025\/12\/2025_09_03_2081-reduziert-250x141.jpg 250w\" sizes=\"auto, (max-width: 1200px) 100vw, 1200px\" \/><\/figure>\n\n\n\n<figure class=\"wp-block-image size-large\"><img loading=\"lazy\" decoding=\"async\" width=\"1200\" height=\"675\" data-id=\"5756\" src=\"https:\/\/wordpress.nibis.de\/obshilter\/files\/2025\/12\/2025_09_04_2297-reduziert-1200x675.jpg\" alt=\"\" class=\"wp-image-5756\" srcset=\"https:\/\/wordpress.nibis.de\/obshilter\/files\/2025\/12\/2025_09_04_2297-reduziert-1200x675.jpg 1200w, https:\/\/wordpress.nibis.de\/obshilter\/files\/2025\/12\/2025_09_04_2297-reduziert-850x478.jpg 850w, https:\/\/wordpress.nibis.de\/obshilter\/files\/2025\/12\/2025_09_04_2297-reduziert-250x141.jpg 250w\" sizes=\"auto, (max-width: 1200px) 100vw, 1200px\" \/><\/figure>\n\n\n\n<figure class=\"wp-block-image size-thumbnail\"><img loading=\"lazy\" decoding=\"async\" width=\"250\" height=\"141\" data-id=\"5758\" src=\"https:\/\/wordpress.nibis.de\/obshilter\/files\/2025\/12\/IMG_2606-reduziert-250x141.jpg\" alt=\"\" class=\"wp-image-5758\" srcset=\"https:\/\/wordpress.nibis.de\/obshilter\/files\/2025\/12\/IMG_2606-reduziert-250x141.jpg 250w, https:\/\/wordpress.nibis.de\/obshilter\/files\/2025\/12\/IMG_2606-reduziert-850x478.jpg 850w, https:\/\/wordpress.nibis.de\/obshilter\/files\/2025\/12\/IMG_2606-reduziert-1200x675.jpg 1200w\" sizes=\"auto, (max-width: 250px) 100vw, 250px\" \/><\/figure>\n<\/figure>\n\n\n\n\n","protected":false},"excerpt":{"rendered":"<p>Vom 3. bis 5. September 2025 fanden unsere diesj\u00e4hrigen Klassengemeinschaftstage des 7. Jahrgangs in Rulle statt.<\/p>\n","protected":false},"author":9192668,"featured_media":5754,"comment_status":"closed","ping_status":"closed","sticky":false,"template":"","format":"standard","meta":{"_acf_changed":false,"footnotes":""},"categories":[4],"tags":[],"class_list":["post-5753","post","type-post","status-publish","format-standard","has-post-thumbnail","hentry","category-news-startseite"],"acf":[],"_links":{"self":[{"href":"https:\/\/wordpress.nibis.de\/obshilter\/wp-json\/wp\/v2\/posts\/5753","targetHints":{"allow":["GET"]}}],"collection":[{"href":"https:\/\/wordpress.nibis.de\/obshilter\/wp-json\/wp\/v2\/posts"}],"about":[{"href":"https:\/\/wordpress.nibis.de\/obshilter\/wp-json\/wp\/v2\/types\/post"}],"author":[{"embeddable":true,"href":"https:\/\/wordpress.nibis.de\/obshilter\/wp-json\/wp\/v2\/users\/9192668"}],"replies":[{"embeddable":true,"href":"https:\/\/wordpress.nibis.de\/obshilter\/wp-json\/wp\/v2\/comments?post=5753"}],"version-history":[{"count":1,"href":"https:\/\/wordpress.nibis.de\/obshilter\/wp-json\/wp\/v2\/posts\/5753\/revisions"}],"predecessor-version":[{"id":5759,"href":"https:\/\/wordpress.nibis.de\/obshilter\/wp-json\/wp\/v2\/posts\/5753\/revisions\/5759"}],"wp:featuredmedia":[{"embeddable":true,"href":"https:\/\/wordpress.nibis.de\/obshilter\/wp-json\/wp\/v2\/media\/5754"}],"wp:attachment":[{"href":"https:\/\/wordpress.nibis.de\/obshilter\/wp-json\/wp\/v2\/media?parent=5753"}],"wp:term":[{"taxonomy":"category","embeddable":true,"href":"https:\/\/wordpress.nibis.de\/obshilter\/wp-json\/wp\/v2\/categories?post=5753"},{"taxonomy":"post_tag","embeddable":true,"href":"https:\/\/wordpress.nibis.de\/obshilter\/wp-json\/wp\/v2\/tags?post=5753"}],"curies":[{"name":"wp","href":"https:\/\/api.w.org\/{rel}","templated":true}]}}