{"id":5760,"date":"2025-12-09T13:58:25","date_gmt":"2025-12-09T12:58:25","guid":{"rendered":"https:\/\/wordpress.nibis.de\/obshilter\/?p=5760"},"modified":"2025-12-09T13:59:20","modified_gmt":"2025-12-09T12:59:20","slug":"auf-gehts-nach-verden-an-der-aller-jahrgang-6-auf-klassenfahrt","status":"publish","type":"post","link":"https:\/\/wordpress.nibis.de\/obshilter\/2025\/12\/09\/auf-gehts-nach-verden-an-der-aller-jahrgang-6-auf-klassenfahrt\/","title":{"rendered":"Auf geht\u2018s nach Verden an der Aller!- Jahrgang 6 auf Klassenfahrt"},"content":{"rendered":"\n<p style=\"margin: 0cm;margin-bottom: .0001pt;text-align: justify\"><span style=\"font-size: 11.0pt;font-family: 'Calibri','sans-serif'\">Am Montagmorgen, den 29. September 2025 geht es f\u00fcr die 6a und die 6b gemeinsam mit ihren Lehrerinnen Frau Ehrenbrink, Frau Frintrop, Frau Sch\u00f6nhoff und Frau Uhlenhake auf gro\u00dfe Reise.<\/span><\/p>\n<p style=\"margin: 0cm;margin-bottom: .0001pt;text-align: justify\"><span style=\"font-size: 11.0pt;font-family: 'Calibri','sans-serif'\">Der Zug steht p\u00fcnktlich bereit (als w\u00e4re es f\u00fcr die Bahn eine Selbstverst\u00e4ndlichkeit), alle habe gute Laune und eine LKW-Ladung Snacks im Gep\u00e4ck und so vergeht die Zeit wie im Flug, beziehungsweise wie im Zug.<\/span><\/p>\n<p style=\"margin: 0cm;margin-bottom: .0001pt;text-align: justify\"><span style=\"font-size: 11.0pt;font-family: 'Calibri','sans-serif'\">\u00a0<\/span><\/p>\n<p style=\"margin: 0cm;margin-bottom: .0001pt;text-align: justify\"><span style=\"font-size: 11.0pt;font-family: 'Calibri','sans-serif'\">In Verden angekommen, hei\u00dft es zun\u00e4chst: Zimmer und Betten beziehen, Schr\u00e4nke mit einer weiteren LKW-Ladung Snacks bef\u00fcllen und schon verirren sich die ersten Jungs ins M\u00e4dchenzimmer. Manche Dinge \u00e4ndern sich wohl nie\u2026<\/span><\/p>\n<p style=\"margin: 0cm;margin-bottom: .0001pt;text-align: justify\"><span style=\"font-size: 11.0pt;font-family: 'Calibri','sans-serif'\">Am Nachmittag wartet dann DAS Highlight der Klassenfahrt auf 37 unternehmungslustige Sch\u00fcler\/innen, denn es geht in den Kletterpark. Gurte selber anlegen? Kein Problem! Helm auf? Selbstverst\u00e4ndlich! Und ab jetzt lautet das Motto: Wer braucht schon Boden unter den F\u00fc\u00dfen? Von der Anf\u00e4nger-Strecke in gr\u00fcn bis zur \u201eNerven-aus-Stahl\u201c-Variante in schwarz ist alles dabei. Die Lehrkr\u00e4fte staunen nicht schlecht, wer da so alles \u00fcber sich hinausw\u00e4chst.<\/span><\/p>\n<p style=\"margin: 0cm;margin-bottom: .0001pt;text-align: justify\"><span style=\"font-size: 11.0pt;font-family: 'Calibri','sans-serif'\">\u00a0<\/span><\/p>\n<p style=\"margin: 0cm;margin-bottom: .0001pt;text-align: justify\"><span style=\"font-size: 11.0pt;font-family: 'Calibri','sans-serif'\">Nach dem Trainingsprogramm braucht es nun aber dringend eine St\u00e4rkung und so lassen sich alle Spaghetti Bolognese und Vanillepudding schmecken, bevor es am Abend gesellig wird. Was darf nicht fehlen? Flaschendrehen, Briefchen schreiben und die allseits beliebte Frage: \u201eWer hat einen Crush auf wen?\u201c. Die Zeit verfliegt und schon ist die Rede von \u201eBettruhe\u201c &#8211; ein f\u00fcr die Sch\u00fcler*innen eher theoretisches und optionales Konzept. Doch irgendwann siegt zum Gl\u00fcck die M\u00fcdigkeit.<\/span><\/p>\n<p style=\"margin: 0cm;margin-bottom: .0001pt;text-align: justify\"><span style=\"font-size: 11.0pt;font-family: 'Calibri','sans-serif'\">\u00a0<\/span><\/p>\n<p style=\"margin: 0cm;margin-bottom: .0001pt;text-align: justify\"><span style=\"font-size: 11.0pt;font-family: 'Calibri','sans-serif'\">Am n\u00e4chsten Morgen muss ein schnelles Fr\u00fchst\u00fcck reichen, denn es geht f\u00fcr die putzmuntere Reisegruppe auf zur Stadtf\u00fchrung in die Verdener Innenstadt. Dabei gibt es einiges zu sehen und zu bestaunen in der mittelalterlichen Reiterstadt: Geschichten von Scharfrichtern, Hexen und der Pest &#8211; manchmal etwas gruselig, aber vor allem spannend. Im Anschluss an die Stadtrallye erkunden die Sch\u00fcler\/innen die Stadt dann auf eigene Faust. Eine Stadtrallye mit 20 Fragen und der Sieg in greifbarer N\u00e4he treiben den ein oder anderen zu H\u00f6chstleistungen an. Nat\u00fcrlich bleibt auch noch ein wenig Zeit f\u00fcr die kleinen Freuden des Lebens: Bummeln, D\u00f6ner oder Eis. Am Rathaus warten die Lehrerinnen, alias Karla Kolumna schon auf ihren Einsatz: Es muss dringend ein Gruppenfoto her!<\/span><\/p>\n<p style=\"margin: 0cm;margin-bottom: .0001pt;text-align: justify\"><span style=\"font-size: 11.0pt;font-family: 'Calibri','sans-serif'\">Klick!<\/span><\/p>\n<p style=\"margin: 0cm;margin-bottom: .0001pt;text-align: justify\"><span style=\"font-size: 11.0pt;font-family: 'Calibri','sans-serif'\">\u00a0<\/span><\/p>\n<p style=\"margin: 0cm;margin-bottom: .0001pt;text-align: justify\"><span style=\"font-size: 11.0pt;font-family: 'Calibri','sans-serif'\">Jetzt mal \u00b4ne Pause? Fehlanzeige! Der Minigolfplatz l\u00e4dt zu einer weiteren sportlichen Herausforderung ein und mit Geschick, Geduld und ganz viel Lachen endet auch der zweite Tag mit einer Menge sch\u00f6ner Erinnerungen im Gep\u00e4ck, bevor es tags drauf leider schon an der Zeit ist, die Heimreise anzutreten. Teamwork ist gefragt, damit es alle p\u00fcnktlich zum Zug schaffen und da macht den Sechstkl\u00e4sslern so schnell keiner was vor. Jeder hilft mit und in Windeseile sehen die Zimmer aus wie geleckt.<\/span><\/p>\n<p style=\"margin: 0cm;margin-bottom: .0001pt;text-align: justify\"><span style=\"font-size: 11.0pt;font-family: 'Calibri','sans-serif'\">\u00a0<\/span><\/p>\n<p style=\"margin: 0cm;margin-bottom: .0001pt;text-align: justify\"><span style=\"font-size: 11.0pt;font-family: 'Calibri','sans-serif'\">Wir sagen \u201eTsch\u00fcss, Verden!\u201c und die Deutsche Bahn bringt uns abermals auf die Minute genau p\u00fcnktlich zur\u00fcck zu unseren Liebsten zum Hauptbahnhof Osnabr\u00fcck.<\/span><\/p>\n<p style=\"margin: 0cm;margin-bottom: .0001pt\">\u00a0<\/p>\n<p style=\"margin: 0cm;margin-bottom: .0001pt\"><span style=\"font-size: 11.0pt;font-family: 'Calibri','sans-serif'\">(T. Ehrenbrink)<\/span><\/p>\n\n\n\n<figure class=\"wp-block-gallery has-nested-images columns-default is-cropped wp-block-gallery-1 is-layout-flex wp-block-gallery-is-layout-flex\">\n<figure class=\"wp-block-image size-large\"><img loading=\"lazy\" decoding=\"async\" width=\"1200\" height=\"675\" data-id=\"5763\" src=\"https:\/\/wordpress.nibis.de\/obshilter\/files\/2025\/12\/IMG_6137-reduziert-1200x675.jpg\" alt=\"\" class=\"wp-image-5763\" srcset=\"https:\/\/wordpress.nibis.de\/obshilter\/files\/2025\/12\/IMG_6137-reduziert-1200x675.jpg 1200w, https:\/\/wordpress.nibis.de\/obshilter\/files\/2025\/12\/IMG_6137-reduziert-850x478.jpg 850w, https:\/\/wordpress.nibis.de\/obshilter\/files\/2025\/12\/IMG_6137-reduziert-250x141.jpg 250w\" sizes=\"auto, (max-width: 1200px) 100vw, 1200px\" \/><\/figure>\n\n\n\n<figure class=\"wp-block-image size-large\"><img loading=\"lazy\" decoding=\"async\" width=\"1200\" height=\"675\" data-id=\"5762\" src=\"https:\/\/wordpress.nibis.de\/obshilter\/files\/2025\/12\/IMG_6136-reduziert-1200x675.jpg\" alt=\"\" class=\"wp-image-5762\" srcset=\"https:\/\/wordpress.nibis.de\/obshilter\/files\/2025\/12\/IMG_6136-reduziert-1200x675.jpg 1200w, https:\/\/wordpress.nibis.de\/obshilter\/files\/2025\/12\/IMG_6136-reduziert-850x478.jpg 850w, https:\/\/wordpress.nibis.de\/obshilter\/files\/2025\/12\/IMG_6136-reduziert-250x141.jpg 250w\" sizes=\"auto, (max-width: 1200px) 100vw, 1200px\" \/><\/figure>\n<\/figure>\n","protected":false},"excerpt":{"rendered":"<p>Am Montagmorgen, den 29. September 2025 geht es f\u00fcr die 6a und die 6b gemeinsam mit ihren Lehrerinnen Frau Ehrenbrink, Frau Frintrop, Frau Sch\u00f6nhoff und Frau Uhlenhake auf gro\u00dfe Reise.<\/p>\n","protected":false},"author":9192668,"featured_media":5761,"comment_status":"closed","ping_status":"closed","sticky":false,"template":"","format":"standard","meta":{"_acf_changed":false,"footnotes":""},"categories":[4],"tags":[],"class_list":["post-5760","post","type-post","status-publish","format-standard","has-post-thumbnail","hentry","category-news-startseite"],"acf":[],"_links":{"self":[{"href":"https:\/\/wordpress.nibis.de\/obshilter\/wp-json\/wp\/v2\/posts\/5760","targetHints":{"allow":["GET"]}}],"collection":[{"href":"https:\/\/wordpress.nibis.de\/obshilter\/wp-json\/wp\/v2\/posts"}],"about":[{"href":"https:\/\/wordpress.nibis.de\/obshilter\/wp-json\/wp\/v2\/types\/post"}],"author":[{"embeddable":true,"href":"https:\/\/wordpress.nibis.de\/obshilter\/wp-json\/wp\/v2\/users\/9192668"}],"replies":[{"embeddable":true,"href":"https:\/\/wordpress.nibis.de\/obshilter\/wp-json\/wp\/v2\/comments?post=5760"}],"version-history":[{"count":1,"href":"https:\/\/wordpress.nibis.de\/obshilter\/wp-json\/wp\/v2\/posts\/5760\/revisions"}],"predecessor-version":[{"id":5764,"href":"https:\/\/wordpress.nibis.de\/obshilter\/wp-json\/wp\/v2\/posts\/5760\/revisions\/5764"}],"wp:featuredmedia":[{"embeddable":true,"href":"https:\/\/wordpress.nibis.de\/obshilter\/wp-json\/wp\/v2\/media\/5761"}],"wp:attachment":[{"href":"https:\/\/wordpress.nibis.de\/obshilter\/wp-json\/wp\/v2\/media?parent=5760"}],"wp:term":[{"taxonomy":"category","embeddable":true,"href":"https:\/\/wordpress.nibis.de\/obshilter\/wp-json\/wp\/v2\/categories?post=5760"},{"taxonomy":"post_tag","embeddable":true,"href":"https:\/\/wordpress.nibis.de\/obshilter\/wp-json\/wp\/v2\/tags?post=5760"}],"curies":[{"name":"wp","href":"https:\/\/api.w.org\/{rel}","templated":true}]}}