{"id":5779,"date":"2025-12-09T14:10:59","date_gmt":"2025-12-09T13:10:59","guid":{"rendered":"https:\/\/wordpress.nibis.de\/obshilter\/?p=5779"},"modified":"2025-12-09T14:10:59","modified_gmt":"2025-12-09T13:10:59","slug":"kompetenzfeststellung-im-neuen-boz-melle","status":"publish","type":"post","link":"https:\/\/wordpress.nibis.de\/obshilter\/2025\/12\/09\/kompetenzfeststellung-im-neuen-boz-melle\/","title":{"rendered":"Kompetenzfeststellung im neuen BOZ Melle"},"content":{"rendered":"\n<p>Anfang November machten sich vier Lehrkr\u00e4fte gemeinsam mit den Sch\u00fcler*innen des 8. Jahrgangs auf den Weg nach Melle, um am Kompetenzfeststellungsverfahren im neu er\u00f6ffneten Berufsorientierungszentrum (BOZ) teilzunehmen. Vor Ort durchliefen die Jugendlichen verschiedene Stationen, die Einblicke in unterschiedliche berufliche T\u00e4tigkeitsfelder boten und ihnen die M\u00f6glichkeit gaben, eigene F\u00e4higkeiten praktisch zu erproben.<\/p>\n<p>Eine der Stationen wurde von der Sozialstation der Heilp\u00e4dagogischen Hilfe betreut. Hier konnten die Sch\u00fcler*innen erleben, wie sich altersbedingte Einschr\u00e4nkungen auf das Sehen und die Beweglichkeit auswirken. Mit speziellen Brillen und Handschuhen wurden allt\u00e4gliche Herausforderungen im Alter nachvollziehbar gemacht.<\/p>\n<p>Bei der Station des Gew\u00fcrzherstellers Fuchs war Feinmotorik und ein gutes Gesp\u00fcr gefragt: Die Jugendlichen sollten verschiedene Gew\u00fcrze erkennen und anschlie\u00dfend aus einer Gew\u00fcrzmischung kleine \u201eSchadstoffpartikel\u201c mithilfe einer Pinzette aussortieren \u2013 eine Aufgabe, die Konzentration und Genauigkeit erforderte.<\/p>\n<p>Handwerkliches Geschick war hingegen bei der Firma SPI gefragt. Hier montierten die Sch\u00fcler*innen kleinere Metallteile nach Anleitung. Einige Konstruktionen konnten anschlie\u00dfend sogar mithilfe von Zahnr\u00e4dern in Rotation versetzt werden, was viele Teilnehmende besonders faszinierte.<\/p>\n<p>Kreativit\u00e4t und Teamarbeit standen an einer weiteren Station im Mittelpunkt: Die Aufgabe bestand darin, eine Klassenfahrt nach Berlin mit einem vergleichsweise geringen Budget zu planen. Schnell stellte sich heraus, dass die meisten Gruppen Wert auf eine etwas komfortablere Unterkunft \u2013 idealerweise mit Pool \u2013 legten, wodurch spannende Diskussionen \u00fcber Priorit\u00e4ten und Kostenmanagement entstanden.<\/p>\n<p>Der Tag im BOZ Melle bot den Sch\u00fcler*innen abwechslungsreiche Erfahrungen und wertvolle Einblicke in m\u00f6gliche berufliche Wege. Gleichzeitig half er ihnen, eigene St\u00e4rken und Interessen besser zu erkennen \u2013 ein wichtiger Schritt im Rahmen der Berufsorientierung.<\/p>\n\n\n\n<figure class=\"wp-block-gallery has-nested-images columns-default is-cropped wp-block-gallery-1 is-layout-flex wp-block-gallery-is-layout-flex\">\n<figure class=\"wp-block-image size-large\"><img loading=\"lazy\" decoding=\"async\" width=\"1200\" height=\"675\" data-id=\"5782\" src=\"https:\/\/wordpress.nibis.de\/obshilter\/files\/2025\/12\/BOZ-2025-03-1200x675.jpg\" alt=\"\" class=\"wp-image-5782\" srcset=\"https:\/\/wordpress.nibis.de\/obshilter\/files\/2025\/12\/BOZ-2025-03-1200x675.jpg 1200w, https:\/\/wordpress.nibis.de\/obshilter\/files\/2025\/12\/BOZ-2025-03-850x478.jpg 850w, https:\/\/wordpress.nibis.de\/obshilter\/files\/2025\/12\/BOZ-2025-03-250x141.jpg 250w\" sizes=\"auto, (max-width: 1200px) 100vw, 1200px\" \/><\/figure>\n\n\n\n<figure class=\"wp-block-image size-large\"><img loading=\"lazy\" decoding=\"async\" width=\"1200\" height=\"675\" data-id=\"5781\" src=\"https:\/\/wordpress.nibis.de\/obshilter\/files\/2025\/12\/BOZ-2025-06-1200x675.jpg\" alt=\"\" class=\"wp-image-5781\" srcset=\"https:\/\/wordpress.nibis.de\/obshilter\/files\/2025\/12\/BOZ-2025-06-1200x675.jpg 1200w, https:\/\/wordpress.nibis.de\/obshilter\/files\/2025\/12\/BOZ-2025-06-850x478.jpg 850w, https:\/\/wordpress.nibis.de\/obshilter\/files\/2025\/12\/BOZ-2025-06-250x141.jpg 250w\" sizes=\"auto, (max-width: 1200px) 100vw, 1200px\" \/><\/figure>\n\n\n\n<figure class=\"wp-block-image size-large\"><img loading=\"lazy\" decoding=\"async\" width=\"1200\" height=\"675\" data-id=\"5783\" src=\"https:\/\/wordpress.nibis.de\/obshilter\/files\/2025\/12\/BOZ-2025-11-1200x675.jpg\" alt=\"\" class=\"wp-image-5783\" srcset=\"https:\/\/wordpress.nibis.de\/obshilter\/files\/2025\/12\/BOZ-2025-11-1200x675.jpg 1200w, https:\/\/wordpress.nibis.de\/obshilter\/files\/2025\/12\/BOZ-2025-11-850x478.jpg 850w, https:\/\/wordpress.nibis.de\/obshilter\/files\/2025\/12\/BOZ-2025-11-250x141.jpg 250w\" sizes=\"auto, (max-width: 1200px) 100vw, 1200px\" \/><\/figure>\n<\/figure>\n","protected":false},"excerpt":{"rendered":"<p>Anfang November machten sich vier Lehrkr\u00e4fte gemeinsam mit den Sch\u00fcler*innen des 8. Jahrgangs auf den Weg nach Melle.<\/p>\n","protected":false},"author":9192668,"featured_media":5780,"comment_status":"closed","ping_status":"closed","sticky":false,"template":"","format":"standard","meta":{"_acf_changed":false,"footnotes":""},"categories":[4],"tags":[],"class_list":["post-5779","post","type-post","status-publish","format-standard","has-post-thumbnail","hentry","category-news-startseite"],"acf":[],"_links":{"self":[{"href":"https:\/\/wordpress.nibis.de\/obshilter\/wp-json\/wp\/v2\/posts\/5779","targetHints":{"allow":["GET"]}}],"collection":[{"href":"https:\/\/wordpress.nibis.de\/obshilter\/wp-json\/wp\/v2\/posts"}],"about":[{"href":"https:\/\/wordpress.nibis.de\/obshilter\/wp-json\/wp\/v2\/types\/post"}],"author":[{"embeddable":true,"href":"https:\/\/wordpress.nibis.de\/obshilter\/wp-json\/wp\/v2\/users\/9192668"}],"replies":[{"embeddable":true,"href":"https:\/\/wordpress.nibis.de\/obshilter\/wp-json\/wp\/v2\/comments?post=5779"}],"version-history":[{"count":1,"href":"https:\/\/wordpress.nibis.de\/obshilter\/wp-json\/wp\/v2\/posts\/5779\/revisions"}],"predecessor-version":[{"id":5784,"href":"https:\/\/wordpress.nibis.de\/obshilter\/wp-json\/wp\/v2\/posts\/5779\/revisions\/5784"}],"wp:featuredmedia":[{"embeddable":true,"href":"https:\/\/wordpress.nibis.de\/obshilter\/wp-json\/wp\/v2\/media\/5780"}],"wp:attachment":[{"href":"https:\/\/wordpress.nibis.de\/obshilter\/wp-json\/wp\/v2\/media?parent=5779"}],"wp:term":[{"taxonomy":"category","embeddable":true,"href":"https:\/\/wordpress.nibis.de\/obshilter\/wp-json\/wp\/v2\/categories?post=5779"},{"taxonomy":"post_tag","embeddable":true,"href":"https:\/\/wordpress.nibis.de\/obshilter\/wp-json\/wp\/v2\/tags?post=5779"}],"curies":[{"name":"wp","href":"https:\/\/api.w.org\/{rel}","templated":true}]}}