{"id":6738,"date":"2026-09-01T13:43:19","date_gmt":"2026-09-01T11:43:19","guid":{"rendered":"https:\/\/wordpress.nibis.de\/obshilter\/?p=6738"},"modified":"2026-09-01T14:04:24","modified_gmt":"2026-09-01T12:04:24","slug":"sportfest-an-der-oberschule-hilter","status":"publish","type":"post","link":"https:\/\/wordpress.nibis.de\/obshilter\/2026\/09\/01\/sportfest-an-der-oberschule-hilter\/","title":{"rendered":"Sportfest an der Oberschule Hilter"},"content":{"rendered":"\n<p class=\"wp-block-paragraph\">Am 29. Juni 2026 hie\u00df es an der Oberschule Hilter: Raus aus dem Klassenraum und rein in die Sportklamotten! Kurz vor den wohlverdienten Sommerferien fand unser Sportfest statt \u2013 ein abwechslungsreicher Vormittag mit viel Bewegung, Teamgeist, Spa\u00df und guter Laune.<\/p>\n\n\n\n<p class=\"wp-block-paragraph\">W\u00e4hrend die meisten Sch\u00fclerinnen und Sch\u00fcler noch in den Federn lagen, waren unsere Sportlehrkr\u00e4fte bereits fr\u00fch morgens flei\u00dfig. Auf den beiden Sportpl\u00e4tzen wurde aufgebaut, vorbereitet und organisiert, damit einem gelungenen Sporttag nichts mehr im Wege stand.<\/p>\n\n\n\n<p class=\"wp-block-paragraph\">Das Sportfest bestand aus zwei gro\u00dfen Bereichen:<\/p>\n\n\n\n<p class=\"wp-block-paragraph\"><strong>Spieleturnier: Fu\u00dfball und Brennball<\/strong><\/p>\n\n\n\n<p class=\"wp-block-paragraph\">Beim Spieleturnier waren Teamgeist, Geschick und nat\u00fcrlich auch ein bisschen sportlicher Ehrgeiz gefragt. In den Disziplinen Fu\u00dfball und Brennball traten die Klassen gegeneinander an. Es wurde angefeuert, gelacht, gek\u00e4mpft und vor allem gemeinsam gespielt. Dabei stand neben dem Wettbewerb besonders der Spa\u00df an der Bewegung und das Miteinander im Vordergrund.<\/p>\n\n\n\n<figure class=\"wp-block-gallery has-nested-images columns-default is-cropped wp-block-gallery-1 is-layout-flex wp-block-gallery-is-layout-flex\">\n<figure class=\"wp-block-image size-large\"><img loading=\"lazy\" decoding=\"async\" width=\"1200\" height=\"675\" data-id=\"6742\" src=\"https:\/\/wordpress.nibis.de\/obshilter\/files\/2026\/09\/Sporttag-Ehrungen-2026-05-1200x675.jpg\" alt=\"\" class=\"wp-image-6742\" srcset=\"https:\/\/wordpress.nibis.de\/obshilter\/files\/2026\/09\/Sporttag-Ehrungen-2026-05-1200x675.jpg 1200w, https:\/\/wordpress.nibis.de\/obshilter\/files\/2026\/09\/Sporttag-Ehrungen-2026-05-850x478.jpg 850w, https:\/\/wordpress.nibis.de\/obshilter\/files\/2026\/09\/Sporttag-Ehrungen-2026-05-250x141.jpg 250w\" sizes=\"auto, (max-width: 1200px) 100vw, 1200px\" \/><\/figure>\n\n\n\n<figure class=\"wp-block-image size-large\"><img loading=\"lazy\" decoding=\"async\" width=\"1200\" height=\"675\" data-id=\"6741\" src=\"https:\/\/wordpress.nibis.de\/obshilter\/files\/2026\/09\/Sporttag-Ehrungen-2026-63-1200x675.jpg\" alt=\"\" class=\"wp-image-6741\" srcset=\"https:\/\/wordpress.nibis.de\/obshilter\/files\/2026\/09\/Sporttag-Ehrungen-2026-63-1200x675.jpg 1200w, https:\/\/wordpress.nibis.de\/obshilter\/files\/2026\/09\/Sporttag-Ehrungen-2026-63-850x478.jpg 850w, https:\/\/wordpress.nibis.de\/obshilter\/files\/2026\/09\/Sporttag-Ehrungen-2026-63-250x141.jpg 250w\" sizes=\"auto, (max-width: 1200px) 100vw, 1200px\" \/><\/figure>\n<\/figure>\n\n\n\n<p class=\"wp-block-paragraph\"><strong>&nbsp;Sportliche Spiele und Challenges<\/strong><\/p>\n\n\n\n<p class=\"wp-block-paragraph\">Im zweiten Bereich warteten verschiedene sportliche Spiele und Challenges im Klassenverband auf die Sch\u00fclerinnen und Sch\u00fcler. Hier konnten die Klassen gemeinsam Punkte sammeln und zeigen, was sie als Team leisten k\u00f6nnen. Ob Geschicklichkeit, Schnelligkeit oder Koordination \u2013 f\u00fcr Abwechslung war gesorgt.<\/p>\n\n\n\n<p class=\"wp-block-paragraph\"><strong>Zeit f\u00fcr eine St\u00e4rkung<\/strong><\/p>\n\n\n\n<p class=\"wp-block-paragraph\">Nach der H\u00e4lfte des Sportfestes gab es eine wohlverdiente Fr\u00fchst\u00fcckspause in der Aula. Dort warteten leckere Br\u00f6tchen, frisches Obst und viele weitere K\u00f6stlichkeiten auf die hungrigen Sportlerinnen und Sportler.<\/p>\n\n\n\n<p class=\"wp-block-paragraph\">Ein ganz besonderer Dank geht an dieser Stelle an Frau Wrubel und Frau Windheuser<strong>,<\/strong> die das Fr\u00fchst\u00fcck vorbereitet und damit f\u00fcr eine tolle St\u00e4rkung zwischendurch gesorgt haben. Vielen Dank auch f\u00fcr die Br\u00f6tchenspende an die B\u00e4ckerei Coors.<\/p>\n\n\n\n<p class=\"wp-block-paragraph\">Am Ende waren sich wohl alle einig: So darf man die letzten Schultage vor den Sommerferien gerne verbringen! Ein sportlicher, abwechslungsreicher und gemeinschaftlicher Tag, der allen noch einmal gezeigt hat, wie viel Spa\u00df Bewegung und Teamwork machen k\u00f6nnen.<\/p>\n\n\n\n<p class=\"wp-block-paragraph\"><strong>Vielen Dank an alle Sch\u00fclerinnen und Sch\u00fcler, Lehrkr\u00e4fte und Eltern, die zum Gelingen des Sportfestes beigetragen haben!<\/strong><\/p>\n\n\n\n<figure class=\"wp-block-gallery has-nested-images columns-default is-cropped wp-block-gallery-2 is-layout-flex wp-block-gallery-is-layout-flex\">\n<figure class=\"wp-block-image size-large\"><img loading=\"lazy\" decoding=\"async\" width=\"1200\" height=\"675\" data-id=\"6746\" src=\"https:\/\/wordpress.nibis.de\/obshilter\/files\/2026\/09\/Sporttag-Ehrungen-2026-24-1200x675.jpg\" alt=\"\" class=\"wp-image-6746\" srcset=\"https:\/\/wordpress.nibis.de\/obshilter\/files\/2026\/09\/Sporttag-Ehrungen-2026-24-1200x675.jpg 1200w, https:\/\/wordpress.nibis.de\/obshilter\/files\/2026\/09\/Sporttag-Ehrungen-2026-24-850x478.jpg 850w, https:\/\/wordpress.nibis.de\/obshilter\/files\/2026\/09\/Sporttag-Ehrungen-2026-24-250x141.jpg 250w\" sizes=\"auto, (max-width: 1200px) 100vw, 1200px\" \/><\/figure>\n\n\n\n<figure class=\"wp-block-image size-large\"><img loading=\"lazy\" decoding=\"async\" width=\"1200\" height=\"675\" data-id=\"6744\" src=\"https:\/\/wordpress.nibis.de\/obshilter\/files\/2026\/09\/Sporttag-Ehrungen-2026-30-1-1200x675.jpg\" alt=\"\" class=\"wp-image-6744\" srcset=\"https:\/\/wordpress.nibis.de\/obshilter\/files\/2026\/09\/Sporttag-Ehrungen-2026-30-1-1200x675.jpg 1200w, https:\/\/wordpress.nibis.de\/obshilter\/files\/2026\/09\/Sporttag-Ehrungen-2026-30-1-850x478.jpg 850w, https:\/\/wordpress.nibis.de\/obshilter\/files\/2026\/09\/Sporttag-Ehrungen-2026-30-1-250x141.jpg 250w\" sizes=\"auto, (max-width: 1200px) 100vw, 1200px\" \/><\/figure>\n<\/figure>\n","protected":false},"excerpt":{"rendered":"<p>Am 29. Juli 2026 hie\u00df es an der Oberschule Hilter: Raus aus dem Klassenraum und rein in die Sportklamotten!<\/p>\n","protected":false},"author":9192668,"featured_media":6740,"comment_status":"open","ping_status":"open","sticky":false,"template":"","format":"standard","meta":{"_acf_changed":false,"footnotes":"","_members_access_role":[],"_members_access_error":""},"categories":[4],"tags":[],"class_list":["post-6738","post","type-post","status-publish","format-standard","has-post-thumbnail","hentry","category-news-startseite"],"acf":[],"_links":{"self":[{"href":"https:\/\/wordpress.nibis.de\/obshilter\/wp-json\/wp\/v2\/posts\/6738","targetHints":{"allow":["GET"]}}],"collection":[{"href":"https:\/\/wordpress.nibis.de\/obshilter\/wp-json\/wp\/v2\/posts"}],"about":[{"href":"https:\/\/wordpress.nibis.de\/obshilter\/wp-json\/wp\/v2\/types\/post"}],"author":[{"embeddable":true,"href":"https:\/\/wordpress.nibis.de\/obshilter\/wp-json\/wp\/v2\/users\/9192668"}],"replies":[{"embeddable":true,"href":"https:\/\/wordpress.nibis.de\/obshilter\/wp-json\/wp\/v2\/comments?post=6738"}],"version-history":[{"count":3,"href":"https:\/\/wordpress.nibis.de\/obshilter\/wp-json\/wp\/v2\/posts\/6738\/revisions"}],"predecessor-version":[{"id":6770,"href":"https:\/\/wordpress.nibis.de\/obshilter\/wp-json\/wp\/v2\/posts\/6738\/revisions\/6770"}],"wp:featuredmedia":[{"embeddable":true,"href":"https:\/\/wordpress.nibis.de\/obshilter\/wp-json\/wp\/v2\/media\/6740"}],"wp:attachment":[{"href":"https:\/\/wordpress.nibis.de\/obshilter\/wp-json\/wp\/v2\/media?parent=6738"}],"wp:term":[{"taxonomy":"category","embeddable":true,"href":"https:\/\/wordpress.nibis.de\/obshilter\/wp-json\/wp\/v2\/categories?post=6738"},{"taxonomy":"post_tag","embeddable":true,"href":"https:\/\/wordpress.nibis.de\/obshilter\/wp-json\/wp\/v2\/tags?post=6738"}],"curies":[{"name":"wp","href":"https:\/\/api.w.org\/{rel}","templated":true}]}}