{"id":6759,"date":"2026-09-01T14:00:29","date_gmt":"2026-09-01T12:00:29","guid":{"rendered":"https:\/\/wordpress.nibis.de\/obshilter\/?p=6759"},"modified":"2026-09-01T14:00:59","modified_gmt":"2026-09-01T12:00:59","slug":"lichtung-ein-abschied-mit-blick-in-die-zukunft","status":"publish","type":"post","link":"https:\/\/wordpress.nibis.de\/obshilter\/2026\/09\/01\/lichtung-ein-abschied-mit-blick-in-die-zukunft\/","title":{"rendered":"\u00a0\u201eLichtung\u201c \u2013 ein Abschied mit Blick in die Zukunft"},"content":{"rendered":"\n<p class=\"wp-block-paragraph\"><strong>45 Sch\u00fclerinnen und Sch\u00fcler verlassen die OBS<\/strong><\/p>\n\n\n\n<p class=\"wp-block-paragraph\">Am 19. Juni 2026 hie\u00df es an der OBS Abschied nehmen: 45 Sch\u00fclerinnen und Sch\u00fcler des 10. Jahrgangs wurden feierlich aus der Schule entlassen. Sechs von ihnen erreichten den Hauptschulabschluss nach Klasse 9, neun den Hauptschulabschluss nach Klasse 10. 18 Sch\u00fclerinnen und Sch\u00fcler erhielten den Realschulabschluss, zw\u00f6lf konnten sich \u00fcber den erweiterten Abschluss freuen.<\/p>\n\n\n\n<p class=\"wp-block-paragraph\">Die Abschlussfeier stand in diesem Jahr unter dem Motto&nbsp;<strong>\u201eLichtung\u201c<\/strong>. Lichtung \u2013 ein Ort, an dem sich der Blick \u00f6ffnet, an dem man Orientierung findet und den Weg vor sich erkennen kann. Genau darum ging es auch bei der Feier: zur\u00fcckblicken auf die gemeinsame Schulzeit, aber vor allem nach vorne schauen und den n\u00e4chsten Abschnitt des Lebens in den Blick nehmen.<\/p>\n\n\n\n<p class=\"wp-block-paragraph\"><strong>Erst Chaos, dann Abschied<\/strong><\/p>\n\n\n\n<p class=\"wp-block-paragraph\">Bevor die offizielle Abschlussfeier stattfand, verabschiedete sich der 10. Jahrgang bereits mit dem traditionellen Chaostag von der gesamten Schule. Bei Spielen und verschiedenen Aktionen wurden Sch\u00fclerinnen und Sch\u00fcler und Lehrkr\u00e4fte gleicherma\u00dfen unterhalten. Zum Abschluss gab es eine Disco f\u00fcr die ganze Schule. Erst danach hie\u00df es: Musik aus, Licht an \u2013 und gemeinsam aufr\u00e4umen!<\/p>\n\n\n\n<figure class=\"wp-block-gallery has-nested-images columns-default is-cropped wp-block-gallery-1 is-layout-flex wp-block-gallery-is-layout-flex\">\n<figure class=\"wp-block-image size-large\"><img loading=\"lazy\" decoding=\"async\" width=\"1200\" height=\"675\" data-id=\"6760\" src=\"https:\/\/wordpress.nibis.de\/obshilter\/files\/2026\/09\/AK26-010-1200x675.jpg\" alt=\"\" class=\"wp-image-6760\" srcset=\"https:\/\/wordpress.nibis.de\/obshilter\/files\/2026\/09\/AK26-010-1200x675.jpg 1200w, https:\/\/wordpress.nibis.de\/obshilter\/files\/2026\/09\/AK26-010-850x478.jpg 850w, https:\/\/wordpress.nibis.de\/obshilter\/files\/2026\/09\/AK26-010-250x141.jpg 250w\" sizes=\"auto, (max-width: 1200px) 100vw, 1200px\" \/><\/figure>\n\n\n\n<figure class=\"wp-block-image size-large\"><img loading=\"lazy\" decoding=\"async\" width=\"1200\" height=\"675\" data-id=\"6761\" src=\"https:\/\/wordpress.nibis.de\/obshilter\/files\/2026\/09\/AK26-028-1200x675.jpg\" alt=\"\" class=\"wp-image-6761\" srcset=\"https:\/\/wordpress.nibis.de\/obshilter\/files\/2026\/09\/AK26-028-1200x675.jpg 1200w, https:\/\/wordpress.nibis.de\/obshilter\/files\/2026\/09\/AK26-028-850x478.jpg 850w, https:\/\/wordpress.nibis.de\/obshilter\/files\/2026\/09\/AK26-028-250x141.jpg 250w\" sizes=\"auto, (max-width: 1200px) 100vw, 1200px\" \/><\/figure>\n<\/figure>\n\n\n\n<p class=\"wp-block-paragraph\">Am 19. Juni begann der eigentliche Abschlusstag mit einem Kirchenbesuch. Anschlie\u00dfend lud die OBS zum gemeinsamen Buffet ein. Vorbereitet wurde die reichhaltige Verpflegung vom Profilkurs Wirtschaft, der dabei durch Spenden der Eltern unterst\u00fctzt wurde.<\/p>\n\n\n\n<p class=\"wp-block-paragraph\"><strong>Mit Taschenlampen in die Zukunft<\/strong><\/p>\n\n\n\n<p class=\"wp-block-paragraph\">Danach wartete ein umfangreiches Programm auf die 10. Klassen. Passend zum Motto \u201eLichtung\u201c wurde die Aula zun\u00e4chst abgedunkelt. Ausger\u00fcstet mit Taschenlampen machten sich ausgew\u00e4hlte Abschlusssch\u00fclerinnen und -sch\u00fcler auf die Suche nach zu l\u00f6senden Aufgaben. Das Licht der Taschenlampen war dabei mehr als nur eine praktische Hilfe: Es stand symbolisch f\u00fcr den eigenen Weg, f\u00fcr Orientierung und f\u00fcr den Blick in die Zukunft.<\/p>\n\n\n\n<p class=\"wp-block-paragraph\">Denn wie bei einem Weg durch einen dunklen Wald ist auch der n\u00e4chste Lebensabschnitt nicht immer vollst\u00e4ndig vorhersehbar. Man sieht vielleicht nicht den gesamten Weg, aber man kann den n\u00e4chsten Schritt erkennen. Und irgendwann \u00f6ffnet sich der Blick \u2013 wie auf einer Lichtung.<\/p>\n\n\n\n\n\n<figure class=\"wp-block-gallery has-nested-images columns-default is-cropped wp-block-gallery-2 is-layout-flex wp-block-gallery-is-layout-flex\">\n<figure class=\"wp-block-image size-large\"><img loading=\"lazy\" decoding=\"async\" width=\"1200\" height=\"675\" data-id=\"6765\" src=\"https:\/\/wordpress.nibis.de\/obshilter\/files\/2026\/09\/AK26-121-1200x675.jpg\" alt=\"\" class=\"wp-image-6765\" srcset=\"https:\/\/wordpress.nibis.de\/obshilter\/files\/2026\/09\/AK26-121-1200x675.jpg 1200w, https:\/\/wordpress.nibis.de\/obshilter\/files\/2026\/09\/AK26-121-850x478.jpg 850w, https:\/\/wordpress.nibis.de\/obshilter\/files\/2026\/09\/AK26-121-250x141.jpg 250w, https:\/\/wordpress.nibis.de\/obshilter\/files\/2026\/09\/AK26-121-768x432.jpg 768w, https:\/\/wordpress.nibis.de\/obshilter\/files\/2026\/09\/AK26-121-100x56.jpg 100w, https:\/\/wordpress.nibis.de\/obshilter\/files\/2026\/09\/AK26-121-1536x864.jpg 1536w, https:\/\/wordpress.nibis.de\/obshilter\/files\/2026\/09\/AK26-121-2048x1152.jpg 2048w, https:\/\/wordpress.nibis.de\/obshilter\/files\/2026\/09\/AK26-121-480x270.jpg 480w\" sizes=\"auto, (max-width: 1200px) 100vw, 1200px\" \/><\/figure>\n\n\n\n<figure class=\"wp-block-image size-large\"><img loading=\"lazy\" decoding=\"async\" width=\"1200\" height=\"675\" data-id=\"6766\" src=\"https:\/\/wordpress.nibis.de\/obshilter\/files\/2026\/09\/AK26-131-1200x675.jpg\" alt=\"\" class=\"wp-image-6766\" srcset=\"https:\/\/wordpress.nibis.de\/obshilter\/files\/2026\/09\/AK26-131-1200x675.jpg 1200w, https:\/\/wordpress.nibis.de\/obshilter\/files\/2026\/09\/AK26-131-850x478.jpg 850w, https:\/\/wordpress.nibis.de\/obshilter\/files\/2026\/09\/AK26-131-250x141.jpg 250w\" sizes=\"auto, (max-width: 1200px) 100vw, 1200px\" \/><\/figure>\n<\/figure>\n\n\n\n<p class=\"wp-block-paragraph\">Musikalisch begleitet wurde die Veranstaltung von Yvonne, Ronja, Lea und Pia am Klavier. F\u00fcr einen ganz besonderen R\u00fcckblick sorgte anschlie\u00dfend eine Fotoshow. Sie entf\u00fchrte die Abschlusssch\u00fclerinnen und -sch\u00fcler noch einmal durch ihre gemeinsame Schulzeit und lie\u00df zahlreiche Erinnerungen an die vergangenen Jahre lebendig werden.<\/p>\n\n\n\n<p class=\"wp-block-paragraph\">Auch das Theater durfte nicht fehlen. Der WPK Theater der Jahrg\u00e4nge 6 und 7 sorgte mit seinem Beitrag f\u00fcr Unterhaltung bei der Abschlussveranstaltung \u2013 und die Abschlussklasse kam dabei noch einmal glimpflich davon.<\/p>\n\n\n\n<p class=\"wp-block-paragraph\"><strong>Worte zum Abschied<\/strong><\/p>\n\n\n\n<p class=\"wp-block-paragraph\">Flankiert wurde die Veranstaltung von verschiedenen Reden. Schulleiterin Ute Haehnel richtete ebenso pers\u00f6nliche Worte an die Abschlussklasse wie Sch\u00fclersprecher Tyler Werner und Schulelternr\u00e4tin Yvonne Wrubel. Auch die Klassenlehrerinnen und die Klassenelternteams verabschiedeten ihre Sch\u00fclerinnen und Sch\u00fcler und gaben ihnen gute W\u00fcnsche f\u00fcr die Zukunft mit auf den Weg.<\/p>\n\n\n\n<p class=\"wp-block-paragraph\">Dann kam der Moment, auf den alle gewartet hatten: die Zeugnis\u00fcbergabe.<\/p>\n\n\n\n<p class=\"wp-block-paragraph\">Doch die Sch\u00fclerinnen und Sch\u00fcler gingen nicht nur mit ihrem Abschlusszeugnis von der B\u00fchne. In den H\u00e4nden hielten sie au\u00dferdem eine Tasse mit dem Klassenfoto, das Jahrbuch und eine kleine Badeinsel mit Getr\u00e4nk. Dazu kamen kleinere Geschenke aus den Ehrungen f\u00fcr besonderes Engagement.<\/p>\n\n\n\n<figure class=\"wp-block-gallery has-nested-images columns-default is-cropped wp-block-gallery-3 is-layout-flex wp-block-gallery-is-layout-flex\">\n<figure class=\"wp-block-image size-large\"><img loading=\"lazy\" decoding=\"async\" width=\"1200\" height=\"675\" data-id=\"6764\" src=\"https:\/\/wordpress.nibis.de\/obshilter\/files\/2026\/09\/AK26-061-1200x675.jpg\" alt=\"\" class=\"wp-image-6764\" srcset=\"https:\/\/wordpress.nibis.de\/obshilter\/files\/2026\/09\/AK26-061-1200x675.jpg 1200w, https:\/\/wordpress.nibis.de\/obshilter\/files\/2026\/09\/AK26-061-850x478.jpg 850w, https:\/\/wordpress.nibis.de\/obshilter\/files\/2026\/09\/AK26-061-250x141.jpg 250w\" sizes=\"auto, (max-width: 1200px) 100vw, 1200px\" \/><\/figure>\n\n\n\n<figure class=\"wp-block-image size-large\"><img loading=\"lazy\" decoding=\"async\" width=\"1200\" height=\"675\" data-id=\"6763\" src=\"https:\/\/wordpress.nibis.de\/obshilter\/files\/2026\/09\/AK26-099-1200x675.jpg\" alt=\"\" class=\"wp-image-6763\" srcset=\"https:\/\/wordpress.nibis.de\/obshilter\/files\/2026\/09\/AK26-099-1200x675.jpg 1200w, https:\/\/wordpress.nibis.de\/obshilter\/files\/2026\/09\/AK26-099-850x478.jpg 850w, https:\/\/wordpress.nibis.de\/obshilter\/files\/2026\/09\/AK26-099-250x141.jpg 250w\" sizes=\"auto, (max-width: 1200px) 100vw, 1200px\" \/><\/figure>\n<\/figure>\n\n\n\n<p class=\"wp-block-paragraph\"><strong>Auf zu neuen Ufern<\/strong><\/p>\n\n\n\n<p class=\"wp-block-paragraph\">Mit dem Abschluss endet ein gemeinsamer Weg \u2013 und ein neuer beginnt. Die \u201eLichtung\u201c steht deshalb nicht nur f\u00fcr den Abschied von der Schulzeit, sondern auch f\u00fcr den Moment, in dem sich der Blick nach vorne \u00f6ffnet.<\/p>\n","protected":false},"excerpt":{"rendered":"<p>Am 19. Juni 2026 hie\u00df es an der OBS Abschied nehmen: 45 Sch\u00fclerinnen und Sch\u00fcler des 10. Jahrgangs wurden feierlich aus der Schule entlassen.<\/p>\n","protected":false},"author":9192668,"featured_media":6762,"comment_status":"open","ping_status":"open","sticky":false,"template":"","format":"standard","meta":{"_acf_changed":false,"footnotes":"","_members_access_role":[],"_members_access_error":""},"categories":[4],"tags":[],"class_list":["post-6759","post","type-post","status-publish","format-standard","has-post-thumbnail","hentry","category-news-startseite"],"acf":[],"_links":{"self":[{"href":"https:\/\/wordpress.nibis.de\/obshilter\/wp-json\/wp\/v2\/posts\/6759","targetHints":{"allow":["GET"]}}],"collection":[{"href":"https:\/\/wordpress.nibis.de\/obshilter\/wp-json\/wp\/v2\/posts"}],"about":[{"href":"https:\/\/wordpress.nibis.de\/obshilter\/wp-json\/wp\/v2\/types\/post"}],"author":[{"embeddable":true,"href":"https:\/\/wordpress.nibis.de\/obshilter\/wp-json\/wp\/v2\/users\/9192668"}],"replies":[{"embeddable":true,"href":"https:\/\/wordpress.nibis.de\/obshilter\/wp-json\/wp\/v2\/comments?post=6759"}],"version-history":[{"count":2,"href":"https:\/\/wordpress.nibis.de\/obshilter\/wp-json\/wp\/v2\/posts\/6759\/revisions"}],"predecessor-version":[{"id":6769,"href":"https:\/\/wordpress.nibis.de\/obshilter\/wp-json\/wp\/v2\/posts\/6759\/revisions\/6769"}],"wp:featuredmedia":[{"embeddable":true,"href":"https:\/\/wordpress.nibis.de\/obshilter\/wp-json\/wp\/v2\/media\/6762"}],"wp:attachment":[{"href":"https:\/\/wordpress.nibis.de\/obshilter\/wp-json\/wp\/v2\/media?parent=6759"}],"wp:term":[{"taxonomy":"category","embeddable":true,"href":"https:\/\/wordpress.nibis.de\/obshilter\/wp-json\/wp\/v2\/categories?post=6759"},{"taxonomy":"post_tag","embeddable":true,"href":"https:\/\/wordpress.nibis.de\/obshilter\/wp-json\/wp\/v2\/tags?post=6759"}],"curies":[{"name":"wp","href":"https:\/\/api.w.org\/{rel}","templated":true}]}}