{"id":6780,"date":"2026-09-01T14:18:13","date_gmt":"2026-09-01T12:18:13","guid":{"rendered":"https:\/\/wordpress.nibis.de\/obshilter\/?p=6780"},"modified":"2026-09-01T14:18:27","modified_gmt":"2026-09-01T12:18:27","slug":"herzlich-willkommen-an-der-obs-hilter-einschulung-der-neuen-5-klassen","status":"publish","type":"post","link":"https:\/\/wordpress.nibis.de\/obshilter\/2026\/09\/01\/herzlich-willkommen-an-der-obs-hilter-einschulung-der-neuen-5-klassen\/","title":{"rendered":"Herzlich willkommen an der OBS Hilter \u2013 Einschulung der neuen 5. Klassen"},"content":{"rendered":"\n<p class=\"wp-block-paragraph\"><strong>Drei neue 5. Klassen starteten am 14. August 2026 an der OBS Hilter in einen neuen und aufregenden Lebensabschnitt.<\/strong><\/p>\n\n\n\n<p class=\"wp-block-paragraph\">Unter dem passenden Motto <strong>\u201eWachsen\u201c<\/strong> begann der Einschulungstag mit einem Gottesdienst, der unter anderem vom Schulprojektchor musikalisch begleitet wurde. Die neuen Sch\u00fclerinnen und Sch\u00fcler konnten sich dabei bereits auf ihre kommende Schulzeit einstimmen und erste Eindr\u00fccke von ihrer neuen Gemeinschaft sammeln.<\/p>\n\n\n\n<figure class=\"wp-block-gallery has-nested-images columns-default is-cropped wp-block-gallery-1 is-layout-flex wp-block-gallery-is-layout-flex\">\n<figure class=\"wp-block-image size-large\"><img loading=\"lazy\" decoding=\"async\" width=\"1200\" height=\"675\" data-id=\"6782\" src=\"https:\/\/wordpress.nibis.de\/obshilter\/files\/2026\/09\/2026_Einschulung_01-1200x675.jpg\" alt=\"\" class=\"wp-image-6782\" srcset=\"https:\/\/wordpress.nibis.de\/obshilter\/files\/2026\/09\/2026_Einschulung_01-1200x675.jpg 1200w, https:\/\/wordpress.nibis.de\/obshilter\/files\/2026\/09\/2026_Einschulung_01-850x478.jpg 850w, https:\/\/wordpress.nibis.de\/obshilter\/files\/2026\/09\/2026_Einschulung_01-250x141.jpg 250w\" sizes=\"auto, (max-width: 1200px) 100vw, 1200px\" \/><\/figure>\n\n\n\n<figure class=\"wp-block-image size-large\"><img loading=\"lazy\" decoding=\"async\" width=\"1200\" height=\"675\" data-id=\"6783\" src=\"https:\/\/wordpress.nibis.de\/obshilter\/files\/2026\/09\/2026_Einschulung_07-1200x675.jpg\" alt=\"\" class=\"wp-image-6783\" srcset=\"https:\/\/wordpress.nibis.de\/obshilter\/files\/2026\/09\/2026_Einschulung_07-1200x675.jpg 1200w, https:\/\/wordpress.nibis.de\/obshilter\/files\/2026\/09\/2026_Einschulung_07-850x478.jpg 850w, https:\/\/wordpress.nibis.de\/obshilter\/files\/2026\/09\/2026_Einschulung_07-250x141.jpg 250w\" sizes=\"auto, (max-width: 1200px) 100vw, 1200px\" \/><\/figure>\n<\/figure>\n\n\n\n<p class=\"wp-block-paragraph\">Anschlie\u00dfend ging es zur Einschulungsfeier in die Schule. Das Schulleitungsteam, <strong>Dagmar Frankenberg und Ute Haehnel<\/strong>, hie\u00df die neuen F\u00fcnftkl\u00e4sslerinnen und F\u00fcnftkl\u00e4ssler herzlich an der OBS Hilter willkommen.<\/p>\n\n\n\n<p class=\"wp-block-paragraph\">F\u00fcr die musikalische Gestaltung des Rahmenprogramms sorgte <strong>Frau Jahns am Klavier<\/strong>. Die Klasse <strong>7b<\/strong> hatte sich ebenfalls etwas Besonderes einfallen lassen und \u00fcberbrachte den neuen Sch\u00fclerinnen und Sch\u00fclern gute W\u00fcnsche zum Thema \u201eWachsen\u201c. Einen stimmungsvollen Empfang bereiteten au\u00dferdem die ehemaligen \u201eNeuen\u201c, die inzwischen die 6. Klassen besuchen. Mit ihren <strong>Bo Drums<\/strong> sorgten sie f\u00fcr ordentlich Stimmung und machten deutlich: An der OBS Hilter geh\u00f6rt man schnell dazu!<\/p>\n\n\n\n<p class=\"wp-block-paragraph\">Unterst\u00fctzt werden die neuen F\u00fcnftkl\u00e4sslerinnen und F\u00fcnftkl\u00e4ssler in ihrem Schulalltag au\u00dferdem von <strong>Paten aus dem 8. Jahrgang<\/strong>, die ihnen mit Rat und Tat zur Seite stehen werden.<\/p>\n\n\n\n<figure class=\"wp-block-gallery has-nested-images columns-default is-cropped wp-block-gallery-2 is-layout-flex wp-block-gallery-is-layout-flex\">\n<figure class=\"wp-block-image size-large\"><img loading=\"lazy\" decoding=\"async\" width=\"1200\" height=\"675\" data-id=\"6784\" src=\"https:\/\/wordpress.nibis.de\/obshilter\/files\/2026\/09\/2026_Einschulung_09-1200x675.jpg\" alt=\"\" class=\"wp-image-6784\" srcset=\"https:\/\/wordpress.nibis.de\/obshilter\/files\/2026\/09\/2026_Einschulung_09-1200x675.jpg 1200w, https:\/\/wordpress.nibis.de\/obshilter\/files\/2026\/09\/2026_Einschulung_09-850x478.jpg 850w, https:\/\/wordpress.nibis.de\/obshilter\/files\/2026\/09\/2026_Einschulung_09-250x141.jpg 250w\" sizes=\"auto, (max-width: 1200px) 100vw, 1200px\" \/><\/figure>\n\n\n\n<figure class=\"wp-block-image size-large\"><img loading=\"lazy\" decoding=\"async\" width=\"1200\" height=\"675\" data-id=\"6785\" src=\"https:\/\/wordpress.nibis.de\/obshilter\/files\/2026\/09\/2026_Einschulung_12-5a-1200x675.jpg\" alt=\"\" class=\"wp-image-6785\" srcset=\"https:\/\/wordpress.nibis.de\/obshilter\/files\/2026\/09\/2026_Einschulung_12-5a-1200x675.jpg 1200w, https:\/\/wordpress.nibis.de\/obshilter\/files\/2026\/09\/2026_Einschulung_12-5a-850x478.jpg 850w, https:\/\/wordpress.nibis.de\/obshilter\/files\/2026\/09\/2026_Einschulung_12-5a-250x141.jpg 250w\" sizes=\"auto, (max-width: 1200px) 100vw, 1200px\" \/><\/figure>\n<\/figure>\n\n\n\n<p class=\"wp-block-paragraph\">Ein besonderer Moment der Einschulungsfeier war der Aufruf der einzelnen Klassen. Gemeinsam mit ihren Klassenlehrerinnen wurden alle neuen Sch\u00fclerinnen und Sch\u00fcler auf die B\u00fchne gerufen. Nat\u00fcrlich durfte dabei auch ein gemeinsames Erinnerungsfoto nicht fehlen.<\/p>\n\n\n\n<p class=\"wp-block-paragraph\">Danach wurde es schlie\u00dflich ernst \u2013 der <strong>erste Unterricht<\/strong> an der OBS Hilter stand auf dem Programm. W\u00e4hrend die Kinder ihre neuen Klassenr\u00e4ume und Mitsch\u00fclerinnen und Mitsch\u00fcler kennenlernten, erhielten die Eltern noch Informationen \u00fcber die vielf\u00e4ltigen Angebote und M\u00f6glichkeiten der Oberschule.<\/p>\n\n\n\n<p class=\"wp-block-paragraph\">Zum Abschluss wurden die Eltern im <strong>Elterncaf\u00e9<\/strong> bei Kaffee und Getr\u00e4nken zum gem\u00fctlichen Austausch eingeladen.<\/p>\n\n\n\n<figure class=\"wp-block-gallery has-nested-images columns-default is-cropped wp-block-gallery-3 is-layout-flex wp-block-gallery-is-layout-flex\">\n<figure class=\"wp-block-image size-large\"><img loading=\"lazy\" decoding=\"async\" width=\"1200\" height=\"675\" data-id=\"6786\" src=\"https:\/\/wordpress.nibis.de\/obshilter\/files\/2026\/09\/2026_Einschulung_16-5b-1200x675.jpg\" alt=\"\" class=\"wp-image-6786\" srcset=\"https:\/\/wordpress.nibis.de\/obshilter\/files\/2026\/09\/2026_Einschulung_16-5b-1200x675.jpg 1200w, https:\/\/wordpress.nibis.de\/obshilter\/files\/2026\/09\/2026_Einschulung_16-5b-850x478.jpg 850w, https:\/\/wordpress.nibis.de\/obshilter\/files\/2026\/09\/2026_Einschulung_16-5b-250x141.jpg 250w\" sizes=\"auto, (max-width: 1200px) 100vw, 1200px\" \/><\/figure>\n\n\n\n<figure class=\"wp-block-image size-large\"><img loading=\"lazy\" decoding=\"async\" width=\"1200\" height=\"675\" data-id=\"6787\" src=\"https:\/\/wordpress.nibis.de\/obshilter\/files\/2026\/09\/2026_Einschulung_20-5c-1200x675.jpg\" alt=\"\" class=\"wp-image-6787\" srcset=\"https:\/\/wordpress.nibis.de\/obshilter\/files\/2026\/09\/2026_Einschulung_20-5c-1200x675.jpg 1200w, https:\/\/wordpress.nibis.de\/obshilter\/files\/2026\/09\/2026_Einschulung_20-5c-850x478.jpg 850w, https:\/\/wordpress.nibis.de\/obshilter\/files\/2026\/09\/2026_Einschulung_20-5c-250x141.jpg 250w\" sizes=\"auto, (max-width: 1200px) 100vw, 1200px\" \/><\/figure>\n<\/figure>\n\n\n\n<p class=\"wp-block-paragraph\">So begann f\u00fcr unsere neuen F\u00fcnftkl\u00e4sslerinnen und F\u00fcnftkl\u00e4ssler ein neuer Abschnitt voller Begegnungen, Herausforderungen und Chancen. Wir w\u00fcnschen allen einen guten Start, viele sch\u00f6ne Erlebnisse und vor allem: <strong>Viel Freude beim gemeinsamen Wachsen an der OBS Hilter!<\/strong><\/p>\n","protected":false},"excerpt":{"rendered":"<p>Drei neue 5. Klassen starteten am 14. August 2026 an der OBS Hilter in einen neuen und aufregenden Lebensabschnitt.<\/p>\n","protected":false},"author":9192668,"featured_media":6781,"comment_status":"open","ping_status":"open","sticky":false,"template":"","format":"standard","meta":{"_acf_changed":false,"footnotes":"","_members_access_role":[],"_members_access_error":""},"categories":[4],"tags":[],"class_list":["post-6780","post","type-post","status-publish","format-standard","has-post-thumbnail","hentry","category-news-startseite"],"acf":[],"_links":{"self":[{"href":"https:\/\/wordpress.nibis.de\/obshilter\/wp-json\/wp\/v2\/posts\/6780","targetHints":{"allow":["GET"]}}],"collection":[{"href":"https:\/\/wordpress.nibis.de\/obshilter\/wp-json\/wp\/v2\/posts"}],"about":[{"href":"https:\/\/wordpress.nibis.de\/obshilter\/wp-json\/wp\/v2\/types\/post"}],"author":[{"embeddable":true,"href":"https:\/\/wordpress.nibis.de\/obshilter\/wp-json\/wp\/v2\/users\/9192668"}],"replies":[{"embeddable":true,"href":"https:\/\/wordpress.nibis.de\/obshilter\/wp-json\/wp\/v2\/comments?post=6780"}],"version-history":[{"count":2,"href":"https:\/\/wordpress.nibis.de\/obshilter\/wp-json\/wp\/v2\/posts\/6780\/revisions"}],"predecessor-version":[{"id":6789,"href":"https:\/\/wordpress.nibis.de\/obshilter\/wp-json\/wp\/v2\/posts\/6780\/revisions\/6789"}],"wp:featuredmedia":[{"embeddable":true,"href":"https:\/\/wordpress.nibis.de\/obshilter\/wp-json\/wp\/v2\/media\/6781"}],"wp:attachment":[{"href":"https:\/\/wordpress.nibis.de\/obshilter\/wp-json\/wp\/v2\/media?parent=6780"}],"wp:term":[{"taxonomy":"category","embeddable":true,"href":"https:\/\/wordpress.nibis.de\/obshilter\/wp-json\/wp\/v2\/categories?post=6780"},{"taxonomy":"post_tag","embeddable":true,"href":"https:\/\/wordpress.nibis.de\/obshilter\/wp-json\/wp\/v2\/tags?post=6780"}],"curies":[{"name":"wp","href":"https:\/\/api.w.org\/{rel}","templated":true}]}}