{"id":1629,"date":"2022-08-31T12:42:25","date_gmt":"2022-08-31T10:42:25","guid":{"rendered":"https:\/\/wordpress.nibis.de\/ovakara\/?p=1629"},"modified":"2022-08-31T12:42:27","modified_gmt":"2022-08-31T10:42:27","slug":"einschulungsfeier-2022","status":"publish","type":"post","link":"https:\/\/wordpress.nibis.de\/ovakara\/einschulungsfeier-2022\/","title":{"rendered":"Einschulungsfeier 2022"},"content":{"rendered":"\n<p>Oma, Opa, Geschwister, G\u00e4ste und Eltern der neuen 1. Klasse konnten am Samstag eine wundervolle Einschulungsfeier erleben. In der geschm\u00fcckten Turnhalle wurden die Erstkl\u00e4sslerInnen und ihre G\u00e4ste mit dem Schullied &#8211; welches die 4. Klasse zusammen mit dem Team der Ovakara Schule auf der B\u00fchne sangen &#8211; begr\u00fc\u00dft.<\/p>\n\n\n\n<div class=\"wp-block-image\"><figure class=\"aligncenter size-full is-resized\"><img loading=\"lazy\" decoding=\"async\" src=\"https:\/\/wordpress.nibis.de\/ovakara\/files\/2022\/08\/DC8D8DDF-6AD0-4BB7-8102-151F3D4FC449a.jpeg\" alt=\"\" class=\"wp-image-1636\" width=\"340\" height=\"255\" srcset=\"https:\/\/wordpress.nibis.de\/ovakara\/files\/2022\/08\/DC8D8DDF-6AD0-4BB7-8102-151F3D4FC449a.jpeg 591w, https:\/\/wordpress.nibis.de\/ovakara\/files\/2022\/08\/DC8D8DDF-6AD0-4BB7-8102-151F3D4FC449a-300x225.jpeg 300w\" sizes=\"auto, (max-width: 340px) 100vw, 340px\" \/><\/figure><\/div>\n\n\n\n<p>Im Anschluss daran wurden alle von der Schulleiterin Frau Siemund begr\u00fc\u00dft. Sie verglich die Schulzeit mit dem Windsurfen und zeigte damit f\u00fcr alle sehr anschaulich, was Schule und Lernen bedeutet. Dabei stellte sie sich auch selber auf ein Surfbrett und zog das Segel hoch. Ein fester Halt durch die LehrerInnen und immer gen\u00fcgend Wind im Segel &#8211; &#8222;streckt die Nase in den Wind und los geht\u00b4s&#8220;. Mit diesen Worten w\u00fcnschte sie allen eine tolle Schulzeit.<\/p>\n\n\n\n<figure class=\"wp-block-image size-full is-resized\"><img loading=\"lazy\" decoding=\"async\" src=\"https:\/\/wordpress.nibis.de\/ovakara\/files\/2022\/08\/083A845E-DD58-4ACC-B46E-606BBCCDA888a.jpeg\" alt=\"\" class=\"wp-image-1640\" width=\"371\" height=\"278\" srcset=\"https:\/\/wordpress.nibis.de\/ovakara\/files\/2022\/08\/083A845E-DD58-4ACC-B46E-606BBCCDA888a.jpeg 591w, https:\/\/wordpress.nibis.de\/ovakara\/files\/2022\/08\/083A845E-DD58-4ACC-B46E-606BBCCDA888a-300x225.jpeg 300w\" sizes=\"auto, (max-width: 371px) 100vw, 371px\" \/><\/figure>\n\n\n\n<p>Danach pr\u00e4sentierte Frau Rausch mit ihrer 4. Klasse das Musical &#8222;Heut\u00b4 ist mein erster Schultag&#8220;- voller Enthusiasmus sangen und spielten die Kinder den Erstkl\u00e4sslern Sportstunden, Deutschstunden, Mathestunden und somit den ganz normalen Schulalltag mit der Gitarrenbegleitung ihrer Lehrerin vor und weckten damit bei allen die Vorfreude auf die Schule. Sogar einige Solos\u00e4nger beeindruckten das Publikum mit ihren gesanglichen Leistungen. Zum Schluss durften alle ZuschauerInnen mitsingen. Ein begeisterter Beifall war dann der besondere Dank an die Klasse und ihre Lehrerin f\u00fcr diese tolle Auff\u00fchrung.<\/p>\n\n\n\n<figure class=\"wp-block-gallery aligncenter has-nested-images columns-default is-cropped wp-block-gallery-1 is-layout-flex wp-block-gallery-is-layout-flex\">\n<figure class=\"wp-block-image size-full is-resized is-style-default\"><img loading=\"lazy\" decoding=\"async\" data-id=\"1641\" src=\"https:\/\/wordpress.nibis.de\/ovakara\/files\/2022\/08\/6D634C7D-C4A6-4B17-AD29-61609E78654Cb.jpeg\" alt=\"\" class=\"wp-image-1641\" width=\"452\" height=\"339\" srcset=\"https:\/\/wordpress.nibis.de\/ovakara\/files\/2022\/08\/6D634C7D-C4A6-4B17-AD29-61609E78654Cb.jpeg 591w, https:\/\/wordpress.nibis.de\/ovakara\/files\/2022\/08\/6D634C7D-C4A6-4B17-AD29-61609E78654Cb-300x225.jpeg 300w\" sizes=\"auto, (max-width: 452px) 100vw, 452px\" \/><\/figure>\n\n\n\n<figure class=\"wp-block-image size-full\"><img loading=\"lazy\" decoding=\"async\" width=\"591\" height=\"443\" data-id=\"1631\" src=\"https:\/\/wordpress.nibis.de\/ovakara\/files\/2022\/08\/3D784503-6F77-49FC-AE49-9C0363380FBDa.jpeg\" alt=\"\" class=\"wp-image-1631\" srcset=\"https:\/\/wordpress.nibis.de\/ovakara\/files\/2022\/08\/3D784503-6F77-49FC-AE49-9C0363380FBDa.jpeg 591w, https:\/\/wordpress.nibis.de\/ovakara\/files\/2022\/08\/3D784503-6F77-49FC-AE49-9C0363380FBDa-300x225.jpeg 300w\" sizes=\"auto, (max-width: 591px) 100vw, 591px\" \/><\/figure>\n<\/figure>\n\n\n\n<p>W\u00e4hrend die Kinder zum Abschluss ihre erste Schulstunde erleben konnten, wurde vom F\u00f6rderverein ein gro\u00dfes Buffet f\u00fcr die G\u00e4ste angeboten, welches keine W\u00fcnsche offen lie\u00df. Viele flei\u00dfige ehrenamtliche HelferInnen und KuchenspenderInnen trugen dazu bei. In geselliger Runde tauschten sich die G\u00e4ste aus und erwarteten mit Vorfreude die &#8222;fertigen&#8220; Schulkinder. <\/p>\n\n\n\n<figure class=\"wp-block-gallery has-nested-images columns-default is-cropped wp-block-gallery-2 is-layout-flex wp-block-gallery-is-layout-flex\">\n<figure class=\"wp-block-image size-large\"><img loading=\"lazy\" decoding=\"async\" width=\"591\" height=\"443\" data-id=\"1639\" src=\"https:\/\/wordpress.nibis.de\/ovakara\/files\/2022\/08\/B83C6938-6F30-4A0D-978A-D45EAAC039FBa.jpeg\" alt=\"\" class=\"wp-image-1639\" srcset=\"https:\/\/wordpress.nibis.de\/ovakara\/files\/2022\/08\/B83C6938-6F30-4A0D-978A-D45EAAC039FBa.jpeg 591w, https:\/\/wordpress.nibis.de\/ovakara\/files\/2022\/08\/B83C6938-6F30-4A0D-978A-D45EAAC039FBa-300x225.jpeg 300w\" sizes=\"auto, (max-width: 591px) 100vw, 591px\" \/><\/figure>\n\n\n\n<figure class=\"wp-block-image size-large\"><img loading=\"lazy\" decoding=\"async\" width=\"443\" height=\"591\" data-id=\"1635\" src=\"https:\/\/wordpress.nibis.de\/ovakara\/files\/2022\/08\/E3DB40E9-954D-4348-931A-CD201165EC98a-rotated.jpeg\" alt=\"\" class=\"wp-image-1635\" srcset=\"https:\/\/wordpress.nibis.de\/ovakara\/files\/2022\/08\/E3DB40E9-954D-4348-931A-CD201165EC98a-rotated.jpeg 443w, https:\/\/wordpress.nibis.de\/ovakara\/files\/2022\/08\/E3DB40E9-954D-4348-931A-CD201165EC98a-225x300.jpeg 225w\" sizes=\"auto, (max-width: 443px) 100vw, 443px\" \/><\/figure>\n\n\n\n<figure class=\"wp-block-image size-large\"><img loading=\"lazy\" decoding=\"async\" width=\"443\" height=\"591\" data-id=\"1633\" src=\"https:\/\/wordpress.nibis.de\/ovakara\/files\/2022\/08\/5B6E5B0F-E133-4A44-83E0-3AD20116CFB2a-rotated.jpeg\" alt=\"\" class=\"wp-image-1633\" srcset=\"https:\/\/wordpress.nibis.de\/ovakara\/files\/2022\/08\/5B6E5B0F-E133-4A44-83E0-3AD20116CFB2a-rotated.jpeg 443w, https:\/\/wordpress.nibis.de\/ovakara\/files\/2022\/08\/5B6E5B0F-E133-4A44-83E0-3AD20116CFB2a-225x300.jpeg 225w\" sizes=\"auto, (max-width: 443px) 100vw, 443px\" \/><\/figure>\n<\/figure>\n\n\n\n<p>Nach ca. 30 Minuten kamen die Schulkinder gemeinsam auf den Schulhof. Hier bekamen die Kinder von den Eltern die liebevoll gestalteten Schult\u00fcten und stellten sich f\u00fcr ein gemeinsames Foto auf. &#8222;Vielen Dank f\u00fcr die sch\u00f6ne Feier&#8220;- mit diesem Lob an alle verabschiedeten sich die G\u00e4ste und feierten im privaten Kreis weiter.<\/p>\n\n\n\n<div class=\"wp-block-image\"><figure class=\"alignleft size-full\"><img loading=\"lazy\" decoding=\"async\" width=\"591\" height=\"443\" src=\"https:\/\/wordpress.nibis.de\/ovakara\/files\/2022\/08\/7AB3035C-0070-4F12-9A98-76A0115F5518a.jpeg\" alt=\"\" class=\"wp-image-1632\" srcset=\"https:\/\/wordpress.nibis.de\/ovakara\/files\/2022\/08\/7AB3035C-0070-4F12-9A98-76A0115F5518a.jpeg 591w, https:\/\/wordpress.nibis.de\/ovakara\/files\/2022\/08\/7AB3035C-0070-4F12-9A98-76A0115F5518a-300x225.jpeg 300w\" sizes=\"auto, (max-width: 591px) 100vw, 591px\" \/><\/figure><\/div>\n\n\n\n<p><\/p>\n\n\n\n<p><\/p>\n\n\n\n<p><\/p>\n\n\n\n<p><\/p>\n\n\n\n<p>Habt eine tolle Schulzeit liebe Erstkl\u00e4ssler!!<\/p>\n\n\n\n<p><\/p>\n","protected":false},"excerpt":{"rendered":"<p>Oma, Opa, Geschwister, G\u00e4ste und Eltern der neuen 1. Klasse konnten am Samstag eine wundervolle Einschulungsfeier erleben. In der geschm\u00fcckten Turnhalle wurden die Erstkl\u00e4sslerInnen und ihre G\u00e4ste mit dem Schullied &#8211; welches die 4. Klasse zusammen mit dem Team der Ovakara Schule auf der B\u00fchne sangen &#8211; begr\u00fc\u00dft. Im Anschluss daran wurden alle von der [&hellip;]<\/p>\n","protected":false},"author":9193774,"featured_media":1630,"comment_status":"closed","ping_status":"closed","sticky":false,"template":"","format":"standard","meta":{"footnotes":""},"categories":[5],"tags":[],"class_list":["post-1629","post","type-post","status-publish","format-standard","has-post-thumbnail","hentry","category-schulleben"],"_links":{"self":[{"href":"https:\/\/wordpress.nibis.de\/ovakara\/wp-json\/wp\/v2\/posts\/1629","targetHints":{"allow":["GET"]}}],"collection":[{"href":"https:\/\/wordpress.nibis.de\/ovakara\/wp-json\/wp\/v2\/posts"}],"about":[{"href":"https:\/\/wordpress.nibis.de\/ovakara\/wp-json\/wp\/v2\/types\/post"}],"author":[{"embeddable":true,"href":"https:\/\/wordpress.nibis.de\/ovakara\/wp-json\/wp\/v2\/users\/9193774"}],"replies":[{"embeddable":true,"href":"https:\/\/wordpress.nibis.de\/ovakara\/wp-json\/wp\/v2\/comments?post=1629"}],"version-history":[{"count":5,"href":"https:\/\/wordpress.nibis.de\/ovakara\/wp-json\/wp\/v2\/posts\/1629\/revisions"}],"predecessor-version":[{"id":3173,"href":"https:\/\/wordpress.nibis.de\/ovakara\/wp-json\/wp\/v2\/posts\/1629\/revisions\/3173"}],"wp:featuredmedia":[{"embeddable":true,"href":"https:\/\/wordpress.nibis.de\/ovakara\/wp-json\/wp\/v2\/media\/1630"}],"wp:attachment":[{"href":"https:\/\/wordpress.nibis.de\/ovakara\/wp-json\/wp\/v2\/media?parent=1629"}],"wp:term":[{"taxonomy":"category","embeddable":true,"href":"https:\/\/wordpress.nibis.de\/ovakara\/wp-json\/wp\/v2\/categories?post=1629"},{"taxonomy":"post_tag","embeddable":true,"href":"https:\/\/wordpress.nibis.de\/ovakara\/wp-json\/wp\/v2\/tags?post=1629"}],"curies":[{"name":"wp","href":"https:\/\/api.w.org\/{rel}","templated":true}]}}