{"id":1895,"date":"2022-12-11T11:02:32","date_gmt":"2022-12-11T10:02:32","guid":{"rendered":"https:\/\/wordpress.nibis.de\/ovakara\/?p=1895"},"modified":"2022-12-12T09:31:07","modified_gmt":"2022-12-12T08:31:07","slug":"mozart-zu-gast-in-hillerse","status":"publish","type":"post","link":"https:\/\/wordpress.nibis.de\/ovakara\/mozart-zu-gast-in-hillerse\/","title":{"rendered":"Mozart zu Gast in Hillerse!"},"content":{"rendered":"\n<p>Am 1. Dezember war es wieder so weit: Unser diesj\u00e4hriges Weihnachtstheater war eine Oper von Wolfgang Amadeus Mozart. &#8222;Die Zauberfl\u00f6te&#8220; wurde gesungen und gespielt von zwei Operns\u00e4ngern und einer Operns\u00e4ngerin. In sch\u00f6nen Kost\u00fcmen sangen sie die wunderbaren Arien, wie &#8222;Der Vogelf\u00e4nger bin ich ja&#8220; oder auch &#8222;Der H\u00f6lle Rache&#8220;. Unsere Turnhalle wurde zur Opernb\u00fchne und auch alle Kinder bekamen Gelegenheit, mitzusingen. Bei ihren Versuchen, die Prinzessin Pamina zu retten, wurden Prinz Tamino und Vogelf\u00e4nger Papageno von sechs Kindern aus der Klasse 4a unterst\u00fctzt. Sie durften die &#8222;drei Damen&#8220; und die &#8222;drei Knaben&#8220; darstellen, die den beiden die Pr\u00fcfungen verk\u00fcndeten, sowie Zauberfl\u00f6te und Glockenspiel \u00fcberreichten. Daf\u00fcr hatten sie vorher extra kleine Texte auswendig gelernt. Zuletzt wurde Pamina gerettet, alle Pr\u00fcfungen wurden bestanden und Papageno fand sogar noch seine Traumfrau Papagena.<\/p>\n<p>&nbsp;<\/p>\n\n\n\n<figure class=\"wp-block-gallery has-nested-images columns-default is-cropped wp-block-gallery-1 is-layout-flex wp-block-gallery-is-layout-flex\">\n<figure class=\"wp-block-image size-large\"><img decoding=\"async\" data-id=\"1904\" src=\"https:\/\/wordpress.nibis.de\/ovakara\/files\/2022\/12\/EF26F937-4A01-4EEB-A628-1F5B21225A31.jpeg\" alt=\"\" class=\"wp-image-1904\" \/><\/figure>\n\n\n\n<figure class=\"wp-block-image size-large\"><img decoding=\"async\" data-id=\"1902\" src=\"https:\/\/wordpress.nibis.de\/ovakara\/files\/2022\/12\/1119AA55-2340-4B6B-9A38-467D9ABE95B0-scaled.jpeg\" alt=\"\" class=\"wp-image-1902\" \/><\/figure>\n\n\n\n<figure class=\"wp-block-image size-large\"><img decoding=\"async\" data-id=\"1900\" src=\"https:\/\/wordpress.nibis.de\/ovakara\/files\/2022\/12\/0430A774-0580-4F2D-A3E6-DD8450E3608C-scaled.jpeg\" alt=\"\" class=\"wp-image-1900\" \/><\/figure>\n\n\n\n<figure class=\"wp-block-image size-large\"><img decoding=\"async\" data-id=\"1899\" src=\"https:\/\/wordpress.nibis.de\/ovakara\/files\/2022\/12\/30FD360A-4D20-467A-9763-39EB909C3EAC.jpeg\" alt=\"\" class=\"wp-image-1899\" \/><\/figure>\n\n\n\n<figure class=\"wp-block-image size-large\"><img decoding=\"async\" data-id=\"1898\" src=\"https:\/\/wordpress.nibis.de\/ovakara\/files\/2022\/12\/20F07C1D-46D9-4D78-B42A-2B901F42C860.jpeg\" alt=\"\" class=\"wp-image-1898\" \/><\/figure>\n<\/figure>\n\n\n\n<p>Auch dank der Mitwirkung aller Kinder war dies eine gelungene Auff\u00fchrung, mit der die Vorweihnachtszeit eingel\u00e4utet wurde.<\/p>\n\n\n\n<figure class=\"wp-block-image size-large\"><img decoding=\"async\" src=\"https:\/\/wordpress.nibis.de\/ovakara\/files\/2022\/12\/BC06EE63-6FB9-49CF-BD92-088926D2445E-1024x768.jpeg\" alt=\"\" class=\"wp-image-1903\" \/><figcaption>Applaus Applaus!<\/figcaption><\/figure>\n","protected":false},"excerpt":{"rendered":"<p>Am 1. Dezember war es wieder so weit: Unser diesj\u00e4hriges Weihnachtstheater war eine Oper von Wolfgang Amadeus Mozart. &#8222;Die Zauberfl\u00f6te&#8220; wurde gesungen und gespielt von zwei Operns\u00e4ngern und einer Operns\u00e4ngerin. In sch\u00f6nen Kost\u00fcmen sangen sie die wunderbaren Arien, wie &#8222;Der Vogelf\u00e4nger bin ich ja&#8220; oder auch &#8222;Der H\u00f6lle Rache&#8220;. Unsere Turnhalle wurde zur Opernb\u00fchne und [&hellip;]<\/p>\n","protected":false},"author":9194073,"featured_media":0,"comment_status":"closed","ping_status":"closed","sticky":false,"template":"","format":"standard","meta":{"footnotes":""},"categories":[5],"tags":[],"class_list":["post-1895","post","type-post","status-publish","format-standard","hentry","category-schulleben"],"_links":{"self":[{"href":"https:\/\/wordpress.nibis.de\/ovakara\/wp-json\/wp\/v2\/posts\/1895","targetHints":{"allow":["GET"]}}],"collection":[{"href":"https:\/\/wordpress.nibis.de\/ovakara\/wp-json\/wp\/v2\/posts"}],"about":[{"href":"https:\/\/wordpress.nibis.de\/ovakara\/wp-json\/wp\/v2\/types\/post"}],"author":[{"embeddable":true,"href":"https:\/\/wordpress.nibis.de\/ovakara\/wp-json\/wp\/v2\/users\/9194073"}],"replies":[{"embeddable":true,"href":"https:\/\/wordpress.nibis.de\/ovakara\/wp-json\/wp\/v2\/comments?post=1895"}],"version-history":[{"count":4,"href":"https:\/\/wordpress.nibis.de\/ovakara\/wp-json\/wp\/v2\/posts\/1895\/revisions"}],"predecessor-version":[{"id":1911,"href":"https:\/\/wordpress.nibis.de\/ovakara\/wp-json\/wp\/v2\/posts\/1895\/revisions\/1911"}],"wp:attachment":[{"href":"https:\/\/wordpress.nibis.de\/ovakara\/wp-json\/wp\/v2\/media?parent=1895"}],"wp:term":[{"taxonomy":"category","embeddable":true,"href":"https:\/\/wordpress.nibis.de\/ovakara\/wp-json\/wp\/v2\/categories?post=1895"},{"taxonomy":"post_tag","embeddable":true,"href":"https:\/\/wordpress.nibis.de\/ovakara\/wp-json\/wp\/v2\/tags?post=1895"}],"curies":[{"name":"wp","href":"https:\/\/api.w.org\/{rel}","templated":true}]}}