{"id":1027,"date":"2024-08-14T14:55:56","date_gmt":"2024-08-14T12:55:56","guid":{"rendered":"https:\/\/wordpress.nibis.de\/pestapbg\/?p=1027"},"modified":"2024-08-14T14:55:59","modified_gmt":"2024-08-14T12:55:59","slug":"aufraeum-und-gartenaktion-zu-beginn-des-schuljahres","status":"publish","type":"post","link":"https:\/\/wordpress.nibis.de\/pestapbg\/aufraeum-und-gartenaktion-zu-beginn-des-schuljahres\/","title":{"rendered":"Aufr\u00e4um- und Gartenaktion zu Beginn des Schuljahres"},"content":{"rendered":"\n<figure class=\"wp-block-gallery has-nested-images columns-default is-cropped wp-block-gallery-1 is-layout-flex wp-block-gallery-is-layout-flex\">\n<figure class=\"wp-block-image size-full\"><img loading=\"lazy\" decoding=\"async\" width=\"1920\" height=\"2560\" data-id=\"1029\" src=\"https:\/\/wordpress.nibis.de\/pestapbg\/files\/2024\/08\/IMG_5866-scaled.jpeg\" alt=\"\" class=\"wp-image-1029\" srcset=\"https:\/\/wordpress.nibis.de\/pestapbg\/files\/2024\/08\/IMG_5866-scaled.jpeg 1920w, https:\/\/wordpress.nibis.de\/pestapbg\/files\/2024\/08\/IMG_5866-106x141.jpeg 106w, https:\/\/wordpress.nibis.de\/pestapbg\/files\/2024\/08\/IMG_5866-768x1024.jpeg 768w, https:\/\/wordpress.nibis.de\/pestapbg\/files\/2024\/08\/IMG_5866-1152x1536.jpeg 1152w, https:\/\/wordpress.nibis.de\/pestapbg\/files\/2024\/08\/IMG_5866-1536x2048.jpeg 1536w, https:\/\/wordpress.nibis.de\/pestapbg\/files\/2024\/08\/IMG_5866-225x300.jpeg 225w\" sizes=\"auto, (max-width: 1920px) 100vw, 1920px\" \/><\/figure>\n\n\n\n<figure class=\"wp-block-image size-full\"><img loading=\"lazy\" decoding=\"async\" width=\"1920\" height=\"2560\" data-id=\"1028\" src=\"https:\/\/wordpress.nibis.de\/pestapbg\/files\/2024\/08\/IMG_5853-scaled.jpeg\" alt=\"\" class=\"wp-image-1028\" srcset=\"https:\/\/wordpress.nibis.de\/pestapbg\/files\/2024\/08\/IMG_5853-scaled.jpeg 1920w, https:\/\/wordpress.nibis.de\/pestapbg\/files\/2024\/08\/IMG_5853-106x141.jpeg 106w, https:\/\/wordpress.nibis.de\/pestapbg\/files\/2024\/08\/IMG_5853-768x1024.jpeg 768w, https:\/\/wordpress.nibis.de\/pestapbg\/files\/2024\/08\/IMG_5853-1152x1536.jpeg 1152w, https:\/\/wordpress.nibis.de\/pestapbg\/files\/2024\/08\/IMG_5853-1536x2048.jpeg 1536w, https:\/\/wordpress.nibis.de\/pestapbg\/files\/2024\/08\/IMG_5853-225x300.jpeg 225w\" sizes=\"auto, (max-width: 1920px) 100vw, 1920px\" \/><\/figure>\n<\/figure>\n\n\n\n<p>Die Sch\u00fclerinnen und Sch\u00fcler der Jahrg\u00e4nge 7-9 haben es sich am Dienstag nach den Ferien zur Aufgabe gemacht das Schulgel\u00e4nde auf Vordermann zu bringen. Ausgestattet mit Fugenkratzer, Besen, Handschuhen und weiterem Gartenwerkzeug ging es dem Unkraut an den Kragen. Es wurde flei\u00dfig rund um das Schulgeb\u00e4ude gearbeitet. Die Sch\u00fclerinnen und Sch\u00fcler haben gezeigt, was f\u00fcr engagierte G\u00e4rtnerinnen und G\u00e4rtner in ihnen stecken. Die Klasse 10 hat es sich w\u00e4hrenddesssen zur Aufgabe gemacht, das Mobiliar der Klassenzimmer zu sammeln und zu sortieren. Am Ende des Schultages waren alle zufrieden und stolz auf ihre Leistungen.<\/p>\n\n\n\n<figure class=\"wp-block-gallery has-nested-images columns-default is-cropped wp-block-gallery-2 is-layout-flex wp-block-gallery-is-layout-flex\">\n<figure class=\"wp-block-image size-large\"><img loading=\"lazy\" decoding=\"async\" width=\"2560\" height=\"1920\" data-id=\"1031\" src=\"https:\/\/wordpress.nibis.de\/pestapbg\/files\/2024\/08\/IMG_5877-scaled.jpeg\" alt=\"\" class=\"wp-image-1031\" srcset=\"https:\/\/wordpress.nibis.de\/pestapbg\/files\/2024\/08\/IMG_5877-scaled.jpeg 2560w, https:\/\/wordpress.nibis.de\/pestapbg\/files\/2024\/08\/IMG_5877-188x141.jpeg 188w, https:\/\/wordpress.nibis.de\/pestapbg\/files\/2024\/08\/IMG_5877-768x576.jpeg 768w, https:\/\/wordpress.nibis.de\/pestapbg\/files\/2024\/08\/IMG_5877-1536x1152.jpeg 1536w, https:\/\/wordpress.nibis.de\/pestapbg\/files\/2024\/08\/IMG_5877-2048x1536.jpeg 2048w, https:\/\/wordpress.nibis.de\/pestapbg\/files\/2024\/08\/IMG_5877-400x300.jpeg 400w\" sizes=\"auto, (max-width: 2560px) 100vw, 2560px\" \/><\/figure>\n\n\n\n<figure class=\"wp-block-image size-large\"><img loading=\"lazy\" decoding=\"async\" width=\"2560\" height=\"1920\" data-id=\"1030\" src=\"https:\/\/wordpress.nibis.de\/pestapbg\/files\/2024\/08\/IMG_5873-scaled.jpeg\" alt=\"\" class=\"wp-image-1030\" srcset=\"https:\/\/wordpress.nibis.de\/pestapbg\/files\/2024\/08\/IMG_5873-scaled.jpeg 2560w, https:\/\/wordpress.nibis.de\/pestapbg\/files\/2024\/08\/IMG_5873-188x141.jpeg 188w, https:\/\/wordpress.nibis.de\/pestapbg\/files\/2024\/08\/IMG_5873-768x576.jpeg 768w, https:\/\/wordpress.nibis.de\/pestapbg\/files\/2024\/08\/IMG_5873-1536x1152.jpeg 1536w, https:\/\/wordpress.nibis.de\/pestapbg\/files\/2024\/08\/IMG_5873-2048x1536.jpeg 2048w, https:\/\/wordpress.nibis.de\/pestapbg\/files\/2024\/08\/IMG_5873-400x300.jpeg 400w\" sizes=\"auto, (max-width: 2560px) 100vw, 2560px\" \/><\/figure>\n<\/figure>\n","protected":false},"excerpt":{"rendered":"<p>Die Sch\u00fclerinnen und Sch\u00fcler der Jahrg\u00e4nge 7-9 haben es sich am Dienstag nach den Ferien zur Aufgabe gemacht das Schulgel\u00e4nde auf Vordermann zu bringen. Ausgestattet mit Fugenkratzer, Besen, Handschuhen und weiterem Gartenwerkzeug ging es dem Unkraut an den Kragen. Es &hellip; <a href=\"https:\/\/wordpress.nibis.de\/pestapbg\/aufraeum-und-gartenaktion-zu-beginn-des-schuljahres\/\">Weiterlesen <span class=\"meta-nav\">&rarr;<\/span><\/a><\/p>\n","protected":false},"author":9192890,"featured_media":0,"comment_status":"closed","ping_status":"closed","sticky":false,"template":"","format":"standard","meta":{"footnotes":""},"categories":[1],"tags":[],"class_list":["post-1027","post","type-post","status-publish","format-standard","hentry","category-allgemein"],"_links":{"self":[{"href":"https:\/\/wordpress.nibis.de\/pestapbg\/wp-json\/wp\/v2\/posts\/1027","targetHints":{"allow":["GET"]}}],"collection":[{"href":"https:\/\/wordpress.nibis.de\/pestapbg\/wp-json\/wp\/v2\/posts"}],"about":[{"href":"https:\/\/wordpress.nibis.de\/pestapbg\/wp-json\/wp\/v2\/types\/post"}],"author":[{"embeddable":true,"href":"https:\/\/wordpress.nibis.de\/pestapbg\/wp-json\/wp\/v2\/users\/9192890"}],"replies":[{"embeddable":true,"href":"https:\/\/wordpress.nibis.de\/pestapbg\/wp-json\/wp\/v2\/comments?post=1027"}],"version-history":[{"count":2,"href":"https:\/\/wordpress.nibis.de\/pestapbg\/wp-json\/wp\/v2\/posts\/1027\/revisions"}],"predecessor-version":[{"id":1033,"href":"https:\/\/wordpress.nibis.de\/pestapbg\/wp-json\/wp\/v2\/posts\/1027\/revisions\/1033"}],"wp:attachment":[{"href":"https:\/\/wordpress.nibis.de\/pestapbg\/wp-json\/wp\/v2\/media?parent=1027"}],"wp:term":[{"taxonomy":"category","embeddable":true,"href":"https:\/\/wordpress.nibis.de\/pestapbg\/wp-json\/wp\/v2\/categories?post=1027"},{"taxonomy":"post_tag","embeddable":true,"href":"https:\/\/wordpress.nibis.de\/pestapbg\/wp-json\/wp\/v2\/tags?post=1027"}],"curies":[{"name":"wp","href":"https:\/\/api.w.org\/{rel}","templated":true}]}}