{"id":798,"date":"2021-07-14T09:58:58","date_gmt":"2021-07-14T07:58:58","guid":{"rendered":"https:\/\/wordpress.nibis.de\/pestapbg\/?p=798"},"modified":"2021-07-14T09:58:59","modified_gmt":"2021-07-14T07:58:59","slug":"freiwilliges-soziales-jahr-an-der-pestalozzischule","status":"publish","type":"post","link":"https:\/\/wordpress.nibis.de\/pestapbg\/freiwilliges-soziales-jahr-an-der-pestalozzischule\/","title":{"rendered":"Freiwilliges Soziales Jahr an der Pestalozzischule"},"content":{"rendered":"\n<div class=\"wp-block-image\"><figure class=\"alignright size-large is-resized\"><img loading=\"lazy\" decoding=\"async\" src=\"https:\/\/wordpress.nibis.de\/pestapbg\/files\/2021\/07\/image005-1200x640.jpg\" alt=\"\" class=\"wp-image-801\" width=\"306\" height=\"163\" \/><\/figure><\/div>\n\n\n\n<p>Hallo, ich bin Jasmin R. und mache momentan ein Freiwilliges Soziales Jahr an der Pestalozzischule in Papenburg. Als ich mich dazu entschlossen habe, ein FSJ zu machen, war ich noch sehr orientierungslos und wusste nicht genau, was ich mal f\u00fcr einen Beruf aus\u00fcben m\u00f6chte. Doch nach meinem Sozialen Jahr an der Pestalozzischule, wei\u00df ich jetzt, dass ich im sozialen Bereich t\u00e4tig werden m\u00f6chte. Das gesamte Jahr war ich ein wichtiger Teil, besonders in den f\u00fcnften Klassen.<\/p>\n\n\n\n<p><br>Ich habe den Sch\u00fclerinnen und Sch\u00fclern beim Lernen geholfen, mit ihnen gespielt und gelacht. Des Weiteren durfte ich eine Klassenfahrt begleiten und konnte bei verschiedenen Projekten und Aktionen mitwirken und habe dabei auch meine eigenen Ideen eingebracht. In der Pestalozzischule vergeht kein Tag wie der vorherige und man sollte immer auf etwas Neues oder eine \u00dcberraschung gefasst sein! Die Sch\u00fclerinnen und Sch\u00fcler sind total unterschiedlich, aber alle sehr liebenswert und einzigartig! Vom ersten Tag an wurde ich vom Kollegium sehr herzlich aufgenommen und habe mich sofort wohlgef\u00fchlt. Besonders toll fand ich es zu beobachten, wie schnell sich die Sch\u00fclerinnen und Sch\u00fcler an mich gew\u00f6hnten und sich entwickelten. Ich konnte zudem lernen mit neuen, ungewohnten Situationen umzugehen und diese zu meistern. Der Freiwilligendienst war f\u00fcr mich eine gro\u00dfe Bereicherung und hat dazu beigetragen, mich pers\u00f6nlich besser kennenzulernen und weiterzuentwickeln. Ich werde auch zuk\u00fcnftig noch an tolle Erinnerungen aus dieser Zeit zur\u00fcckdenken und w\u00fcrde diese Erfahrung jedem weiterempfehlen.<\/p>\n\n\n\n<figure class=\"wp-block-image size-large\"><img loading=\"lazy\" decoding=\"async\" width=\"681\" height=\"511\" src=\"https:\/\/wordpress.nibis.de\/pestapbg\/files\/2021\/07\/image001.jpg\" alt=\"\" class=\"wp-image-804\" srcset=\"https:\/\/wordpress.nibis.de\/pestapbg\/files\/2021\/07\/image001.jpg 681w, https:\/\/wordpress.nibis.de\/pestapbg\/files\/2021\/07\/image001-188x141.jpg 188w, https:\/\/wordpress.nibis.de\/pestapbg\/files\/2021\/07\/image001-400x300.jpg 400w\" sizes=\"auto, (max-width: 681px) 100vw, 681px\" \/><\/figure>\n\n\n\n<figure class=\"wp-block-image size-large\"><img loading=\"lazy\" decoding=\"async\" width=\"480\" height=\"640\" src=\"https:\/\/wordpress.nibis.de\/pestapbg\/files\/2021\/07\/image003.jpg\" alt=\"\" class=\"wp-image-800\" srcset=\"https:\/\/wordpress.nibis.de\/pestapbg\/files\/2021\/07\/image003.jpg 480w, https:\/\/wordpress.nibis.de\/pestapbg\/files\/2021\/07\/image003-106x141.jpg 106w, https:\/\/wordpress.nibis.de\/pestapbg\/files\/2021\/07\/image003-225x300.jpg 225w\" sizes=\"auto, (max-width: 480px) 100vw, 480px\" \/><\/figure>\n\n\n\n<figure class=\"wp-block-image size-large\"><img loading=\"lazy\" decoding=\"async\" width=\"351\" height=\"624\" src=\"https:\/\/wordpress.nibis.de\/pestapbg\/files\/2021\/07\/image007.jpg\" alt=\"\" class=\"wp-image-803\" srcset=\"https:\/\/wordpress.nibis.de\/pestapbg\/files\/2021\/07\/image007.jpg 351w, https:\/\/wordpress.nibis.de\/pestapbg\/files\/2021\/07\/image007-79x141.jpg 79w, https:\/\/wordpress.nibis.de\/pestapbg\/files\/2021\/07\/image007-169x300.jpg 169w\" sizes=\"auto, (max-width: 351px) 100vw, 351px\" \/><\/figure>\n","protected":false},"excerpt":{"rendered":"<p>Hallo, ich bin Jasmin R. und mache momentan ein Freiwilliges Soziales Jahr an der Pestalozzischule in Papenburg. Als ich mich dazu entschlossen habe, ein FSJ zu machen, war ich noch sehr orientierungslos und wusste nicht genau, was ich mal f\u00fcr &hellip; <a href=\"https:\/\/wordpress.nibis.de\/pestapbg\/freiwilliges-soziales-jahr-an-der-pestalozzischule\/\">Weiterlesen <span class=\"meta-nav\">&rarr;<\/span><\/a><\/p>\n","protected":false},"author":9192890,"featured_media":0,"comment_status":"closed","ping_status":"closed","sticky":false,"template":"","format":"standard","meta":{"footnotes":""},"categories":[1],"tags":[],"class_list":["post-798","post","type-post","status-publish","format-standard","hentry","category-allgemein"],"_links":{"self":[{"href":"https:\/\/wordpress.nibis.de\/pestapbg\/wp-json\/wp\/v2\/posts\/798","targetHints":{"allow":["GET"]}}],"collection":[{"href":"https:\/\/wordpress.nibis.de\/pestapbg\/wp-json\/wp\/v2\/posts"}],"about":[{"href":"https:\/\/wordpress.nibis.de\/pestapbg\/wp-json\/wp\/v2\/types\/post"}],"author":[{"embeddable":true,"href":"https:\/\/wordpress.nibis.de\/pestapbg\/wp-json\/wp\/v2\/users\/9192890"}],"replies":[{"embeddable":true,"href":"https:\/\/wordpress.nibis.de\/pestapbg\/wp-json\/wp\/v2\/comments?post=798"}],"version-history":[{"count":6,"href":"https:\/\/wordpress.nibis.de\/pestapbg\/wp-json\/wp\/v2\/posts\/798\/revisions"}],"predecessor-version":[{"id":809,"href":"https:\/\/wordpress.nibis.de\/pestapbg\/wp-json\/wp\/v2\/posts\/798\/revisions\/809"}],"wp:attachment":[{"href":"https:\/\/wordpress.nibis.de\/pestapbg\/wp-json\/wp\/v2\/media?parent=798"}],"wp:term":[{"taxonomy":"category","embeddable":true,"href":"https:\/\/wordpress.nibis.de\/pestapbg\/wp-json\/wp\/v2\/categories?post=798"},{"taxonomy":"post_tag","embeddable":true,"href":"https:\/\/wordpress.nibis.de\/pestapbg\/wp-json\/wp\/v2\/tags?post=798"}],"curies":[{"name":"wp","href":"https:\/\/api.w.org\/{rel}","templated":true}]}}