{"id":4373,"date":"2021-07-08T16:27:23","date_gmt":"2021-07-08T14:27:23","guid":{"rendered":"https:\/\/wordpress.nibis.de\/semsopos\/?p=4373"},"modified":"2021-07-08T16:27:55","modified_gmt":"2021-07-08T14:27:55","slug":"zwei-neue-kolleginnen-im-studienseminar","status":"publish","type":"post","link":"https:\/\/wordpress.nibis.de\/semsopos\/zwei-neue-kolleginnen-im-studienseminar\/","title":{"rendered":"Zwei neue Kolleginnen im Studienseminar"},"content":{"rendered":"\n<p>Das Kollegium des Studienseminars freut sich \u00fcber zwei neue Kolleginnen, die im Rahmen eines Studientages herzlich aufgenommen wurden. <\/p>\n\n\n\n<div class=\"wp-block-image\"><figure class=\"aligncenter size-large\"><img loading=\"lazy\" decoding=\"async\" width=\"800\" height=\"488\" src=\"https:\/\/wordpress.nibis.de\/semsopos\/files\/Sandra-und-Susanne-Ausschnitt-800.jpg\" alt=\"\" class=\"wp-image-4374\" srcset=\"https:\/\/wordpress.nibis.de\/semsopos\/files\/Sandra-und-Susanne-Ausschnitt-800.jpg 800w, https:\/\/wordpress.nibis.de\/semsopos\/files\/Sandra-und-Susanne-Ausschnitt-800-768x468.jpg 768w\" sizes=\"auto, (max-width: 800px) 100vw, 800px\" \/><figcaption>Sandra Folkens und Susanne We\u00dfelmann<\/figcaption><\/figure><\/div>\n\n\n\n<p>Sandra Folkens \u00fcbernimmt als Fachseminarleiterin ein Seminar im F\u00f6rderschwerpunkt Geistige Entwicklung. Susanne We\u00dfelmann wird im kommenden Schuljahr als Leiterin eines P\u00e4dagogischen Seminars  ihre Arbeit aufnehmen. Der Personalrat begr\u00fc\u00dfte beide Kolleginnen mit einem kleinen Blumengeschenk und freut sich auf die Zusammenarbeit im Kollegium.<\/p>\n\n\n\n<p><\/p>\n","protected":false},"excerpt":{"rendered":"<p>Das Kollegium des Studienseminars freut sich \u00fcber zwei neue Kolleginnen, die im Rahmen eines Studientages herzlich aufgenommen wurden. Sandra Folkens \u00fcbernimmt als Fachseminarleiterin ein Seminar im F\u00f6rderschwerpunkt Geistige Entwicklung. Susanne We\u00dfelmann wird im kommenden Schuljahr als Leiterin eines P\u00e4dagogischen Seminars ihre Arbeit aufnehmen. Der Personalrat begr\u00fc\u00dfte beide Kolleginnen mit einem kleinen Blumengeschenk und freut sich [&hellip;]<\/p>\n","protected":false},"author":1287,"featured_media":0,"comment_status":"closed","ping_status":"closed","sticky":false,"template":"","format":"standard","meta":{"footnotes":""},"categories":[1],"tags":[],"class_list":["post-4373","post","type-post","status-publish","format-standard","hentry","category-allgemein"],"_links":{"self":[{"href":"https:\/\/wordpress.nibis.de\/semsopos\/wp-json\/wp\/v2\/posts\/4373","targetHints":{"allow":["GET"]}}],"collection":[{"href":"https:\/\/wordpress.nibis.de\/semsopos\/wp-json\/wp\/v2\/posts"}],"about":[{"href":"https:\/\/wordpress.nibis.de\/semsopos\/wp-json\/wp\/v2\/types\/post"}],"author":[{"embeddable":true,"href":"https:\/\/wordpress.nibis.de\/semsopos\/wp-json\/wp\/v2\/users\/1287"}],"replies":[{"embeddable":true,"href":"https:\/\/wordpress.nibis.de\/semsopos\/wp-json\/wp\/v2\/comments?post=4373"}],"version-history":[{"count":2,"href":"https:\/\/wordpress.nibis.de\/semsopos\/wp-json\/wp\/v2\/posts\/4373\/revisions"}],"predecessor-version":[{"id":4376,"href":"https:\/\/wordpress.nibis.de\/semsopos\/wp-json\/wp\/v2\/posts\/4373\/revisions\/4376"}],"wp:attachment":[{"href":"https:\/\/wordpress.nibis.de\/semsopos\/wp-json\/wp\/v2\/media?parent=4373"}],"wp:term":[{"taxonomy":"category","embeddable":true,"href":"https:\/\/wordpress.nibis.de\/semsopos\/wp-json\/wp\/v2\/categories?post=4373"},{"taxonomy":"post_tag","embeddable":true,"href":"https:\/\/wordpress.nibis.de\/semsopos\/wp-json\/wp\/v2\/tags?post=4373"}],"curies":[{"name":"wp","href":"https:\/\/api.w.org\/{rel}","templated":true}]}}