{"id":4391,"date":"2021-07-17T10:26:12","date_gmt":"2021-07-17T08:26:12","guid":{"rendered":"https:\/\/wordpress.nibis.de\/semsopos\/?p=4391"},"modified":"2021-07-17T10:30:20","modified_gmt":"2021-07-17T08:30:20","slug":"zeugnisfeier-in-praesenz","status":"publish","type":"post","link":"https:\/\/wordpress.nibis.de\/semsopos\/zeugnisfeier-in-praesenz\/","title":{"rendered":"Zeugnisfeier in Pr\u00e4senz"},"content":{"rendered":"\n<p>Nachdem gro\u00dfe Teile der Ausbildung in digitalen Formaten und unter den sehr speziellen Bedingungen Corona-Auflagen absolviert wurden, konnten nun 39 junge Sonderp\u00e4dagoginnen und Sonderp\u00e4dagogen ihre Zeugnisse in einer Pr\u00e4senzfeier entgegennehmen. &nbsp;<\/p>\n\n\n\n<figure class=\"wp-block-image size-large\"><img loading=\"lazy\" decoding=\"async\" width=\"794\" height=\"328\" src=\"https:\/\/wordpress.nibis.de\/semsopos\/files\/Gruppenbild-800-Ausschnitt-II.jpg\" alt=\"\" class=\"wp-image-4395\" srcset=\"https:\/\/wordpress.nibis.de\/semsopos\/files\/Gruppenbild-800-Ausschnitt-II.jpg 794w, https:\/\/wordpress.nibis.de\/semsopos\/files\/Gruppenbild-800-Ausschnitt-II-768x317.jpg 768w\" sizes=\"auto, (max-width: 794px) 100vw, 794px\" \/><figcaption>39 neue Sonderp\u00e4dagoginnen und Sonderp\u00e4dagogen erhielten ihre Zeugnisse<\/figcaption><\/figure>\n\n\n\n<p>Diese Gruppe begann die Ausbildung nahezu zeitgleich mit dem Beginn der Corona-Pandemie und den damit verbundenen Turbulenzen in Schule und Seminar. Alle (jetzt ehemaligen) LIVD haben diese besondere Situation hervorragend bew\u00e4ltigt. Engagiert und kreativ entwickelten sie vielf\u00e4ltige Unterrichtsformate f\u00fcr das Homeschooling und f\u00fchrten die Lerngruppen in den Umgang mit digitalen Medien ein. Das war wirklich eine ganz besondere Leistung.<\/p>\n\n\n\n<p class=\"has-text-color has-text-align-center has-vivid-red-color\"><strong>Herzlichen Gl\u00fcckwunsch und alles Gute f\u00fcr die Zukunft w\u00fcnschen die Kolleginnen und Kollegen &nbsp;des Studienseminars<\/strong><\/p>\n","protected":false},"excerpt":{"rendered":"<p>Nachdem gro\u00dfe Teile der Ausbildung in digitalen Formaten und unter den sehr speziellen Bedingungen Corona-Auflagen absolviert wurden, konnten nun 39 junge Sonderp\u00e4dagoginnen und Sonderp\u00e4dagogen ihre Zeugnisse in einer Pr\u00e4senzfeier entgegennehmen. &nbsp; Diese Gruppe begann die Ausbildung nahezu zeitgleich mit dem Beginn der Corona-Pandemie und den damit verbundenen Turbulenzen in Schule und Seminar. Alle (jetzt ehemaligen) [&hellip;]<\/p>\n","protected":false},"author":1287,"featured_media":0,"comment_status":"closed","ping_status":"closed","sticky":false,"template":"","format":"standard","meta":{"footnotes":""},"categories":[1],"tags":[],"class_list":["post-4391","post","type-post","status-publish","format-standard","hentry","category-allgemein"],"_links":{"self":[{"href":"https:\/\/wordpress.nibis.de\/semsopos\/wp-json\/wp\/v2\/posts\/4391","targetHints":{"allow":["GET"]}}],"collection":[{"href":"https:\/\/wordpress.nibis.de\/semsopos\/wp-json\/wp\/v2\/posts"}],"about":[{"href":"https:\/\/wordpress.nibis.de\/semsopos\/wp-json\/wp\/v2\/types\/post"}],"author":[{"embeddable":true,"href":"https:\/\/wordpress.nibis.de\/semsopos\/wp-json\/wp\/v2\/users\/1287"}],"replies":[{"embeddable":true,"href":"https:\/\/wordpress.nibis.de\/semsopos\/wp-json\/wp\/v2\/comments?post=4391"}],"version-history":[{"count":3,"href":"https:\/\/wordpress.nibis.de\/semsopos\/wp-json\/wp\/v2\/posts\/4391\/revisions"}],"predecessor-version":[{"id":4396,"href":"https:\/\/wordpress.nibis.de\/semsopos\/wp-json\/wp\/v2\/posts\/4391\/revisions\/4396"}],"wp:attachment":[{"href":"https:\/\/wordpress.nibis.de\/semsopos\/wp-json\/wp\/v2\/media?parent=4391"}],"wp:term":[{"taxonomy":"category","embeddable":true,"href":"https:\/\/wordpress.nibis.de\/semsopos\/wp-json\/wp\/v2\/categories?post=4391"},{"taxonomy":"post_tag","embeddable":true,"href":"https:\/\/wordpress.nibis.de\/semsopos\/wp-json\/wp\/v2\/tags?post=4391"}],"curies":[{"name":"wp","href":"https:\/\/api.w.org\/{rel}","templated":true}]}}