{"id":4785,"date":"2022-02-18T13:14:26","date_gmt":"2022-02-18T12:14:26","guid":{"rendered":"https:\/\/wordpress.nibis.de\/semsopos\/?p=4785"},"modified":"2022-02-18T13:14:28","modified_gmt":"2022-02-18T12:14:28","slug":"seminare-wieder-in-praesenz","status":"publish","type":"post","link":"https:\/\/wordpress.nibis.de\/semsopos\/seminare-wieder-in-praesenz\/","title":{"rendered":"Seminare wieder in Pr\u00e4senz"},"content":{"rendered":"\n<p>Die Entwicklung der CORONA-Pandemie stimmt uns hoffnungsvoll. <strong><span style=\"color: #008000\">Ab M\u00e4rz<\/span><\/strong> werden die Mittwochsseminare wieder in Pr\u00e4senz stattfinden k\u00f6nnen. Wir freuen uns alle darauf, wieder gemeinsam in unseren R\u00e4umlichkeiten zu diskutieren und zu lernen. Aber auch die informellen T\u00fcr- und Angelgespr\u00e4che haben uns in der Vergangenheit sehr gefehlt. Hoffentlich kann es lange so bleiben.<\/p>\n<h3 style=\"text-align: center\"><span style=\"color: #008000\"><strong>Bis bald in Osnabr\u00fcck und Aurich!<\/strong><\/span><\/h3>\n","protected":false},"excerpt":{"rendered":"<p>Die Entwicklung der CORONA-Pandemie stimmt uns hoffnungsvoll. Ab M\u00e4rz werden die Mittwochsseminare wieder in Pr\u00e4senz stattfinden k\u00f6nnen. Wir freuen uns alle darauf, wieder gemeinsam in unseren R\u00e4umlichkeiten zu diskutieren und zu lernen. Aber auch die informellen T\u00fcr- und Angelgespr\u00e4che haben uns in der Vergangenheit sehr gefehlt. Hoffentlich kann es lange so bleiben. Bis bald in [&hellip;]<\/p>\n","protected":false},"author":1287,"featured_media":0,"comment_status":"closed","ping_status":"closed","sticky":false,"template":"","format":"standard","meta":{"footnotes":""},"categories":[1],"tags":[],"class_list":["post-4785","post","type-post","status-publish","format-standard","hentry","category-allgemein"],"_links":{"self":[{"href":"https:\/\/wordpress.nibis.de\/semsopos\/wp-json\/wp\/v2\/posts\/4785","targetHints":{"allow":["GET"]}}],"collection":[{"href":"https:\/\/wordpress.nibis.de\/semsopos\/wp-json\/wp\/v2\/posts"}],"about":[{"href":"https:\/\/wordpress.nibis.de\/semsopos\/wp-json\/wp\/v2\/types\/post"}],"author":[{"embeddable":true,"href":"https:\/\/wordpress.nibis.de\/semsopos\/wp-json\/wp\/v2\/users\/1287"}],"replies":[{"embeddable":true,"href":"https:\/\/wordpress.nibis.de\/semsopos\/wp-json\/wp\/v2\/comments?post=4785"}],"version-history":[{"count":1,"href":"https:\/\/wordpress.nibis.de\/semsopos\/wp-json\/wp\/v2\/posts\/4785\/revisions"}],"predecessor-version":[{"id":4786,"href":"https:\/\/wordpress.nibis.de\/semsopos\/wp-json\/wp\/v2\/posts\/4785\/revisions\/4786"}],"wp:attachment":[{"href":"https:\/\/wordpress.nibis.de\/semsopos\/wp-json\/wp\/v2\/media?parent=4785"}],"wp:term":[{"taxonomy":"category","embeddable":true,"href":"https:\/\/wordpress.nibis.de\/semsopos\/wp-json\/wp\/v2\/categories?post=4785"},{"taxonomy":"post_tag","embeddable":true,"href":"https:\/\/wordpress.nibis.de\/semsopos\/wp-json\/wp\/v2\/tags?post=4785"}],"curies":[{"name":"wp","href":"https:\/\/api.w.org\/{rel}","templated":true}]}}