{"id":5713,"date":"2023-10-10T10:48:07","date_gmt":"2023-10-10T08:48:07","guid":{"rendered":"https:\/\/wordpress.nibis.de\/semsopos\/?p=5713"},"modified":"2023-10-10T17:16:25","modified_gmt":"2023-10-10T15:16:25","slug":"stadtrallye-und-kompaktphase","status":"publish","type":"post","link":"https:\/\/wordpress.nibis.de\/semsopos\/stadtrallye-und-kompaktphase\/","title":{"rendered":"Stadtrallye und Kompaktphase"},"content":{"rendered":"\n<p><img loading=\"lazy\" decoding=\"async\" class=\"alignleft wp-image-5710 \" src=\"https:\/\/wordpress.nibis.de\/semsopos\/files\/232-FSL-am-Knobeln-e1696927752399.jpg\" alt=\"\" width=\"218\" height=\"176\" \/>Der PS-Durchgang im ersten Ausbildungsdrittel trifft sich diese Tage sowohl digital als auch in Pr\u00e4senz, um schwerpunktm\u00e4\u00dfig an der ersten Verschriftung eines vollst\u00e4ndigen Unterrichtsentwurfs (inklusive Analysen) zu arbeiten. Innerhalb der Kompaktphase haben die LIVD am Standort OS aber auch die M\u00f6glichkeit genutzt, die Osnabr\u00fccker Altstadt im Rahmen einer von den PSL gestalteten Stadtrallye kennenzulernen. Neben fachlichen Aspekten konnte so PS-\u00fcbergreifend in selbst gew\u00e4hlten Teams spannende R\u00e4tsel rund um die Stadtgeschichte und zum 375-j\u00e4hrigen Jubil\u00e4um des Westf\u00e4lischen Friedens gel\u00f6st werden. Das Wetter hatte sich zum Gl\u00fcck f\u00fcr alle ein paar Sonnenstrahlen aufgespart.<\/p>\n\n\n\n<div class=\"wp-block-columns is-layout-flex wp-container-core-columns-is-layout-abceabcf wp-block-columns-is-layout-flex\">\n<div class=\"wp-block-column is-layout-flow wp-block-column-is-layout-flow\">\n<figure class=\"wp-block-image size-full\"><img loading=\"lazy\" decoding=\"async\" width=\"800\" height=\"501\" src=\"https:\/\/wordpress.nibis.de\/semsopos\/files\/232-Kirche-edited-1.jpg\" alt=\"\" class=\"wp-image-5726\" srcset=\"https:\/\/wordpress.nibis.de\/semsopos\/files\/232-Kirche-edited-1.jpg 800w, https:\/\/wordpress.nibis.de\/semsopos\/files\/232-Kirche-edited-1-768x481.jpg 768w\" sizes=\"auto, (max-width: 800px) 100vw, 800px\" \/><\/figure>\n<\/div>\n\n\n\n<div class=\"wp-block-column is-layout-flow wp-block-column-is-layout-flow\">\n<figure class=\"wp-block-image size-full\"><img loading=\"lazy\" decoding=\"async\" width=\"800\" height=\"500\" src=\"https:\/\/wordpress.nibis.de\/semsopos\/files\/232-Vernetzung-edited-1.jpg\" alt=\"\" class=\"wp-image-5727\" srcset=\"https:\/\/wordpress.nibis.de\/semsopos\/files\/232-Vernetzung-edited-1.jpg 800w, https:\/\/wordpress.nibis.de\/semsopos\/files\/232-Vernetzung-edited-1-768x480.jpg 768w\" sizes=\"auto, (max-width: 800px) 100vw, 800px\" \/><\/figure>\n<\/div>\n<\/div>\n\n\n\n<div class=\"wp-block-columns is-layout-flex wp-container-core-columns-is-layout-abceabcf wp-block-columns-is-layout-flex\">\n<div class=\"wp-block-column is-layout-flow wp-block-column-is-layout-flow\">\n<figure class=\"wp-block-image size-full is-resized\"><img loading=\"lazy\" decoding=\"async\" src=\"https:\/\/wordpress.nibis.de\/semsopos\/files\/232-Arbeitsphase-edited-4.jpg\" alt=\"\" class=\"wp-image-5735\" width=\"401\" height=\"251\" \/><\/figure>\n<\/div>\n\n\n\n<div class=\"wp-block-column is-layout-flow wp-block-column-is-layout-flow\">\n<figure class=\"wp-block-image size-full\"><img loading=\"lazy\" decoding=\"async\" width=\"529\" height=\"331\" src=\"https:\/\/wordpress.nibis.de\/semsopos\/files\/232-Brunnen-edited-2.jpg\" alt=\"\" class=\"wp-image-5734\" \/><\/figure>\n<\/div>\n<\/div>\n\n\n\n<div class=\"wp-block-columns is-layout-flex wp-container-core-columns-is-layout-abceabcf wp-block-columns-is-layout-flex\">\n<div class=\"wp-block-column is-layout-flow wp-block-column-is-layout-flow\"><\/div>\n\n\n\n<div class=\"wp-block-column is-layout-flow wp-block-column-is-layout-flow\"><\/div>\n<\/div>\n","protected":false},"excerpt":{"rendered":"<p>Der PS-Durchgang im ersten Ausbildungsdrittel trifft sich diese Tage sowohl digital als auch in Pr\u00e4senz, um schwerpunktm\u00e4\u00dfig an der ersten Verschriftung eines vollst\u00e4ndigen Unterrichtsentwurfs (inklusive Analysen) zu arbeiten. Innerhalb der Kompaktphase haben die LIVD am Standort OS aber auch die M\u00f6glichkeit genutzt, die Osnabr\u00fccker Altstadt im Rahmen einer von den PSL gestalteten Stadtrallye kennenzulernen. Neben [&hellip;]<\/p>\n","protected":false},"author":9194068,"featured_media":0,"comment_status":"closed","ping_status":"closed","sticky":false,"template":"","format":"standard","meta":{"footnotes":""},"categories":[1],"tags":[],"class_list":["post-5713","post","type-post","status-publish","format-standard","hentry","category-allgemein"],"_links":{"self":[{"href":"https:\/\/wordpress.nibis.de\/semsopos\/wp-json\/wp\/v2\/posts\/5713","targetHints":{"allow":["GET"]}}],"collection":[{"href":"https:\/\/wordpress.nibis.de\/semsopos\/wp-json\/wp\/v2\/posts"}],"about":[{"href":"https:\/\/wordpress.nibis.de\/semsopos\/wp-json\/wp\/v2\/types\/post"}],"author":[{"embeddable":true,"href":"https:\/\/wordpress.nibis.de\/semsopos\/wp-json\/wp\/v2\/users\/9194068"}],"replies":[{"embeddable":true,"href":"https:\/\/wordpress.nibis.de\/semsopos\/wp-json\/wp\/v2\/comments?post=5713"}],"version-history":[{"count":12,"href":"https:\/\/wordpress.nibis.de\/semsopos\/wp-json\/wp\/v2\/posts\/5713\/revisions"}],"predecessor-version":[{"id":5742,"href":"https:\/\/wordpress.nibis.de\/semsopos\/wp-json\/wp\/v2\/posts\/5713\/revisions\/5742"}],"wp:attachment":[{"href":"https:\/\/wordpress.nibis.de\/semsopos\/wp-json\/wp\/v2\/media?parent=5713"}],"wp:term":[{"taxonomy":"category","embeddable":true,"href":"https:\/\/wordpress.nibis.de\/semsopos\/wp-json\/wp\/v2\/categories?post=5713"},{"taxonomy":"post_tag","embeddable":true,"href":"https:\/\/wordpress.nibis.de\/semsopos\/wp-json\/wp\/v2\/tags?post=5713"}],"curies":[{"name":"wp","href":"https:\/\/api.w.org\/{rel}","templated":true}]}}