{"id":5901,"date":"2024-02-20T16:29:19","date_gmt":"2024-02-20T15:29:19","guid":{"rendered":"https:\/\/wordpress.nibis.de\/semsopos\/?p=5901"},"modified":"2024-02-20T16:33:03","modified_gmt":"2024-02-20T15:33:03","slug":"information-fuer-externe-ausbilderinnen","status":"publish","type":"post","link":"https:\/\/wordpress.nibis.de\/semsopos\/information-fuer-externe-ausbilderinnen\/","title":{"rendered":"Information f\u00fcr externe Ausbilder*innen"},"content":{"rendered":"\n<p><img loading=\"lazy\" decoding=\"async\" class=\"alignleft wp-image-5902 \" src=\"https:\/\/wordpress.nibis.de\/semsopos\/files\/IMG_4710.jpg\" alt=\"\" width=\"193\" height=\"148\" srcset=\"https:\/\/wordpress.nibis.de\/semsopos\/files\/IMG_4710.jpg 955w, https:\/\/wordpress.nibis.de\/semsopos\/files\/IMG_4710-768x585.jpg 768w\" sizes=\"auto, (max-width: 193px) 100vw, 193px\" \/>Am 27.02.2024 findet ab 15.00 Uhr im digitalen Format eine Informationsveranstaltung f\u00fcr externe Ausbilder*innen im Studienseminar Osnabr\u00fcck f\u00fcr das Lehramt f\u00fcr Sonderp\u00e4dagogik statt. Mehrere Kolleginnen und Kollegen der Studienseminare GHRS aus der Regionalabteilung Osnabr\u00fcck werden hieran teilnehmen.<\/p>\n<p>Wir freuen uns auf den \u00fcberfachlichen Austausch mit allen Beteiligten.<\/p>\n","protected":false},"excerpt":{"rendered":"<p>Am 27.02.2024 findet ab 15.00 Uhr im digitalen Format eine Informationsveranstaltung f\u00fcr externe Ausbilder*innen im Studienseminar Osnabr\u00fcck f\u00fcr das Lehramt f\u00fcr Sonderp\u00e4dagogik statt. Mehrere Kolleginnen und Kollegen der Studienseminare GHRS aus der Regionalabteilung Osnabr\u00fcck werden hieran teilnehmen. Wir freuen uns auf den \u00fcberfachlichen Austausch mit allen Beteiligten.<\/p>\n","protected":false},"author":9194068,"featured_media":0,"comment_status":"closed","ping_status":"closed","sticky":false,"template":"","format":"standard","meta":{"footnotes":""},"categories":[1],"tags":[],"class_list":["post-5901","post","type-post","status-publish","format-standard","hentry","category-allgemein"],"_links":{"self":[{"href":"https:\/\/wordpress.nibis.de\/semsopos\/wp-json\/wp\/v2\/posts\/5901","targetHints":{"allow":["GET"]}}],"collection":[{"href":"https:\/\/wordpress.nibis.de\/semsopos\/wp-json\/wp\/v2\/posts"}],"about":[{"href":"https:\/\/wordpress.nibis.de\/semsopos\/wp-json\/wp\/v2\/types\/post"}],"author":[{"embeddable":true,"href":"https:\/\/wordpress.nibis.de\/semsopos\/wp-json\/wp\/v2\/users\/9194068"}],"replies":[{"embeddable":true,"href":"https:\/\/wordpress.nibis.de\/semsopos\/wp-json\/wp\/v2\/comments?post=5901"}],"version-history":[{"count":4,"href":"https:\/\/wordpress.nibis.de\/semsopos\/wp-json\/wp\/v2\/posts\/5901\/revisions"}],"predecessor-version":[{"id":5909,"href":"https:\/\/wordpress.nibis.de\/semsopos\/wp-json\/wp\/v2\/posts\/5901\/revisions\/5909"}],"wp:attachment":[{"href":"https:\/\/wordpress.nibis.de\/semsopos\/wp-json\/wp\/v2\/media?parent=5901"}],"wp:term":[{"taxonomy":"category","embeddable":true,"href":"https:\/\/wordpress.nibis.de\/semsopos\/wp-json\/wp\/v2\/categories?post=5901"},{"taxonomy":"post_tag","embeddable":true,"href":"https:\/\/wordpress.nibis.de\/semsopos\/wp-json\/wp\/v2\/tags?post=5901"}],"curies":[{"name":"wp","href":"https:\/\/api.w.org\/{rel}","templated":true}]}}