{"id":1863,"date":"2022-05-11T10:17:46","date_gmt":"2022-05-11T08:17:46","guid":{"rendered":"https:\/\/wordpress.nibis.de\/sib\/?p=1863"},"modified":"2022-05-11T10:17:47","modified_gmt":"2022-05-11T08:17:47","slug":"friedensaktion","status":"publish","type":"post","link":"https:\/\/wordpress.nibis.de\/sib\/2022\/05\/11\/friedensaktion\/","title":{"rendered":"Friedensaktion"},"content":{"rendered":"\n<p>Liebes Mitglied unserer Schulgemeinschaft,<\/p>\n<p>liebe Freundin, lieber Freund unserer Schulgemeinschaft,<\/p>\n<p>die Nachrichten vom Kriegsgeschehen machen uns tagt\u00e4glich betroffen und konfrontieren uns immer wieder mit einem Gef\u00fchl der Hilflosigkeit. Um unserer Hoffnung auf Frieden Ausdruck zu verleihen, m\u00f6chten wir Dich\/ Sie zu einer schul\u00fcbergreifenden symbolischen Friedensaktion einladen.<\/p>\n<p>Ein gefalteter Papierkranich gilt als Friedenssymbol. Eine japanische Legende besagt, wenn man 1000 Papierkraniche gefaltet habe, habe man einen Wunsch frei.<span class=\"Apple-converted-space\">\u00a0<\/span><\/p>\n<p>Daraus m\u00f6chten wir unsere eigene Legende machen, indem wir unsere vielf\u00e4ltigen F\u00e4hig- und Fertigkeiten ber\u00fccksichtigen: Wir falten und gestalten gemeinsam auf verschiedene Arten und Weisen 1000 Friedensv\u00f6gel. Diese sammeln wir und stellen sie in unserem Schulgeb\u00e4ude aus. Beim Sommerfest des F\u00f6rderzentrums im Bockfeld am 9. Juli 2022 m\u00f6chten wir gemeinsam das Leben feiern. Dabei wollen wir unsere V\u00f6gel verbunden mit unserem Friedenswunsch hinaus in die Welt schicken. Sie k\u00f6nnen gegen eine Spende von Besucher:innen unseres Festes erworben und mitgenommen werden. Der Erl\u00f6s soll \u00fcber die Aktion Tschernobyl-Hilfe e.V. notleidenden Ukrainer:innen zu Gute kommen.<\/p>\n<p>Damit wir es schaffen, 1000 Friedensv\u00f6gel zu sammeln, bitten wir Dich\/ Sie um Deine\/ Ihre Mithilfe beim Falten und Gestalten dieser V\u00f6gel. Am Ende dieses Beitrages befinden sich Faltvorschl\u00e4ge.<\/p>\n<p>Doch auch anders gestaltete V\u00f6gel sind willkommen.<span class=\"Apple-converted-space\">\u00a0<\/span><\/p>\n<p>Lass \/ Lassen Sie die V\u00f6gel bitte \u00fcber ein Mitglied unserer Schulgemeinschaft der Klasse G5b zukommen. Die Sch\u00fcler und Sch\u00fclerinnen dieser Klasse z\u00e4hlen die V\u00f6gel und ver\u00f6ffentlichen regelm\u00e4\u00dfig die bereits gesammelte Anzahl von Friedensv\u00f6geln auf unserer Homepage.<\/p>\n<p>Wir freuen uns auf diese gemeinsame Aktion und bedanken uns f\u00fcr Deine \/ Ihre Mithilfe.<\/p>\n<p>Mit herzlichem Gru\u00df<span class=\"Apple-converted-space\">\u00a0<\/span><\/p>\n<p>aus dem Fachbereich Mathematik<\/p>\n<p>der Schule im Bockfeld<\/p>\n<p><strong>Der Brief als PDF zur Weitergabe:\u00a0<\/strong><\/p>\n<p><a href=\"https:\/\/wordpress.nibis.de\/sib\/files\/2022\/05\/Infobrief-Friedensvoegel.pdf\">Infobrief Friedensv\u00f6gel<\/a><\/p>\n<p><strong>Faltvorschl\u00e4ge (Links verweisen auf externe Seiten):\u00a0<\/strong><\/p>\n<p><blockquote class=\"wp-embedded-content\" data-secret=\"GbkjNmANGn\"><a href=\"https:\/\/kindergeburtstag-themen.de\/vogel-basteln-aus-papier\/\">Bunter Vogel aus Papier selbst basteln<\/a><\/blockquote><iframe loading=\"lazy\" class=\"wp-embedded-content\" sandbox=\"allow-scripts\" security=\"restricted\" style=\"position: absolute; visibility: hidden;\" title=\"&#8220;Bunter Vogel aus Papier selbst basteln&#8221; &#8212; KinderGeburtstag Themen\" src=\"https:\/\/kindergeburtstag-themen.de\/vogel-basteln-aus-papier\/embed\/#?secret=IM0knWSKOq#?secret=GbkjNmANGn\" data-secret=\"GbkjNmANGn\" width=\"600\" height=\"338\" frameborder=\"0\" marginwidth=\"0\" marginheight=\"0\" scrolling=\"no\"><\/iframe><\/p>\n<p><a href=\"https:\/\/www.talu.de\/origami-taube-falten\/\">https:\/\/www.talu.de\/origami-taube-falten\/<\/a><\/p>\n<p><a href=\"https:\/\/www.besserbasteln.de\/Origami\/Tiere%20falten\/einfacher_kranich.html\">https:\/\/www.besserbasteln.de\/Origami\/Tiere%20falten\/einfacher_kranich.htm<\/a><\/p>\n<p><blockquote class=\"wp-embedded-content\" data-secret=\"WTZsNV0IFo\"><a href=\"https:\/\/www.talu.de\/origami-kranich-falten\/\">Origami-Kranich falten &#8211; einfache DIY-Anleitung<\/a><\/blockquote><iframe loading=\"lazy\" class=\"wp-embedded-content\" sandbox=\"allow-scripts\" security=\"restricted\" style=\"position: absolute; visibility: hidden;\" title=\"&#8222;Origami-Kranich falten &#8211; einfache DIY-Anleitung&#8220; &#8211; Talu.de\" src=\"https:\/\/www.talu.de\/origami-kranich-falten\/embed\/#?secret=00YBjiOTdY#?secret=WTZsNV0IFo\" data-secret=\"WTZsNV0IFo\" width=\"600\" height=\"338\" frameborder=\"0\" marginwidth=\"0\" marginheight=\"0\" scrolling=\"no\"><\/iframe><\/p>\n","protected":false},"excerpt":{"rendered":"<p>Liebes Mitglied unserer Schulgemeinschaft, liebe Freundin, lieber Freund unserer Schulgemeinschaft, die Nachrichten vom Kriegsgeschehen machen uns tagt\u00e4glich betroffen und konfrontieren uns immer wieder mit einem Gef\u00fchl der Hilflosigkeit. Um unserer Hoffnung auf Frieden Ausdruck zu verleihen, m\u00f6chten wir Dich\/ Sie zu einer schul\u00fcbergreifenden symbolischen Friedensaktion einladen. Ein gefalteter Papierkranich gilt als Friedenssymbol. Eine japanische Legende &hellip; <a href=\"https:\/\/wordpress.nibis.de\/sib\/2022\/05\/11\/friedensaktion\/\" class=\"more-link\"><span class=\"screen-reader-text\">Friedensaktion<\/span> weiterlesen <span class=\"meta-nav\">&rarr;<\/span><\/a><\/p>\n","protected":false},"author":9192613,"featured_media":0,"comment_status":"closed","ping_status":"closed","sticky":false,"template":"","format":"standard","meta":{"footnotes":""},"categories":[1],"tags":[],"class_list":["post-1863","post","type-post","status-publish","format-standard","hentry","category-allgemein"],"_links":{"self":[{"href":"https:\/\/wordpress.nibis.de\/sib\/wp-json\/wp\/v2\/posts\/1863","targetHints":{"allow":["GET"]}}],"collection":[{"href":"https:\/\/wordpress.nibis.de\/sib\/wp-json\/wp\/v2\/posts"}],"about":[{"href":"https:\/\/wordpress.nibis.de\/sib\/wp-json\/wp\/v2\/types\/post"}],"author":[{"embeddable":true,"href":"https:\/\/wordpress.nibis.de\/sib\/wp-json\/wp\/v2\/users\/9192613"}],"replies":[{"embeddable":true,"href":"https:\/\/wordpress.nibis.de\/sib\/wp-json\/wp\/v2\/comments?post=1863"}],"version-history":[{"count":4,"href":"https:\/\/wordpress.nibis.de\/sib\/wp-json\/wp\/v2\/posts\/1863\/revisions"}],"predecessor-version":[{"id":1868,"href":"https:\/\/wordpress.nibis.de\/sib\/wp-json\/wp\/v2\/posts\/1863\/revisions\/1868"}],"wp:attachment":[{"href":"https:\/\/wordpress.nibis.de\/sib\/wp-json\/wp\/v2\/media?parent=1863"}],"wp:term":[{"taxonomy":"category","embeddable":true,"href":"https:\/\/wordpress.nibis.de\/sib\/wp-json\/wp\/v2\/categories?post=1863"},{"taxonomy":"post_tag","embeddable":true,"href":"https:\/\/wordpress.nibis.de\/sib\/wp-json\/wp\/v2\/tags?post=1863"}],"curies":[{"name":"wp","href":"https:\/\/api.w.org\/{rel}","templated":true}]}}