{"id":1101,"date":"2025-02-14T10:40:57","date_gmt":"2025-02-14T09:40:57","guid":{"rendered":"https:\/\/wordpress.nibis.de\/wbsbram\/?p=1101"},"modified":"2025-08-26T21:59:56","modified_gmt":"2025-08-26T19:59:56","slug":"maerchenhaft-vorlesetag-an-der-wbs","status":"publish","type":"post","link":"https:\/\/wordpress.nibis.de\/wbsbram\/2025\/02\/14\/maerchenhaft-vorlesetag-an-der-wbs\/","title":{"rendered":"M\u00e4rchenhaft &#8211; der Vorlesetag"},"content":{"rendered":"\n<p>Als am Dienstag, den 11.2.2025 die Sch\u00fclerinnen und Sch\u00fcler der Wilhelm-Busch-Schule in Bramsche die Sporthalle betraten, warteten nicht die \u00fcblichen Ger\u00e4te, Matten oder Fu\u00dfballtore auf sie. <\/p>\n\n\n\n<!--more-->\n\n\n\n<p>An diesem Tag war die Halle dekoriert und hergerichtet f\u00fcr die <em>Lesestars<\/em> \u2013 ein schulinterner Vorlesetag, der j\u00e4hrlich stattfindet und jedes Jahr ein neues Thema bereith\u00e4lt. Das diesj\u00e4hrige Thema war M\u00e4rchen.<\/p>\n\n\n\n<p>Am Vorlesetag haben die Sch\u00fclerinnen und Sch\u00fcler der Wilhelm-Busch-Schule die Chance, einen zuvor ge\u00fcbten Text vor einem Publikum aus Mitsch\u00fclerinnen und Mitsch\u00fcler und den Mitarbeitenden der Schule vorzulesen. Die Wilhelm-Busch-Schule ist eine F\u00f6rderschule f\u00fcr die F\u00f6rderschwerpunkte Geistige Entwicklung und Emotionale und soziale Entwicklung. In beiden F\u00f6rderschwerpunkten sind die F\u00f6rderung der literarischen Kompetenzen und der Lesef\u00e4higkeiten und -fertigkeiten der Sch\u00fclerinnen und Sch\u00fcler wichtige Bausteine der p\u00e4dagogischen Arbeit.<\/p>\n\n\n\n<figure class=\"wp-block-image size-large\"><img loading=\"lazy\" decoding=\"async\" width=\"756\" height=\"1024\" src=\"https:\/\/wordpress.nibis.de\/wbsbram\/files\/2025\/02\/DSC05633-756x1024.jpg\" alt=\"\" class=\"wp-image-1103\" srcset=\"https:\/\/wordpress.nibis.de\/wbsbram\/files\/2025\/02\/DSC05633-756x1024.jpg 756w, https:\/\/wordpress.nibis.de\/wbsbram\/files\/2025\/02\/DSC05633-222x300.jpg 222w, https:\/\/wordpress.nibis.de\/wbsbram\/files\/2025\/02\/DSC05633-768x1040.jpg 768w, https:\/\/wordpress.nibis.de\/wbsbram\/files\/2025\/02\/DSC05633-1134x1536.jpg 1134w, https:\/\/wordpress.nibis.de\/wbsbram\/files\/2025\/02\/DSC05633-1512x2048.jpg 1512w, https:\/\/wordpress.nibis.de\/wbsbram\/files\/2025\/02\/DSC05633-scaled.jpg 1890w\" sizes=\"auto, (max-width: 756px) 100vw, 756px\" \/><\/figure>\n\n\n\n<p>Noch vor einigen Jahren fanden die Lesestars als ein Vorlesewettbewerb statt. Die Organisatorinnen des Vorlesetags Stephanie Freericks und Andrea Kemme-Teepe entschieden sich jedoch im letzten Jahr, den Wettbewerbscharakter aus der Veranstaltung zu streichen und den Fokus voll auf die literarische Erfahrung der Sch\u00fclerinnen und Sch\u00fcler zu richten. F\u00fcr die Vorleserinnen und Vorleser solle es fortan um die positive Erfahrung gehen, vor einem Publikum zu lesen und zu sprechen, und f\u00fcr die Zuschauerinnen darum, eine Bandbreite an literarischen Texten kennenzulernen und f\u00fcr einen Vormittag in phantastische Welten entf\u00fchrt zu werden. Lukas, ein Sch\u00fcler der Oberstufenklassen der WBS, antwortet auf die Frage, wie er es findet, dass es keinen Sieger bei der Veranstaltung gibt, so: \u201eIch finde es gut, dass das ge\u00e4ndert wurde. Jetzt sind alle Leser Gewinner und das ist auch richtig so.\u201c<\/p>\n\n\n\n<p>Zus\u00e4tzlich zu den Zuh\u00f6rerinnen und Zuh\u00f6rern gibt es weiterhin auch eine Jury, bestehend aus dem Schulleiter Herrn Schreiber und Herrn Nannen von der Stadtb\u00fccherei Bramsche, die den Beitr\u00e4gen der Sch\u00fclerinnen und Sch\u00fcler lauschen. Ihre Aufgabe hat sich gewandelt von der Auswahl von Siegerinnen und Sieger zu einem Feedback und einer gemeinsamen Reflexion der Beitr\u00e4ge mit den Sch\u00fclerinnen und Sch\u00fclern.<\/p>\n\n\n\n<figure class=\"wp-block-image size-large\"><img loading=\"lazy\" decoding=\"async\" width=\"1024\" height=\"539\" src=\"https:\/\/wordpress.nibis.de\/wbsbram\/files\/2025\/02\/DSC05642-1024x539.jpg\" alt=\"\" class=\"wp-image-1102\" srcset=\"https:\/\/wordpress.nibis.de\/wbsbram\/files\/2025\/02\/DSC05642-1024x539.jpg 1024w, https:\/\/wordpress.nibis.de\/wbsbram\/files\/2025\/02\/DSC05642-300x158.jpg 300w, https:\/\/wordpress.nibis.de\/wbsbram\/files\/2025\/02\/DSC05642-768x404.jpg 768w, https:\/\/wordpress.nibis.de\/wbsbram\/files\/2025\/02\/DSC05642-1536x808.jpg 1536w, https:\/\/wordpress.nibis.de\/wbsbram\/files\/2025\/02\/DSC05642-2048x1078.jpg 2048w\" sizes=\"auto, (max-width: 1024px) 100vw, 1024px\" \/><\/figure>\n\n\n\n<p>Insgesamt trugen \u00fcber 30 Sch\u00fclerinnen und Sch\u00fcler aus beiden F\u00f6rderschwerpunkten verschiedene M\u00e4rchen alleine oder in Kleingruppe vor dem aufmerksam zuh\u00f6renden Publikum vor. Dabei reichte die Auswahl von bekannten Klassikern wie \u201eDer gestiefelte Kater\u201c oder \u201eRotk\u00e4ppchen\u201c bis zu weit weniger bekannten Volksm\u00e4rchen verschiedener Kulturen.&nbsp; &nbsp;Und wie Herr Nannen in der letzten Reflexionsrunde des Tages treffend formulierte, zeigte sich in der Bandbreite der ausgew\u00e4hlten Texte: \u201eIhr habt heute gezeigt: M\u00e4rchen k\u00f6nnen wirklich alles sein \u2013 spannend, traurig, mitrei\u00dfend und manchmal auch lustig.\u201c Und sollte der Applaus der Zuh\u00f6rerinnen und Zuh\u00f6rer oder das stolze L\u00e4cheln der Vorleserinnen und Vorleser ein Gradmesser f\u00fcr den Erfolg der Veranstaltung gewesen sein, so bleibt nur der Schluss: An der Wilhelm-Busch-Schule haben sich an dem Tag so einige Lesestars gefunden.<\/p>\n","protected":false},"excerpt":{"rendered":"<p>Als am Dienstag, den 11.2.2025 die Sch\u00fclerinnen und Sch\u00fcler der Wilhelm-Busch-Schule in Bramsche die Sporthalle betraten, warteten nicht die \u00fcblichen Ger\u00e4te, Matten oder Fu\u00dfballtore auf sie.<\/p>\n","protected":false},"author":9194125,"featured_media":1102,"comment_status":"closed","ping_status":"closed","sticky":false,"template":"","format":"standard","meta":{"footnotes":""},"categories":[11],"tags":[],"class_list":["post-1101","post","type-post","status-publish","format-standard","has-post-thumbnail","hentry","category-schuljahr-2024-2025"],"_links":{"self":[{"href":"https:\/\/wordpress.nibis.de\/wbsbram\/wp-json\/wp\/v2\/posts\/1101","targetHints":{"allow":["GET"]}}],"collection":[{"href":"https:\/\/wordpress.nibis.de\/wbsbram\/wp-json\/wp\/v2\/posts"}],"about":[{"href":"https:\/\/wordpress.nibis.de\/wbsbram\/wp-json\/wp\/v2\/types\/post"}],"author":[{"embeddable":true,"href":"https:\/\/wordpress.nibis.de\/wbsbram\/wp-json\/wp\/v2\/users\/9194125"}],"replies":[{"embeddable":true,"href":"https:\/\/wordpress.nibis.de\/wbsbram\/wp-json\/wp\/v2\/comments?post=1101"}],"version-history":[{"count":3,"href":"https:\/\/wordpress.nibis.de\/wbsbram\/wp-json\/wp\/v2\/posts\/1101\/revisions"}],"predecessor-version":[{"id":1119,"href":"https:\/\/wordpress.nibis.de\/wbsbram\/wp-json\/wp\/v2\/posts\/1101\/revisions\/1119"}],"wp:featuredmedia":[{"embeddable":true,"href":"https:\/\/wordpress.nibis.de\/wbsbram\/wp-json\/wp\/v2\/media\/1102"}],"wp:attachment":[{"href":"https:\/\/wordpress.nibis.de\/wbsbram\/wp-json\/wp\/v2\/media?parent=1101"}],"wp:term":[{"taxonomy":"category","embeddable":true,"href":"https:\/\/wordpress.nibis.de\/wbsbram\/wp-json\/wp\/v2\/categories?post=1101"},{"taxonomy":"post_tag","embeddable":true,"href":"https:\/\/wordpress.nibis.de\/wbsbram\/wp-json\/wp\/v2\/tags?post=1101"}],"curies":[{"name":"wp","href":"https:\/\/api.w.org\/{rel}","templated":true}]}}