{"id":1124,"date":"2025-03-05T11:02:58","date_gmt":"2025-03-05T10:02:58","guid":{"rendered":"https:\/\/wordpress.nibis.de\/wbsbram\/?p=1124"},"modified":"2025-08-26T22:00:15","modified_gmt":"2025-08-26T20:00:15","slug":"betriebsbesichtigungen","status":"publish","type":"post","link":"https:\/\/wordpress.nibis.de\/wbsbram\/2025\/03\/05\/betriebsbesichtigungen\/","title":{"rendered":"Betriebsbesichtigungen"},"content":{"rendered":"\n<figure class=\"wp-block-image size-full is-resized\"><img loading=\"lazy\" decoding=\"async\" src=\"https:\/\/wordpress.nibis.de\/wbsbram\/files\/2025\/03\/20250228_114009n.jpg\" alt=\"\" class=\"wp-image-1141\" width=\"740\" height=\"513\" srcset=\"https:\/\/wordpress.nibis.de\/wbsbram\/files\/2025\/03\/20250228_114009n.jpg 800w, https:\/\/wordpress.nibis.de\/wbsbram\/files\/2025\/03\/20250228_114009n-300x208.jpg 300w, https:\/\/wordpress.nibis.de\/wbsbram\/files\/2025\/03\/20250228_114009n-768x533.jpg 768w\" sizes=\"auto, (max-width: 740px) 100vw, 740px\" \/><\/figure>\n\n\n\n<p>Im Fr\u00fchjahr 2025 nehmen einige Sch\u00fcler:innen der Sekundarstufe 2 an Berufsorientierungs-Modulen mit der Akademie \u00dcberlingen teil. Im 2. Modul wurden mehrere Betriebe besucht.<\/p>\n\n\n\n<!--more-->\n\n\n\n<p>Im 1. Modul wurden in einer Potentialanalyse die St\u00e4rken und Entwicklungs-M\u00f6glichkeiten festgestellt und mit den Eltern besprochen. Im M\u00e4rz haben dann einige Betriebsbesichtigungen stattgefunden:<\/p>\n\n\n\n<p>Der erste Besuch fand bei <strong>Metallbau Renzenbrink <\/strong>in Engter statt. Dort haben die Sch\u00fcler:innen die verschiedenen Maschinen und T\u00e4tigkeiten in der Metallbearbeitung kennengelernt.<\/p>\n\n\n\n<p>Dann wurde das <strong>Logistikzentrum von B\u00fcnting<\/strong> in Wallenhorst besucht. Dort standen der Aufbau des Lagers und die Prozesse f\u00fcr die rechtzeitige Lieferung im Vordergrund. Beeindruckend waren vor allem die H\u00f6he der Regale und die Vielzahl an Gabelstaplern.<\/p>\n\n\n\n<p>Im <strong>Betriebshof der Stadt Bramsche<\/strong> wurden die Maschinen und T\u00e4tigkeiten kennengelernt, die f\u00fcr die Pflege der Gr\u00fcnfl\u00e4chen und Stra\u00dfen erforderlich sind. <\/p>\n\n\n\n<p>Zudem wurde der <strong>bauXpert-Markt Seelmeyer<\/strong> in Neuenkirchen besucht. Hier haben die Sch\u00fcler:innen das Lager und die verschiedenen Abteilungen erkundet. Au\u00dferdem hatten sie die Aufgabe, verschiedene Artikel nach bestimmten Kriterien (z.B. Sorte, Farbe, Haltbarkeit) in Regale zu verr\u00e4umen.<\/p>\n\n\n\n<p>In der <strong>Tischlerei Eckelmann<\/strong> in Rieste durften die Sch\u00fcler:innen selber Hand anlegen und haben einen einen Nistkasten f\u00fcr Rotkehlchen hergestellt.<\/p>\n\n\n\n<p>Alle Besichtigungen waren sehr interessant. Vielen Dank an die Betriebe! Die Sch\u00fcler:innen lernten einiges \u00fcber die Arbeitswelt und bekamen Anregungen f\u00fcr ihr k\u00fcnftiges Berufsleben.<\/p>\n\n\n\n<p>Im Mai gehen die Sch\u00fcler:innen im 3. Modul dann ins Praktikum. Dort lernen sie zwei Wochen lang die T\u00e4tigkeiten in einem Betrieb kennen und bringen sich in die Arbeit ein. Die Erfahrungen werden anschlie\u00dfend ausgewertet, um weitere erfolgreiche Schritte ins Berufsleben zu machen.<\/p>\n\n\n\n<figure class=\"wp-block-image size-full\"><img loading=\"lazy\" decoding=\"async\" width=\"640\" height=\"426\" src=\"https:\/\/wordpress.nibis.de\/wbsbram\/files\/2025\/03\/IMG_7828.jpg\" alt=\"\" class=\"wp-image-1142\" srcset=\"https:\/\/wordpress.nibis.de\/wbsbram\/files\/2025\/03\/IMG_7828.jpg 640w, https:\/\/wordpress.nibis.de\/wbsbram\/files\/2025\/03\/IMG_7828-300x200.jpg 300w, https:\/\/wordpress.nibis.de\/wbsbram\/files\/2025\/03\/IMG_7828-75x50.jpg 75w\" sizes=\"auto, (max-width: 640px) 100vw, 640px\" \/><\/figure>\n\n\n\n<figure class=\"wp-block-image size-full is-resized\"><img loading=\"lazy\" decoding=\"async\" src=\"https:\/\/wordpress.nibis.de\/wbsbram\/files\/2025\/03\/20250225_101606.jpg\" alt=\"\" class=\"wp-image-1138\" width=\"646\" height=\"396\" srcset=\"https:\/\/wordpress.nibis.de\/wbsbram\/files\/2025\/03\/20250225_101606.jpg 800w, https:\/\/wordpress.nibis.de\/wbsbram\/files\/2025\/03\/20250225_101606-300x184.jpg 300w, https:\/\/wordpress.nibis.de\/wbsbram\/files\/2025\/03\/20250225_101606-768x470.jpg 768w\" sizes=\"auto, (max-width: 646px) 100vw, 646px\" \/><\/figure>\n\n\n\n<figure class=\"wp-block-image size-full\"><img loading=\"lazy\" decoding=\"async\" width=\"594\" height=\"400\" src=\"https:\/\/wordpress.nibis.de\/wbsbram\/files\/2025\/03\/IMG_7857.jpg\" alt=\"\" class=\"wp-image-1143\" srcset=\"https:\/\/wordpress.nibis.de\/wbsbram\/files\/2025\/03\/IMG_7857.jpg 594w, https:\/\/wordpress.nibis.de\/wbsbram\/files\/2025\/03\/IMG_7857-300x202.jpg 300w, https:\/\/wordpress.nibis.de\/wbsbram\/files\/2025\/03\/IMG_7857-75x50.jpg 75w\" sizes=\"auto, (max-width: 594px) 100vw, 594px\" \/><\/figure>\n\n\n\n<figure class=\"wp-block-image size-full is-resized\"><img loading=\"lazy\" decoding=\"async\" src=\"https:\/\/wordpress.nibis.de\/wbsbram\/files\/2025\/03\/20250227_092709.jpg\" alt=\"\" class=\"wp-image-1139\" width=\"665\" height=\"374\" srcset=\"https:\/\/wordpress.nibis.de\/wbsbram\/files\/2025\/03\/20250227_092709.jpg 800w, https:\/\/wordpress.nibis.de\/wbsbram\/files\/2025\/03\/20250227_092709-300x169.jpg 300w, https:\/\/wordpress.nibis.de\/wbsbram\/files\/2025\/03\/20250227_092709-768x432.jpg 768w\" sizes=\"auto, (max-width: 665px) 100vw, 665px\" \/><\/figure>\n\n\n\n<figure class=\"wp-block-image size-full is-resized\"><img loading=\"lazy\" decoding=\"async\" src=\"https:\/\/wordpress.nibis.de\/wbsbram\/files\/2025\/03\/20250228_112629.jpg\" alt=\"\" class=\"wp-image-1140\" width=\"735\" height=\"413\" srcset=\"https:\/\/wordpress.nibis.de\/wbsbram\/files\/2025\/03\/20250228_112629.jpg 800w, https:\/\/wordpress.nibis.de\/wbsbram\/files\/2025\/03\/20250228_112629-300x169.jpg 300w, https:\/\/wordpress.nibis.de\/wbsbram\/files\/2025\/03\/20250228_112629-768x432.jpg 768w\" sizes=\"auto, (max-width: 735px) 100vw, 735px\" \/><\/figure>\n","protected":false},"excerpt":{"rendered":"<p>Im Fr\u00fchjahr 2025 nehmen einige Sch\u00fcler:innen der Sekundarstufe 2 an Berufsorientierungs-Modulen mit der Akademie \u00dcberlingen teil. Im 2. Modul wurden mehrere Betriebe besucht.<\/p>\n","protected":false},"author":9194125,"featured_media":1141,"comment_status":"closed","ping_status":"closed","sticky":false,"template":"","format":"standard","meta":{"footnotes":""},"categories":[11],"tags":[],"class_list":["post-1124","post","type-post","status-publish","format-standard","has-post-thumbnail","hentry","category-schuljahr-2024-2025"],"_links":{"self":[{"href":"https:\/\/wordpress.nibis.de\/wbsbram\/wp-json\/wp\/v2\/posts\/1124","targetHints":{"allow":["GET"]}}],"collection":[{"href":"https:\/\/wordpress.nibis.de\/wbsbram\/wp-json\/wp\/v2\/posts"}],"about":[{"href":"https:\/\/wordpress.nibis.de\/wbsbram\/wp-json\/wp\/v2\/types\/post"}],"author":[{"embeddable":true,"href":"https:\/\/wordpress.nibis.de\/wbsbram\/wp-json\/wp\/v2\/users\/9194125"}],"replies":[{"embeddable":true,"href":"https:\/\/wordpress.nibis.de\/wbsbram\/wp-json\/wp\/v2\/comments?post=1124"}],"version-history":[{"count":4,"href":"https:\/\/wordpress.nibis.de\/wbsbram\/wp-json\/wp\/v2\/posts\/1124\/revisions"}],"predecessor-version":[{"id":1152,"href":"https:\/\/wordpress.nibis.de\/wbsbram\/wp-json\/wp\/v2\/posts\/1124\/revisions\/1152"}],"wp:featuredmedia":[{"embeddable":true,"href":"https:\/\/wordpress.nibis.de\/wbsbram\/wp-json\/wp\/v2\/media\/1141"}],"wp:attachment":[{"href":"https:\/\/wordpress.nibis.de\/wbsbram\/wp-json\/wp\/v2\/media?parent=1124"}],"wp:term":[{"taxonomy":"category","embeddable":true,"href":"https:\/\/wordpress.nibis.de\/wbsbram\/wp-json\/wp\/v2\/categories?post=1124"},{"taxonomy":"post_tag","embeddable":true,"href":"https:\/\/wordpress.nibis.de\/wbsbram\/wp-json\/wp\/v2\/tags?post=1124"}],"curies":[{"name":"wp","href":"https:\/\/api.w.org\/{rel}","templated":true}]}}