{"id":1153,"date":"2025-03-08T23:54:35","date_gmt":"2025-03-08T22:54:35","guid":{"rendered":"https:\/\/wordpress.nibis.de\/wbsbram\/?p=1153"},"modified":"2025-08-26T22:00:02","modified_gmt":"2025-08-26T20:00:02","slug":"infoabend-am-01-04-25","status":"publish","type":"post","link":"https:\/\/wordpress.nibis.de\/wbsbram\/2025\/03\/08\/infoabend-am-01-04-25\/","title":{"rendered":"Infoabend am 01.04.2025"},"content":{"rendered":"\n<figure class=\"wp-block-image size-large is-resized\"><img loading=\"lazy\" decoding=\"async\" src=\"https:\/\/wordpress.nibis.de\/wbsbram\/files\/2025\/03\/Praesentation1-1024x576.jpg\" alt=\"\" class=\"wp-image-1155\" width=\"658\" height=\"370\" \/><\/figure>\n\n\n\n<p>Wir laden am 01.04.2025 um 18 Uhr herzlich zu einem Informationsabend f\u00fcr interessierte Eltern und Erziehungsberechtigte ein, die in Erw\u00e4gung ziehen, Ihr Kind im n\u00e4chsten Schuljahr an unserer Schule anzumelden.<\/p>\n\n\n\n<!--more-->\n\n\n\n<p>Melden Sie sich gerne vor der Veranstaltung telefonisch bei uns an. Sie erreichen uns w\u00e4hrend der Schul\u00f6ffnungszeiten unter 05461\/3210.<\/p>\n","protected":false},"excerpt":{"rendered":"<p>Wir laden am 01.04.2025 um 18 Uhr herzlich zu einem Informationsabend f\u00fcr interessierte Eltern und Erziehungsberechtigte ein, die in Erw\u00e4gung ziehen, Ihr Kind im n\u00e4chsten Schuljahr an unserer Schule anzumelden.<\/p>\n","protected":false},"author":9194125,"featured_media":0,"comment_status":"closed","ping_status":"closed","sticky":false,"template":"","format":"standard","meta":{"footnotes":""},"categories":[11],"tags":[],"class_list":["post-1153","post","type-post","status-publish","format-standard","hentry","category-schuljahr-2024-2025"],"_links":{"self":[{"href":"https:\/\/wordpress.nibis.de\/wbsbram\/wp-json\/wp\/v2\/posts\/1153","targetHints":{"allow":["GET"]}}],"collection":[{"href":"https:\/\/wordpress.nibis.de\/wbsbram\/wp-json\/wp\/v2\/posts"}],"about":[{"href":"https:\/\/wordpress.nibis.de\/wbsbram\/wp-json\/wp\/v2\/types\/post"}],"author":[{"embeddable":true,"href":"https:\/\/wordpress.nibis.de\/wbsbram\/wp-json\/wp\/v2\/users\/9194125"}],"replies":[{"embeddable":true,"href":"https:\/\/wordpress.nibis.de\/wbsbram\/wp-json\/wp\/v2\/comments?post=1153"}],"version-history":[{"count":6,"href":"https:\/\/wordpress.nibis.de\/wbsbram\/wp-json\/wp\/v2\/posts\/1153\/revisions"}],"predecessor-version":[{"id":1199,"href":"https:\/\/wordpress.nibis.de\/wbsbram\/wp-json\/wp\/v2\/posts\/1153\/revisions\/1199"}],"wp:attachment":[{"href":"https:\/\/wordpress.nibis.de\/wbsbram\/wp-json\/wp\/v2\/media?parent=1153"}],"wp:term":[{"taxonomy":"category","embeddable":true,"href":"https:\/\/wordpress.nibis.de\/wbsbram\/wp-json\/wp\/v2\/categories?post=1153"},{"taxonomy":"post_tag","embeddable":true,"href":"https:\/\/wordpress.nibis.de\/wbsbram\/wp-json\/wp\/v2\/tags?post=1153"}],"curies":[{"name":"wp","href":"https:\/\/api.w.org\/{rel}","templated":true}]}}