{"id":1162,"date":"2025-03-12T09:23:07","date_gmt":"2025-03-12T08:23:07","guid":{"rendered":"https:\/\/wordpress.nibis.de\/wbsbram\/?p=1162"},"modified":"2025-08-26T22:00:36","modified_gmt":"2025-08-26T20:00:36","slug":"fabulara-foerderung-von-lesespass","status":"publish","type":"post","link":"https:\/\/wordpress.nibis.de\/wbsbram\/2025\/03\/12\/fabulara-foerderung-von-lesespass\/","title":{"rendered":"Fabulara &#8211; Lesespa\u00df f\u00f6rdern"},"content":{"rendered":"\n<figure class=\"wp-block-image size-large is-resized\"><img loading=\"lazy\" decoding=\"async\" src=\"https:\/\/wordpress.nibis.de\/wbsbram\/files\/2025\/03\/IMG_0135-1024x735.jpeg\" alt=\"\" class=\"wp-image-1164\" width=\"685\" height=\"490\" \/><\/figure>\n\n\n\n<p>Fabulara &#8211; ein Projekt zur F\u00f6rderung von Lesespa\u00df &#8211; war wieder bei uns und hat uns erneut in die Wunderwelt der B\u00fccher entf\u00fchrt. <\/p>\n\n\n\n<!--more-->\n\n\n\n<p>Nachdem die Primarstufen im Herbst ein kleines Theaterst\u00fcck mit Gesang und viel Interaktion genie\u00dfen durften, konnten nun die Klassen 1 und 2 an einem kleinen Workshop teilnehmen. Die Kinder wurden in die Fantasiewelt der B\u00fccher eingeladen. Sie haben sich magische Wesen und geheime Orte vorgestellt und so erfahren, welche Macht die Fantasie hat und wie Geschichten den Weg in diese Welt herstellen k\u00f6nnen. Auf einem Lesezeichen durften die Kinder zum Ende ihre Fantasien malerisch festhalten.<\/p>\n\n\n\n<figure class=\"wp-block-image size-large is-resized\"><img loading=\"lazy\" decoding=\"async\" src=\"https:\/\/wordpress.nibis.de\/wbsbram\/files\/2025\/03\/IMG_0140-1024x753.jpeg\" alt=\"\" class=\"wp-image-1163\" width=\"693\" height=\"509\" srcset=\"https:\/\/wordpress.nibis.de\/wbsbram\/files\/2025\/03\/IMG_0140-1024x753.jpeg 1024w, https:\/\/wordpress.nibis.de\/wbsbram\/files\/2025\/03\/IMG_0140-300x221.jpeg 300w, https:\/\/wordpress.nibis.de\/wbsbram\/files\/2025\/03\/IMG_0140-768x565.jpeg 768w, https:\/\/wordpress.nibis.de\/wbsbram\/files\/2025\/03\/IMG_0140-1536x1130.jpeg 1536w, https:\/\/wordpress.nibis.de\/wbsbram\/files\/2025\/03\/IMG_0140-2048x1506.jpeg 2048w\" sizes=\"auto, (max-width: 693px) 100vw, 693px\" \/><\/figure>\n\n\n\n<figure class=\"wp-block-image size-full is-resized\"><img loading=\"lazy\" decoding=\"async\" src=\"https:\/\/wordpress.nibis.de\/wbsbram\/files\/2024\/12\/DSC04580b-1.jpg\" alt=\"\" class=\"wp-image-890\" width=\"695\" height=\"428\" srcset=\"https:\/\/wordpress.nibis.de\/wbsbram\/files\/2024\/12\/DSC04580b-1.jpg 716w, https:\/\/wordpress.nibis.de\/wbsbram\/files\/2024\/12\/DSC04580b-1-300x185.jpg 300w\" sizes=\"auto, (max-width: 695px) 100vw, 695px\" \/><\/figure>\n","protected":false},"excerpt":{"rendered":"<p>Fabulara &#8211; ein Projekt zur F\u00f6rderung von Lesespa\u00df &#8211; war wieder bei uns und hat uns erneut in die Wunderwelt der B\u00fccher entf\u00fchrt.<\/p>\n","protected":false},"author":9194125,"featured_media":1164,"comment_status":"closed","ping_status":"closed","sticky":false,"template":"","format":"standard","meta":{"footnotes":""},"categories":[11],"tags":[],"class_list":["post-1162","post","type-post","status-publish","format-standard","has-post-thumbnail","hentry","category-schuljahr-2024-2025"],"_links":{"self":[{"href":"https:\/\/wordpress.nibis.de\/wbsbram\/wp-json\/wp\/v2\/posts\/1162","targetHints":{"allow":["GET"]}}],"collection":[{"href":"https:\/\/wordpress.nibis.de\/wbsbram\/wp-json\/wp\/v2\/posts"}],"about":[{"href":"https:\/\/wordpress.nibis.de\/wbsbram\/wp-json\/wp\/v2\/types\/post"}],"author":[{"embeddable":true,"href":"https:\/\/wordpress.nibis.de\/wbsbram\/wp-json\/wp\/v2\/users\/9194125"}],"replies":[{"embeddable":true,"href":"https:\/\/wordpress.nibis.de\/wbsbram\/wp-json\/wp\/v2\/comments?post=1162"}],"version-history":[{"count":3,"href":"https:\/\/wordpress.nibis.de\/wbsbram\/wp-json\/wp\/v2\/posts\/1162\/revisions"}],"predecessor-version":[{"id":1170,"href":"https:\/\/wordpress.nibis.de\/wbsbram\/wp-json\/wp\/v2\/posts\/1162\/revisions\/1170"}],"wp:featuredmedia":[{"embeddable":true,"href":"https:\/\/wordpress.nibis.de\/wbsbram\/wp-json\/wp\/v2\/media\/1164"}],"wp:attachment":[{"href":"https:\/\/wordpress.nibis.de\/wbsbram\/wp-json\/wp\/v2\/media?parent=1162"}],"wp:term":[{"taxonomy":"category","embeddable":true,"href":"https:\/\/wordpress.nibis.de\/wbsbram\/wp-json\/wp\/v2\/categories?post=1162"},{"taxonomy":"post_tag","embeddable":true,"href":"https:\/\/wordpress.nibis.de\/wbsbram\/wp-json\/wp\/v2\/tags?post=1162"}],"curies":[{"name":"wp","href":"https:\/\/api.w.org\/{rel}","templated":true}]}}