{"id":1188,"date":"2025-03-18T16:29:34","date_gmt":"2025-03-18T15:29:34","guid":{"rendered":"https:\/\/wordpress.nibis.de\/wbsbram\/?p=1188"},"modified":"2025-08-26T22:00:47","modified_gmt":"2025-08-26T20:00:47","slug":"weil-es-wichtig-ist-kritisch-zu-sein","status":"publish","type":"post","link":"https:\/\/wordpress.nibis.de\/wbsbram\/2025\/03\/18\/weil-es-wichtig-ist-kritisch-zu-sein\/","title":{"rendered":"\u201eWeil es wichtig ist, kritisch zu sein\u201c"},"content":{"rendered":"\n<p>&#8211; Sch\u00fclerzeitung der WBS wird bei Wettbewerben ausgezeichnet<\/p>\n\n\n\n<figure class=\"wp-block-image size-large is-resized\"><img loading=\"lazy\" decoding=\"async\" src=\"https:\/\/wordpress.nibis.de\/wbsbram\/files\/2025\/03\/Foto-06.03.25-11-38-06-1024x768.jpg\" alt=\"\" class=\"wp-image-1189\" width=\"639\" height=\"479\" srcset=\"https:\/\/wordpress.nibis.de\/wbsbram\/files\/2025\/03\/Foto-06.03.25-11-38-06-1024x768.jpg 1024w, https:\/\/wordpress.nibis.de\/wbsbram\/files\/2025\/03\/Foto-06.03.25-11-38-06-300x225.jpg 300w, https:\/\/wordpress.nibis.de\/wbsbram\/files\/2025\/03\/Foto-06.03.25-11-38-06-768x576.jpg 768w, https:\/\/wordpress.nibis.de\/wbsbram\/files\/2025\/03\/Foto-06.03.25-11-38-06-1536x1152.jpg 1536w, https:\/\/wordpress.nibis.de\/wbsbram\/files\/2025\/03\/Foto-06.03.25-11-38-06-2048x1536.jpg 2048w\" sizes=\"auto, (max-width: 639px) 100vw, 639px\" \/><\/figure>\n\n\n\n<!--more-->\n\n\n\n<p>Auch in diesem Jahr haben sich wieder die besten Sch\u00fcler:innenzeitungen Niedersachsen in Wettbewerben gegeneinander gemessen. Einer dieser Zeitungen: Die Sch\u00fclerzeitung Newshunter der Wilhelm-Busch-Schule in Bramsche. Die Sch\u00fclerzeitung der WBS in Bramsche organisiert sich als Sch\u00fclerfirma. Deshalb besteht die Redaktion jedes Jahr aus drei bis vier Sch\u00fcler:innen aus den Oberstufenklassen aus dem Schulzweig Geistige Entwicklung.<\/p>\n\n\n\n<p>Die Organisation der Redaktionsarbeit \u00fcbernehmen die Sch\u00fcler:innen so selbstst\u00e4ndig wie m\u00f6glich. Dazu geh\u00f6ren die Themenauswahl, die Arbeit an den Artikeln, Berichten und Kommentaren und die redaktionelle Arbeit vor der Ver\u00f6ffentlichung. In w\u00f6chentlichen Redaktionssitzungen arbeiten die Sch\u00fcler:innen gemeinsam mit ihrer betreuenden Lehrkraft mit Nachdruck an Beitr\u00e4gen f\u00fcr die n\u00e4chste Ausgabe. Aktuell erscheint die Sch\u00fclerzeitung einmal pro Schulhalbjahr als Print-Version. Als n\u00e4chstes spannendes Projekt hat die Sch\u00fclerzeitung sich vorgenommen, online zu gehen und zuk\u00fcnftig als Blog auf einer eigenen Internetseite zu erscheinen. Die Vorbereitungen hierzu laufen bereits auf Hochtouren.<\/p>\n\n\n\n<p>Wie wichtig es ist, bei der journalistischen Arbeit aktuell, kritisch und gleichzeitig unvoreingenommen zu sein, das ist dieses Jahr eines der wichtigsten Themen bei den Preisverleihungen der Sch\u00fclerzeitungswettbewerbe. Bei der Preisverleihung des unzensiert-Wettbewerbs der Jungen Presse Niedersachsen am 06.M\u00e4rz in Hannover greifen Niedersachsens Ministerpr\u00e4sident Stephan Weil und Wiebke Osigus, Ministerin f\u00fcr Bundes- und Europaangelegenheiten und regionale Entwicklung, beide diesen Aspekt in ihren Ansprachen an die Sch\u00fcler:innen auf. W\u00e4hrend Herr Weil die Sch\u00fcler:innen daran erinnert, was f\u00fcr einen wichtigen Anteil Sch\u00fclerzeitungen an der Aufarbeitung und kritischen Reflexion von aktuellen Geschehnissen in der Welt f\u00fcr eine junge Leserschaft haben, stellt Ministerin Osigus heraus, wie viel Mut dazugeh\u00f6rt, seine Meinung aufzuschreiben, seinen Namen unter einen solchen Text zu schreiben und ihn zu ver\u00f6ffentlichen.<\/p>\n\n\n\n<figure class=\"wp-block-image size-large\"><img loading=\"lazy\" decoding=\"async\" width=\"768\" height=\"1024\" src=\"https:\/\/wordpress.nibis.de\/wbsbram\/files\/2025\/03\/Foto-06.03.25-11-52-34-768x1024.jpg\" alt=\"\" class=\"wp-image-1191\" srcset=\"https:\/\/wordpress.nibis.de\/wbsbram\/files\/2025\/03\/Foto-06.03.25-11-52-34-768x1024.jpg 768w, https:\/\/wordpress.nibis.de\/wbsbram\/files\/2025\/03\/Foto-06.03.25-11-52-34-225x300.jpg 225w, https:\/\/wordpress.nibis.de\/wbsbram\/files\/2025\/03\/Foto-06.03.25-11-52-34-1152x1536.jpg 1152w, https:\/\/wordpress.nibis.de\/wbsbram\/files\/2025\/03\/Foto-06.03.25-11-52-34-1536x2048.jpg 1536w, https:\/\/wordpress.nibis.de\/wbsbram\/files\/2025\/03\/Foto-06.03.25-11-52-34-scaled.jpg 1920w\" sizes=\"auto, (max-width: 768px) 100vw, 768px\" \/><\/figure>\n\n\n\n<p>Und auch bei der Preisverleihung des JuniorenPressPreises des VJN, dieses Jahr am 08.M\u00e4rz in Wolfsburg, erinnert Anke P\u00f6rksen, Sprecherin der Nieders\u00e4chsischen Landesregierung, dass es gerade in Zeiten von Fake News, Social Media und gro\u00dfem politischem Diskurs wichtig ist, kritisch zu bleiben und gute journalistische Arbeit zu leisten.<\/p>\n\n\n\n<p>Die Sch\u00fclerzeitung der Wilhelm-Busch-Schule Bramsche hat in diesem Jahr bewiesen, dass sie den Anspr\u00fcchen der Jurys zum journalistischen Arbeiten und zur kreativen Arbeit in den Sch\u00fclerzeitungen gerecht geworden ist: Beim unzensiert-Wettbewerb durften die Sch\u00fcler:innen die Auszeichnung f\u00fcr den zweiten Platz in der Kategorie F\u00f6rderschule entgegennehmen. Beim JuniorenPressePreis wurden sie als die beste Sch\u00fclerzeitung in der Kategorie F\u00f6rderschule mit dem ersten Platz ausgezeichnet. Ein toller Erfolg und die richtige Motivation, um weiterhin kreativ und kritisch zu berichten und die Perspektive unserer Sch\u00fcler:innen auf die Welt einzufangen.<\/p>\n\n\n\n<p><\/p>\n\n\n\n<figure class=\"wp-block-image size-large\"><img loading=\"lazy\" decoding=\"async\" width=\"1024\" height=\"923\" src=\"https:\/\/wordpress.nibis.de\/wbsbram\/files\/2025\/03\/Foto-08.03.25-11-49-53-1024x923.jpg\" alt=\"\" class=\"wp-image-1192\" srcset=\"https:\/\/wordpress.nibis.de\/wbsbram\/files\/2025\/03\/Foto-08.03.25-11-49-53-1024x923.jpg 1024w, https:\/\/wordpress.nibis.de\/wbsbram\/files\/2025\/03\/Foto-08.03.25-11-49-53-300x270.jpg 300w, https:\/\/wordpress.nibis.de\/wbsbram\/files\/2025\/03\/Foto-08.03.25-11-49-53-768x692.jpg 768w, https:\/\/wordpress.nibis.de\/wbsbram\/files\/2025\/03\/Foto-08.03.25-11-49-53-1536x1385.jpg 1536w, https:\/\/wordpress.nibis.de\/wbsbram\/files\/2025\/03\/Foto-08.03.25-11-49-53-2048x1846.jpg 2048w\" sizes=\"auto, (max-width: 1024px) 100vw, 1024px\" \/><\/figure>\n\n\n\n<p>Am 30.03.2025 ist ein Zeitungsartikel in den Bramscher Nachrichten \u00fcber die &#8222;Newshunter&#8220; erschienen:<\/p>\n\n\n\n<div class=\"wp-block-file\"><a id=\"wp-block-file--media-1299e4f1-be82-4d15-bddd-f415e4ab5b35\" href=\"https:\/\/wordpress.nibis.de\/wbsbram\/files\/2025\/03\/Schueler-in-Bramsche-fuer-eine-der-besten-Schuelerzeitungen-praemiert.pdf\">Schueler-in-Bramsche-fuer-eine-der-besten-Schuelerzeitungen-praemiert<\/a><a href=\"https:\/\/wordpress.nibis.de\/wbsbram\/files\/2025\/03\/Schueler-in-Bramsche-fuer-eine-der-besten-Schuelerzeitungen-praemiert.pdf\" class=\"wp-block-file__button\" download aria-describedby=\"wp-block-file--media-1299e4f1-be82-4d15-bddd-f415e4ab5b35\">Herunterladen<\/a><\/div>\n\n\n\n<p><\/p>\n","protected":false},"excerpt":{"rendered":"<p>&#8211; Sch\u00fclerzeitung der WBS wird bei Wettbewerben ausgezeichnet<\/p>\n","protected":false},"author":9194125,"featured_media":1190,"comment_status":"closed","ping_status":"closed","sticky":false,"template":"","format":"standard","meta":{"footnotes":""},"categories":[11],"tags":[],"class_list":["post-1188","post","type-post","status-publish","format-standard","has-post-thumbnail","hentry","category-schuljahr-2024-2025"],"_links":{"self":[{"href":"https:\/\/wordpress.nibis.de\/wbsbram\/wp-json\/wp\/v2\/posts\/1188","targetHints":{"allow":["GET"]}}],"collection":[{"href":"https:\/\/wordpress.nibis.de\/wbsbram\/wp-json\/wp\/v2\/posts"}],"about":[{"href":"https:\/\/wordpress.nibis.de\/wbsbram\/wp-json\/wp\/v2\/types\/post"}],"author":[{"embeddable":true,"href":"https:\/\/wordpress.nibis.de\/wbsbram\/wp-json\/wp\/v2\/users\/9194125"}],"replies":[{"embeddable":true,"href":"https:\/\/wordpress.nibis.de\/wbsbram\/wp-json\/wp\/v2\/comments?post=1188"}],"version-history":[{"count":4,"href":"https:\/\/wordpress.nibis.de\/wbsbram\/wp-json\/wp\/v2\/posts\/1188\/revisions"}],"predecessor-version":[{"id":1251,"href":"https:\/\/wordpress.nibis.de\/wbsbram\/wp-json\/wp\/v2\/posts\/1188\/revisions\/1251"}],"wp:featuredmedia":[{"embeddable":true,"href":"https:\/\/wordpress.nibis.de\/wbsbram\/wp-json\/wp\/v2\/media\/1190"}],"wp:attachment":[{"href":"https:\/\/wordpress.nibis.de\/wbsbram\/wp-json\/wp\/v2\/media?parent=1188"}],"wp:term":[{"taxonomy":"category","embeddable":true,"href":"https:\/\/wordpress.nibis.de\/wbsbram\/wp-json\/wp\/v2\/categories?post=1188"},{"taxonomy":"post_tag","embeddable":true,"href":"https:\/\/wordpress.nibis.de\/wbsbram\/wp-json\/wp\/v2\/tags?post=1188"}],"curies":[{"name":"wp","href":"https:\/\/api.w.org\/{rel}","templated":true}]}}