{"id":1255,"date":"2025-04-03T08:34:08","date_gmt":"2025-04-03T06:34:08","guid":{"rendered":"https:\/\/wordpress.nibis.de\/wbsbram\/?p=1255"},"modified":"2025-08-26T22:00:58","modified_gmt":"2025-08-26T20:00:58","slug":"danke-und-auf-wiedersehen","status":"publish","type":"post","link":"https:\/\/wordpress.nibis.de\/wbsbram\/2025\/04\/03\/danke-und-auf-wiedersehen\/","title":{"rendered":"Danke und auf Wiedersehen!"},"content":{"rendered":"\n<p>In der letzten Woche haben die Sch\u00fcler:innen und Mitarbeitenden der WBS die langj\u00e4hrige Kollegin Frau Gramer in den wohlverdienten Ruhestand verabschiedet. <\/p>\n\n\n\n<!--more-->\n\n\n\n<figure class=\"wp-block-image size-large\"><img loading=\"lazy\" decoding=\"async\" width=\"1024\" height=\"994\" src=\"https:\/\/wordpress.nibis.de\/wbsbram\/files\/2025\/04\/IMG_2925-1024x994.jpeg\" alt=\"\" class=\"wp-image-1256\" srcset=\"https:\/\/wordpress.nibis.de\/wbsbram\/files\/2025\/04\/IMG_2925-1024x994.jpeg 1024w, https:\/\/wordpress.nibis.de\/wbsbram\/files\/2025\/04\/IMG_2925-300x291.jpeg 300w, https:\/\/wordpress.nibis.de\/wbsbram\/files\/2025\/04\/IMG_2925-768x745.jpeg 768w, https:\/\/wordpress.nibis.de\/wbsbram\/files\/2025\/04\/IMG_2925-1536x1491.jpeg 1536w, https:\/\/wordpress.nibis.de\/wbsbram\/files\/2025\/04\/IMG_2925-2048x1987.jpeg 2048w\" sizes=\"auto, (max-width: 1024px) 100vw, 1024px\" \/><\/figure>\n\n\n\n<p>Doris Gramer war seit 2006 Ergotherapeutin an der WBS und ein wichtiger Bestandteil unserer Schulgemeinschaft. In der letzten Woche haben die Sch\u00fcler:innen und Mitarbeitenden der WBS nicht nur Tsch\u00fcss, sondern auch Danke gesagt f\u00fcr eine tolle gemeinsame Zeit an unserer Schule, f\u00fcr lehrreiche Momente, f\u00fcr ihre Herzlichkeit und ihr nicht endendes Engagement.<br>Auf Wiedersehen, Frau Gramer.  <\/p>\n","protected":false},"excerpt":{"rendered":"<p>In der letzten Woche haben die Sch\u00fcler:innen und Mitarbeitenden der WBS die langj\u00e4hrige Kollegin Frau Gramer in den wohlverdienten Ruhestand verabschiedet.<\/p>\n","protected":false},"author":9194125,"featured_media":1256,"comment_status":"closed","ping_status":"closed","sticky":false,"template":"","format":"standard","meta":{"footnotes":""},"categories":[11],"tags":[],"class_list":["post-1255","post","type-post","status-publish","format-standard","has-post-thumbnail","hentry","category-schuljahr-2024-2025"],"_links":{"self":[{"href":"https:\/\/wordpress.nibis.de\/wbsbram\/wp-json\/wp\/v2\/posts\/1255","targetHints":{"allow":["GET"]}}],"collection":[{"href":"https:\/\/wordpress.nibis.de\/wbsbram\/wp-json\/wp\/v2\/posts"}],"about":[{"href":"https:\/\/wordpress.nibis.de\/wbsbram\/wp-json\/wp\/v2\/types\/post"}],"author":[{"embeddable":true,"href":"https:\/\/wordpress.nibis.de\/wbsbram\/wp-json\/wp\/v2\/users\/9194125"}],"replies":[{"embeddable":true,"href":"https:\/\/wordpress.nibis.de\/wbsbram\/wp-json\/wp\/v2\/comments?post=1255"}],"version-history":[{"count":7,"href":"https:\/\/wordpress.nibis.de\/wbsbram\/wp-json\/wp\/v2\/posts\/1255\/revisions"}],"predecessor-version":[{"id":1516,"href":"https:\/\/wordpress.nibis.de\/wbsbram\/wp-json\/wp\/v2\/posts\/1255\/revisions\/1516"}],"wp:featuredmedia":[{"embeddable":true,"href":"https:\/\/wordpress.nibis.de\/wbsbram\/wp-json\/wp\/v2\/media\/1256"}],"wp:attachment":[{"href":"https:\/\/wordpress.nibis.de\/wbsbram\/wp-json\/wp\/v2\/media?parent=1255"}],"wp:term":[{"taxonomy":"category","embeddable":true,"href":"https:\/\/wordpress.nibis.de\/wbsbram\/wp-json\/wp\/v2\/categories?post=1255"},{"taxonomy":"post_tag","embeddable":true,"href":"https:\/\/wordpress.nibis.de\/wbsbram\/wp-json\/wp\/v2\/tags?post=1255"}],"curies":[{"name":"wp","href":"https:\/\/api.w.org\/{rel}","templated":true}]}}